{"id":4208,"date":"2012-07-18T13:20:50","date_gmt":"2012-07-18T11:20:50","guid":{"rendered":"http:\/\/www.ulisseland.com\/journal\/?p=4208&#038;lang=it"},"modified":"2015-09-07T05:04:11","modified_gmt":"2015-09-07T03:04:11","slug":"formia-il-consiglio-delibera-il-programma-di-interventi-sullhousing-sociale","status":"publish","type":"post","link":"https:\/\/www.ulisseland.com\/journal\/formia-il-consiglio-delibera-il-programma-di-interventi-sullhousing-sociale\/","title":{"rendered":"FORMIA: Il Consiglio delibera il programma di interventi sull\u2019housing sociale"},"content":{"rendered":"<figure id=\"attachment_4209\" aria-describedby=\"caption-attachment-4209\" style=\"width: 150px\" class=\"wp-caption alignleft\"><a href=\"https:\/\/www.ulisseland.com\/journal\/wp-content\/uploads\/2012\/07\/forte.jpg\"><img loading=\"lazy\" decoding=\"async\" class=\"size-thumbnail wp-image-4209\" title=\"forte\" src=\"https:\/\/www.ulisseland.com\/journal\/wp-content\/uploads\/2012\/07\/forte-150x150.jpg\" alt=\"\" width=\"150\" height=\"150\" srcset=\"https:\/\/www.ulisseland.com\/journal\/wp-content\/uploads\/2012\/07\/forte-150x150.jpg 150w, https:\/\/www.ulisseland.com\/journal\/wp-content\/uploads\/2012\/07\/forte-50x50.jpg 50w\" sizes=\"auto, (max-width: 150px) 100vw, 150px\" \/><\/a><figcaption id=\"caption-attachment-4209\" class=\"wp-caption-text\">Il Sindaco Sen. Michele Forte<\/figcaption><\/figure>\n<p>Prende il via il primo programma per l\u2019housing sociale, il piano che dovr\u00e0 garantire un forte impulso alla costruzione, al recupero e all\u2019acquisto di nuovi alloggi da destinare all\u2019edilizia popolare<br \/>\nIl Comune di Formia \u00e8 stato inserito dalla regione Lazio negli elenchi dichiarati ad alta tensione abitativa, in uno stato di emergenza e di contingenza in ordine alle condizioni abitative delle fasce di cittadini meno abbienti. Proprio per far fronte ad una criticit\u00e0 che ha assunto i contorni di una vera e propria emergenza abitativa, colpendo le fasce pi\u00f9 deboli esclusi dal libero mercato degli alloggi, il consiglio comunale ha deliberato nella seduta di mercoled\u00ec il programma d housing sociale in linea con gli indirizzi\u00a0 in materia del piano regionale.<a href=\"http:\/\/www.east-inflatables.co.uk\/p\/016004.html\">buy uk kids water totter toys<\/a><\/p>\n<p>La proposta \u2013 discussa e votata dal consiglio comunale \u2013 fa riferimento\u00a0 alla riqualificazione urbanistica da gestire in locazione calmierata per categorie sociali svantaggiate, all\u2019interno del piano di zona di Penitro, su area di propriet\u00e0 dell\u2019Amministrazione Comunale, cos\u00ec come previsto dal programma redatto dal servizio urbanistica dell\u2019Ente. L\u2019ambito di Penitro prevede l\u2019individuazione di aree pubbliche di raccordo tra le parti urbanizzate; la dotazione di aree e servizi pubblici per i nuovi abitanti da insediare e quelli insediati; la dotazione di un patrimonio di alloggi ( pubblici o privati convenzionati) atti a soddisfare la domanda insediativi delle famiglie a basso reddito o in condizioni disagiate;<\/p>\n<p align=\"left\">Con la messa in cantiere dell\u2019housing sociale \u2013 dichiara il sindaco &#8211; questo governo cittadino si propone di dare risposte concrete al fabbisogno abitativo, una emergenza che allo stato attuale penalizza parte della popolazione locale impossibilitata ad accedere al libero mercato di edilizia privata non riuscendo a soddisfare il bisogno primario della casa. Il nostro compito amministrativo \u00e8 far s\u00ec che si creino le condizioni per invertire la tendenza del mercato e favorire una programmazione di sviluppo abitativo consona ai bisogni di una larga fascia di persone che non dispongono di risorse economiche sufficienti per poter\u00a0 aspirare ad un alloggio proprio. L\u2019indirizzo amministrativo risponde quindi alle esigenze del bisogno sociale su una materia come la casa, un bene prioritario nel bilancio di una famiglia\u201d.<\/p>\n<figure id=\"attachment_4210\" aria-describedby=\"caption-attachment-4210\" style=\"width: 205px\" class=\"wp-caption alignright\"><a href=\"https:\/\/www.ulisseland.com\/journal\/wp-content\/uploads\/2012\/07\/Benedetto_Assaiante.jpg\"><img loading=\"lazy\" decoding=\"async\" class=\"size-medium wp-image-4210\" title=\"Benedetto_Assaiante\" src=\"https:\/\/www.ulisseland.com\/journal\/wp-content\/uploads\/2012\/07\/Benedetto_Assaiante-205x300.jpg\" alt=\"\" width=\"205\" height=\"300\" srcset=\"https:\/\/www.ulisseland.com\/journal\/wp-content\/uploads\/2012\/07\/Benedetto_Assaiante-205x300.jpg 205w, https:\/\/www.ulisseland.com\/journal\/wp-content\/uploads\/2012\/07\/Benedetto_Assaiante-600x877.jpg 600w, https:\/\/www.ulisseland.com\/journal\/wp-content\/uploads\/2012\/07\/Benedetto_Assaiante.jpg 623w\" sizes=\"auto, (max-width: 205px) 100vw, 205px\" \/><\/a><figcaption id=\"caption-attachment-4210\" class=\"wp-caption-text\">Benedetto Assaiante Vicesindaco<\/figcaption><\/figure>\n<p align=\"left\">\nNel deliberare su questo punto \u2013 afferma l\u2019assessore all\u2019urbanistica Benedetto Assaiante &#8211; il Comune di Formia ha il merito di aver affrontato in tempi rapidi il problema, rispondendo &#8211; tra i primi nel Lazio &#8211; al programma regionale di interventi finalizzati ad incrementare l\u2019offerta di alloggi in housing sociale nel rispetto del quadro normativo generale previsto dal Piano Casa\u201d.<\/p>\n<p>&nbsp;<\/p>\n<p>Il Direttore: Dott. Sergio Monforte<\/p>\n","protected":false},"excerpt":{"rendered":"<p>Prende il via il primo programma per l\u2019housing sociale, il piano che dovr\u00e0 garantire un forte impulso alla costruzione, al recupero e all\u2019acquisto di nuovi alloggi da destinare all\u2019edilizia popolare Il Comune di Formia \u00e8 stato inserito dalla regione Lazio negli elenchi dichiarati ad alta tensione abitativa, in uno stato di emergenza e di contingenza<\/p>\n","protected":false},"author":1,"featured_media":0,"comment_status":"open","ping_status":"open","sticky":false,"template":"","format":"standard","meta":{"footnotes":""},"categories":[14,11],"tags":[],"class_list":["post-4208","post","type-post","status-publish","format-standard","hentry","category-comune-di-formia","category-enti"],"_links":{"self":[{"href":"https:\/\/www.ulisseland.com\/journal\/wp-json\/wp\/v2\/posts\/4208","targetHints":{"allow":["GET"]}}],"collection":[{"href":"https:\/\/www.ulisseland.com\/journal\/wp-json\/wp\/v2\/posts"}],"about":[{"href":"https:\/\/www.ulisseland.com\/journal\/wp-json\/wp\/v2\/types\/post"}],"author":[{"embeddable":true,"href":"https:\/\/www.ulisseland.com\/journal\/wp-json\/wp\/v2\/users\/1"}],"replies":[{"embeddable":true,"href":"https:\/\/www.ulisseland.com\/journal\/wp-json\/wp\/v2\/comments?post=4208"}],"version-history":[{"count":3,"href":"https:\/\/www.ulisseland.com\/journal\/wp-json\/wp\/v2\/posts\/4208\/revisions"}],"predecessor-version":[{"id":4212,"href":"https:\/\/www.ulisseland.com\/journal\/wp-json\/wp\/v2\/posts\/4208\/revisions\/4212"}],"wp:attachment":[{"href":"https:\/\/www.ulisseland.com\/journal\/wp-json\/wp\/v2\/media?parent=4208"}],"wp:term":[{"taxonomy":"category","embeddable":true,"href":"https:\/\/www.ulisseland.com\/journal\/wp-json\/wp\/v2\/categories?post=4208"},{"taxonomy":"post_tag","embeddable":true,"href":"https:\/\/www.ulisseland.com\/journal\/wp-json\/wp\/v2\/tags?post=4208"}],"curies":[{"name":"wp","href":"https:\/\/api.w.org\/{rel}","templated":true}]}}