{"id":4106,"date":"2012-07-16T15:10:57","date_gmt":"2012-07-16T13:10:57","guid":{"rendered":"http:\/\/www.ulisseland.com\/journal\/?p=4106&#038;lang=it"},"modified":"2012-07-16T15:10:57","modified_gmt":"2012-07-16T13:10:57","slug":"formia-potenziati-i-servizi-di-igiene-e-ambientali","status":"publish","type":"post","link":"https:\/\/www.ulisseland.com\/journal\/formia-potenziati-i-servizi-di-igiene-e-ambientali\/","title":{"rendered":"FORMIA: POTENZIATI I SERVIZI DI IGIENE E AMBIENTALI"},"content":{"rendered":"<figure id=\"attachment_4107\" aria-describedby=\"caption-attachment-4107\" style=\"width: 231px\" class=\"wp-caption alignright\"><a href=\"https:\/\/www.ulisseland.com\/journal\/wp-content\/uploads\/2012\/07\/Foto-consigliere-Vincenzo-Forte.jpg\"><img loading=\"lazy\" decoding=\"async\" class=\"size-medium wp-image-4107\" title=\"Foto consigliere Vincenzo Forte\" src=\"https:\/\/www.ulisseland.com\/journal\/wp-content\/uploads\/2012\/07\/Foto-consigliere-Vincenzo-Forte-231x300.jpg\" alt=\"\" width=\"231\" height=\"300\" srcset=\"https:\/\/www.ulisseland.com\/journal\/wp-content\/uploads\/2012\/07\/Foto-consigliere-Vincenzo-Forte-231x300.jpg 231w, https:\/\/www.ulisseland.com\/journal\/wp-content\/uploads\/2012\/07\/Foto-consigliere-Vincenzo-Forte.jpg 584w\" sizes=\"auto, (max-width: 231px) 100vw, 231px\" \/><\/a><figcaption id=\"caption-attachment-4107\" class=\"wp-caption-text\">Vincenzo Forte Presidente Commissione Ambiente<\/figcaption><\/figure>\n<p>Rafforzato e potenziato il servizio di Igiene Urbana sul territorio nel periodo estivo in maniera da consentire una pi\u00f9 efficiente vivibilit\u00e0 ambientale e nello stesso tempo garantire il decoro urbano dei luoghi e degli spazi pubblici.<\/p>\n<p>La linea e gli indirizzi dell\u2019amministrazione in materia di controlli igienico-ambientale sul territorio sono stati concordati e decisi con la societ\u00e0 Latina Ambiente.<\/p>\n<p>Per fronteggiare al meglio gli interventi di raccolta rifiuti e spazzamento nelle aree pi\u00f9 a rischio \u00e8 stato potenziato l\u2019organico con l\u2019assunzione stagionale di 8 unit\u00e0 lavorative per un periodo di 3 mesi a partire dal 6 luglio.<\/p>\n<p>Gli accorgimenti predisposti riguardano nello specifico:<\/p>\n<p>Un presidio volante pomeridiano \u2013 orario 13\/19 \u2013 composto da due persone, istituito per interventi straordinari e di necessit\u00e0 sul territorio comunale.<\/p>\n<p>Predisposto nel quartiere di Gianola un turno pomeridiano di raccolta rifiuti esteso ad altre aree sensibili della citt\u00e0.<\/p>\n<p>Un occhio di riguardo anche per le strade del centro cittadino che nei giorni di marted\u00ec, gioved\u00ec e sabato saranno oggetto di lavaggio e pulizia.<\/p>\n<p>La novit\u00e0 in assoluto riguarda lo spazzamento giornaliero dei quartieri di Gianola, Santojanni e Vindicio. Per la pulizia di queste aree marine si \u00e8 proceduto all\u2019incarico di un addetto per ciascun quartiere da utilizzare in mansioni di spazzamento giornaliero. Potenziato e rafforzato infine il servizio di raccolta differenziata presso gli esercizi commerciali ed in particolare le attivit\u00e0 di ristorazione.<\/p>\n<p>\u201c Provvedimenti necessari \u2013 afferma il presidente della commissione ambiente Vincenzo Forte \u2013 per assicurare un regime ed un livello di pulizia generale in ambito territoriale per il periodo estivo. Le prestazioni concordate con la societ\u00e0 Latina Ambiente mirano ad un rafforzamento e potenziamento della gestione ambientale ed igienica dei servizi in un\u2019ottica di ottimizzazione della tenuta dei quartieri, i litorali marini, il centro citt\u00e0 e le attivit\u00e0 commerciali, produttive e di ristorazione. Un livello alto di attenzione finalizzato alla fruibilit\u00e0 e vivibilit\u00e0 dei cittadini, dei villeggianti e turisti che scelgono la nostra citt\u00e0 per trascorrere le vacanze. Le misure adottate \u2013 aggiunge il presidente \u2013 riguardano anche le due isole ecologiche a scomparsa di via Olivastro Spaventola realizzate in passato in maniera distorta.\u00a0 Nei prossimi giorni queste isole saranno funzionali ed operativi, dopo la riparazione avvenuta del quadro elettrico e del motore. Intervento analogo\u00a0 di attivazione e apertura di altre 2 isole ecologiche interrate\u00a0 \u00e8 previsto in localit\u00e0\u00a0 Santojanni. L\u2019insieme di queste opere completano sul piano dell\u2019efficienza il sistema di raccolta dei rifiuti. E sulla differenziata \u2013 chiude Forte \u2013 la percentuale di raccolta \u00e8 salita al 40%\u201d. Il presidente Forte alla fine d\u00e0 uno stoccata anche sul Parco De Curtis: \u201c non c\u2019\u00e8 alcun degrado, gli operatori della Latina Ambiente in mattinata non hanno riempito nemmeno un sacchetto di rifiuti su un\u2019area di 40 metri quadri dove apparivano delle foto di bottiglie di plastica lasciate a terra in occasione di un concerto tenutosi sabato scorso. Chi organizza eventi soprattutto a pagamento sar\u00e0 tenuto comunque a riordinare e ripulire i luoghi. Il messaggio deve essere chiaro per tutti !<\/p>\n<p>IL DIRETTORE Dott. Sergio Monforte<\/p>\n","protected":false},"excerpt":{"rendered":"<p>Rafforzato e potenziato il servizio di Igiene Urbana sul territorio nel periodo estivo in maniera da consentire una pi\u00f9 efficiente vivibilit\u00e0 ambientale e nello stesso tempo garantire il decoro urbano dei luoghi e degli spazi pubblici. La linea e gli indirizzi dell\u2019amministrazione in materia di controlli igienico-ambientale sul territorio sono stati concordati e decisi con<\/p>\n","protected":false},"author":1,"featured_media":0,"comment_status":"open","ping_status":"open","sticky":false,"template":"","format":"standard","meta":{"footnotes":""},"categories":[1],"tags":[],"class_list":["post-4106","post","type-post","status-publish","format-standard","hentry","category-senza-categoria"],"_links":{"self":[{"href":"https:\/\/www.ulisseland.com\/journal\/wp-json\/wp\/v2\/posts\/4106","targetHints":{"allow":["GET"]}}],"collection":[{"href":"https:\/\/www.ulisseland.com\/journal\/wp-json\/wp\/v2\/posts"}],"about":[{"href":"https:\/\/www.ulisseland.com\/journal\/wp-json\/wp\/v2\/types\/post"}],"author":[{"embeddable":true,"href":"https:\/\/www.ulisseland.com\/journal\/wp-json\/wp\/v2\/users\/1"}],"replies":[{"embeddable":true,"href":"https:\/\/www.ulisseland.com\/journal\/wp-json\/wp\/v2\/comments?post=4106"}],"version-history":[{"count":2,"href":"https:\/\/www.ulisseland.com\/journal\/wp-json\/wp\/v2\/posts\/4106\/revisions"}],"predecessor-version":[{"id":4109,"href":"https:\/\/www.ulisseland.com\/journal\/wp-json\/wp\/v2\/posts\/4106\/revisions\/4109"}],"wp:attachment":[{"href":"https:\/\/www.ulisseland.com\/journal\/wp-json\/wp\/v2\/media?parent=4106"}],"wp:term":[{"taxonomy":"category","embeddable":true,"href":"https:\/\/www.ulisseland.com\/journal\/wp-json\/wp\/v2\/categories?post=4106"},{"taxonomy":"post_tag","embeddable":true,"href":"https:\/\/www.ulisseland.com\/journal\/wp-json\/wp\/v2\/tags?post=4106"}],"curies":[{"name":"wp","href":"https:\/\/api.w.org\/{rel}","templated":true}]}}