{"id":4100,"date":"2012-07-16T15:03:25","date_gmt":"2012-07-16T13:03:25","guid":{"rendered":"http:\/\/www.ulisseland.com\/journal\/?p=4100&#038;lang=it"},"modified":"2012-07-16T15:03:25","modified_gmt":"2012-07-16T13:03:25","slug":"formia-il-sindaco-michele-forte-commenta-lelezione-del-presidente-del-consiglio-comunale","status":"publish","type":"post","link":"https:\/\/www.ulisseland.com\/journal\/formia-il-sindaco-michele-forte-commenta-lelezione-del-presidente-del-consiglio-comunale\/","title":{"rendered":"FORMIA: IL SINDACO MICHELE FORTE COMMENTA L\u2019ELEZIONE DEL PRESIDENTE DEL CONSIGLIO COMUNALE"},"content":{"rendered":"<figure id=\"attachment_4103\" aria-describedby=\"caption-attachment-4103\" style=\"width: 198px\" class=\"wp-caption alignleft\"><a href=\"https:\/\/www.ulisseland.com\/journal\/wp-content\/uploads\/2012\/07\/Michele_Forte_sindaco_di_Formia.jpg\"><img loading=\"lazy\" decoding=\"async\" class=\"size-medium wp-image-4103\" title=\"Michele_Forte,_sindaco_di_Formia\" src=\"https:\/\/www.ulisseland.com\/journal\/wp-content\/uploads\/2012\/07\/Michele_Forte_sindaco_di_Formia-198x300.jpg\" alt=\"\" width=\"198\" height=\"300\" srcset=\"https:\/\/www.ulisseland.com\/journal\/wp-content\/uploads\/2012\/07\/Michele_Forte_sindaco_di_Formia-198x300.jpg 198w, https:\/\/www.ulisseland.com\/journal\/wp-content\/uploads\/2012\/07\/Michele_Forte_sindaco_di_Formia.jpg 236w\" sizes=\"auto, (max-width: 198px) 100vw, 198px\" \/><\/a><figcaption id=\"caption-attachment-4103\" class=\"wp-caption-text\">Michele Forte Sindaco di Formia<\/figcaption><\/figure>\n<p>L\u2019elezione del presidente del Consiglio Comunale e l\u2019approvazione di una serie di punti amministrativi importanti tra cui il rendiconto di bilancio 2011, consentono al sindaco Forte di fare alcune considerazioni ed approfondimenti sulla vicenda politica che ha tenuto banco in questi mesi.<\/p>\n<p>\u201c Avevo qualche settimana fa dichiarato che la maggioranza sarebbe uscita ancora pi\u00f9 rafforzata di prima e che non ci trovavamo di fronte ad una tempesta politica. I fatti mi hanno dato ampiamente ragione. Non c\u2019\u00e8 stata crisi per il semplice motivo che io non avevo messo fuori nessuno. Ho sempre considerato il gruppo autonomo una componente di questa maggioranza espressione di una linea e programma di governo che stiamo portando avanti. La macchina amministrativa in questi mesi non si \u00e8 mai fermata, infatti abbiamo concluso ed inaugurato alcune importanti opere pubbliche di un certo spessore e livello come piazza Largo Paone, la rotatoria di via Vitruvio, la pinetina di Vindicio, il ponte di Santa Croce, la nuova rete idrica di Acqualonga e dell\u2019intera zona orientale della citt\u00e0, il campo polivalente di Penitro, il parcheggio di Trivio, l\u2019arredo urbano del centro storico di Castellonorato.\u00a0 Il nostro compito amministrativo non si \u00e8 limitato solo ad inaugurare opere giunte al traguardo ma abbiamo messo in cantiere altri interventi di riqualificazione e valorizzazione ambientale ed urbana come la piazza della Stazione ed ancora\u00a0 il completamento dei marciapiedi di Vindicio, lo stadio di Maranola, il serbatoio idrico di Pagnano. A settembre \u2013 continua il sindaco &#8211; inizieremo i lavori di recupero e arredo della Villa Comunale e la realizzazione della nuova Piazza Aldo Moro. La nostra idea di crescita, rinnovamento, innovazione e cambiamento della citt\u00e0 non \u00e8 circoscritta solo alle grandi opere pubbliche ma guarda anche ai servizi, all\u2019ambiente, al turismo, alle attivit\u00e0 culturali e sociali. Formia \u00e8 una citt\u00e0 che in momenti di crisi economica apre e chiude cantieri, investe ed utilizza risorse che arrivano dalla Regione Lazio e dalla Provincia di Latina. Sui PLUS ci sono 8 milioni da utilizzare per progetti gi\u00e0 cantierabili.<\/p>\n<p>A chi sosteneva e parlava di un governo in crisi abbiamo risposto sul campo con una continuit\u00e0 amministrativa. Sull\u2019elezione del presidente del consiglio siamo stati bloccati per mesi perch\u00e9 avevamo all\u2019unanimit\u00e0 concordato in aula di richiedere ed attendere un parere tecnico da parte del Ministero dell\u2019Interno. Su questa vicenda \u00e8 stata costruita una polemica assurda ed incomprensibile da parte della sinistra.<\/p>\n<figure id=\"attachment_4104\" aria-describedby=\"caption-attachment-4104\" style=\"width: 251px\" class=\"wp-caption alignleft\"><a href=\"https:\/\/www.ulisseland.com\/journal\/wp-content\/uploads\/2012\/07\/Foto-Giuseppe-Simeone.jpg\"><img loading=\"lazy\" decoding=\"async\" class=\"size-full wp-image-4104\" title=\"Foto Giuseppe Simeone\" src=\"https:\/\/www.ulisseland.com\/journal\/wp-content\/uploads\/2012\/07\/Foto-Giuseppe-Simeone.jpg\" alt=\"\" width=\"251\" height=\"188\" \/><\/a><figcaption id=\"caption-attachment-4104\" class=\"wp-caption-text\">Giuseppe Simeone Eletto Presidente del Consiglio Comunale<\/figcaption><\/figure>\n<p><strong>La presidenza del consiglio \u00e8 un organo istituzionale di garanzia per tutti gli eletti, un ufficio sovrano al di sopra delle parti. L\u2019 opposizione di sinistra\u00a0 ha perso una grande occasione per dimostrare quel senso di partecipazione, responsabilit\u00e0 e maturit\u00e0.<\/strong> Montare un caso politico gridando alla crisi e trasformare l\u2019iter dell\u2019elezione del presidente dell\u2019assemblea in una crociata contro il sindaco e la sua maggioranza \u00e8 stato un errore che alla fine si \u00e8 ritorto proprio contro quelle forze che avevano giocato ad uno scioglimento anticipato. In politica i momenti di confronto all\u2019interno di una colazione sono necessari per adeguare ed aggiustare i meccanismi amministrativi di governo\u00a0 ma da qui a parlare di stato comatoso e malessere esplosivo ce ne passa. I numeri dell\u2019ultimo consiglio comunale parlano di un 24 a 3, un risultato schiacciante sul piano della stabilit\u00e0, coesione e concretezza politica. Ringrazio e faccio gli auguri al nuovo presidente del consiglio Giuseppe Simeone nella convinzione che l\u2019organo assembleare sapr\u00e0 svolgere il suo giusto ruolo di supporto e di controllo all\u2019azione dell\u2019esecutivo\u201d.<\/p>\n<p>IL DIRETTORE: Dott. Sergio Monforte<\/p>\n","protected":false},"excerpt":{"rendered":"<p>L\u2019elezione del presidente del Consiglio Comunale e l\u2019approvazione di una serie di punti amministrativi importanti tra cui il rendiconto di bilancio 2011, consentono al sindaco Forte di fare alcune considerazioni ed approfondimenti sulla vicenda politica che ha tenuto banco in questi mesi. \u201c Avevo qualche settimana fa dichiarato che la maggioranza sarebbe uscita ancora pi\u00f9<\/p>\n","protected":false},"author":1,"featured_media":0,"comment_status":"open","ping_status":"open","sticky":false,"template":"","format":"standard","meta":{"footnotes":""},"categories":[1],"tags":[],"class_list":["post-4100","post","type-post","status-publish","format-standard","hentry","category-senza-categoria"],"_links":{"self":[{"href":"https:\/\/www.ulisseland.com\/journal\/wp-json\/wp\/v2\/posts\/4100","targetHints":{"allow":["GET"]}}],"collection":[{"href":"https:\/\/www.ulisseland.com\/journal\/wp-json\/wp\/v2\/posts"}],"about":[{"href":"https:\/\/www.ulisseland.com\/journal\/wp-json\/wp\/v2\/types\/post"}],"author":[{"embeddable":true,"href":"https:\/\/www.ulisseland.com\/journal\/wp-json\/wp\/v2\/users\/1"}],"replies":[{"embeddable":true,"href":"https:\/\/www.ulisseland.com\/journal\/wp-json\/wp\/v2\/comments?post=4100"}],"version-history":[{"count":1,"href":"https:\/\/www.ulisseland.com\/journal\/wp-json\/wp\/v2\/posts\/4100\/revisions"}],"predecessor-version":[{"id":4105,"href":"https:\/\/www.ulisseland.com\/journal\/wp-json\/wp\/v2\/posts\/4100\/revisions\/4105"}],"wp:attachment":[{"href":"https:\/\/www.ulisseland.com\/journal\/wp-json\/wp\/v2\/media?parent=4100"}],"wp:term":[{"taxonomy":"category","embeddable":true,"href":"https:\/\/www.ulisseland.com\/journal\/wp-json\/wp\/v2\/categories?post=4100"},{"taxonomy":"post_tag","embeddable":true,"href":"https:\/\/www.ulisseland.com\/journal\/wp-json\/wp\/v2\/tags?post=4100"}],"curies":[{"name":"wp","href":"https:\/\/api.w.org\/{rel}","templated":true}]}}