{"id":4086,"date":"2012-07-16T14:34:07","date_gmt":"2012-07-16T12:34:07","guid":{"rendered":"http:\/\/www.ulisseland.com\/journal\/?p=4086&#038;lang=it"},"modified":"2012-07-16T14:55:46","modified_gmt":"2012-07-16T12:55:46","slug":"comune-di-formia-attivato-il-servizio-di-guardia-medica","status":"publish","type":"post","link":"https:\/\/www.ulisseland.com\/journal\/comune-di-formia-attivato-il-servizio-di-guardia-medica\/","title":{"rendered":"COMUNE DI FORMIA: ATTIVATO IL SERVIZIO DI GUARDIA MEDICA"},"content":{"rendered":"<figure id=\"attachment_4101\" aria-describedby=\"caption-attachment-4101\" style=\"width: 243px\" class=\"wp-caption alignleft\"><a href=\"https:\/\/www.ulisseland.com\/journal\/wp-content\/uploads\/2012\/07\/foto-Antonio_Di_Rocco.jpg\"><img loading=\"lazy\" decoding=\"async\" class=\"size-medium wp-image-4101\" title=\"foto Antonio_Di_Rocco\" src=\"https:\/\/www.ulisseland.com\/journal\/wp-content\/uploads\/2012\/07\/foto-Antonio_Di_Rocco-243x300.jpg\" alt=\"\" width=\"243\" height=\"300\" srcset=\"https:\/\/www.ulisseland.com\/journal\/wp-content\/uploads\/2012\/07\/foto-Antonio_Di_Rocco-243x300.jpg 243w, https:\/\/www.ulisseland.com\/journal\/wp-content\/uploads\/2012\/07\/foto-Antonio_Di_Rocco.jpg 336w\" sizes=\"auto, (max-width: 243px) 100vw, 243px\" \/><\/a><figcaption id=\"caption-attachment-4101\" class=\"wp-caption-text\">Antonio Di Rocco Presidente Commissione Servizi Sociali<\/figcaption><\/figure>\n<p>Da oggi, 16 luglio e fino a tutto il 24 agosto,\u00a0 presso la Casa di cura del Sole \u201cTommaso Costa\u201d, in via G. Paone, \u00e8 attivo il servizio turistico di Guardia Medica\u00a0 rivolto alle emergenze medico-sanitarie dei turisti e villeggianti che trascorrono le proprie vacanze sul territorio di Formia.<\/p>\n<p><strong><span style=\"text-decoration: underline;\">Il servizio \u00e8 operativo e fruibile dalle ore 10,00 alle 12,00 e dalle 16,00 alle 18,00.<\/span><\/strong><\/p>\n<p>Lo annuncia il presidente della commissione servizi sociali Antonio Di Rocco che sull\u2019istituzione ed apertura della Guardia Medica Turistica si \u00e8 impegnato a ricercare le soluzioni pi\u00f9 idonee atte a consentire la fruibilit\u00e0 di un servizio di emergenza ed assistenza sanitaria alla popolazione turistica che ha scelto la nostra citt\u00e0 per trascorrere le vacanze.<\/p>\n<p>\u201c Il servizio \u00e8 gratuito &#8211; spiega Di Rocco &#8211; e si avvale della collaborazione di quattro medici che a rotazione garantiranno i turni di guardia medica e le prestazioni sanitarie. L\u2019ubicazione della Guardia Medica all\u2019interno della clinica \u201c Casa di Cura Casa del Sole\u201d risponde sul piano della efficacia logistica e della efficienza dei servizi. Ringrazio a riguardo il dott. Maurizio Costa per aver accolto e condiviso la proposta del Comune\u00a0 che viene incontro alle aspettative ed alle esigenze dei tanti cittadini e villeggianti\u00a0 presenti sul nostro territorio\u201d.<\/p>\n<p>Il DIRETTORE Dott. Sergio Monforte<\/p>\n","protected":false},"excerpt":{"rendered":"<p>Da oggi, 16 luglio e fino a tutto il 24 agosto,\u00a0 presso la Casa di cura del Sole \u201cTommaso Costa\u201d, in via G. Paone, \u00e8 attivo il servizio turistico di Guardia Medica\u00a0 rivolto alle emergenze medico-sanitarie dei turisti e villeggianti che trascorrono le proprie vacanze sul territorio di Formia. Il servizio \u00e8 operativo e fruibile<\/p>\n","protected":false},"author":1,"featured_media":0,"comment_status":"open","ping_status":"open","sticky":false,"template":"","format":"standard","meta":{"footnotes":""},"categories":[14,11],"tags":[],"class_list":["post-4086","post","type-post","status-publish","format-standard","hentry","category-comune-di-formia","category-enti"],"_links":{"self":[{"href":"https:\/\/www.ulisseland.com\/journal\/wp-json\/wp\/v2\/posts\/4086","targetHints":{"allow":["GET"]}}],"collection":[{"href":"https:\/\/www.ulisseland.com\/journal\/wp-json\/wp\/v2\/posts"}],"about":[{"href":"https:\/\/www.ulisseland.com\/journal\/wp-json\/wp\/v2\/types\/post"}],"author":[{"embeddable":true,"href":"https:\/\/www.ulisseland.com\/journal\/wp-json\/wp\/v2\/users\/1"}],"replies":[{"embeddable":true,"href":"https:\/\/www.ulisseland.com\/journal\/wp-json\/wp\/v2\/comments?post=4086"}],"version-history":[{"count":5,"href":"https:\/\/www.ulisseland.com\/journal\/wp-json\/wp\/v2\/posts\/4086\/revisions"}],"predecessor-version":[{"id":4089,"href":"https:\/\/www.ulisseland.com\/journal\/wp-json\/wp\/v2\/posts\/4086\/revisions\/4089"}],"wp:attachment":[{"href":"https:\/\/www.ulisseland.com\/journal\/wp-json\/wp\/v2\/media?parent=4086"}],"wp:term":[{"taxonomy":"category","embeddable":true,"href":"https:\/\/www.ulisseland.com\/journal\/wp-json\/wp\/v2\/categories?post=4086"},{"taxonomy":"post_tag","embeddable":true,"href":"https:\/\/www.ulisseland.com\/journal\/wp-json\/wp\/v2\/tags?post=4086"}],"curies":[{"name":"wp","href":"https:\/\/api.w.org\/{rel}","templated":true}]}}