{"id":3976,"date":"2012-07-12T12:58:15","date_gmt":"2012-07-12T10:58:15","guid":{"rendered":"http:\/\/www.ulisseland.com\/journal\/?p=3976&#038;lang=it"},"modified":"2012-07-19T14:52:02","modified_gmt":"2012-07-19T12:52:02","slug":"50-dal-raggeo-silvana-marolini-e-ricordo-del-marito-elio-moretta","status":"publish","type":"post","link":"https:\/\/www.ulisseland.com\/journal\/50-dal-raggeo-silvana-marolini-e-ricordo-del-marito-elio-moretta\/","title":{"rendered":"50\u00b0 dal RAGGEO \u2013 Silvana MAROLINI e ricordo del Marito Elio MORETTA"},"content":{"rendered":"<figure id=\"attachment_4027\" aria-describedby=\"caption-attachment-4027\" style=\"width: 586px\" class=\"wp-caption aligncenter\"><a href=\"https:\/\/www.ulisseland.com\/journal\/wp-content\/uploads\/2012\/07\/IMG_0229.jpg\"><img loading=\"lazy\" decoding=\"async\" class=\"size-large wp-image-4027\" title=\"IMG_0229\" src=\"https:\/\/www.ulisseland.com\/journal\/wp-content\/uploads\/2012\/07\/IMG_0229-1024x682.jpg\" alt=\"\" width=\"586\" height=\"390\" srcset=\"https:\/\/www.ulisseland.com\/journal\/wp-content\/uploads\/2012\/07\/IMG_0229-1024x682.jpg 1024w, https:\/\/www.ulisseland.com\/journal\/wp-content\/uploads\/2012\/07\/IMG_0229-300x200.jpg 300w, https:\/\/www.ulisseland.com\/journal\/wp-content\/uploads\/2012\/07\/IMG_0229-600x400.jpg 600w\" sizes=\"auto, (max-width: 586px) 100vw, 586px\" \/><\/a><figcaption id=\"caption-attachment-4027\" class=\"wp-caption-text\">Il Gruppo davanti al Santuario della Madonna del Piano di Ausonia (Fr) dove \u00e8 stata celebrata la S. Messa in suffragio<\/figcaption><\/figure>\n<figure id=\"attachment_4029\" aria-describedby=\"caption-attachment-4029\" style=\"width: 300px\" class=\"wp-caption alignright\"><a href=\"https:\/\/www.ulisseland.com\/journal\/wp-content\/uploads\/2012\/07\/IMG_0240.jpg\"><img loading=\"lazy\" decoding=\"async\" class=\"size-medium wp-image-4029\" title=\"IMG_0240\" src=\"https:\/\/www.ulisseland.com\/journal\/wp-content\/uploads\/2012\/07\/IMG_0240-300x200.jpg\" alt=\"\" width=\"300\" height=\"200\" srcset=\"https:\/\/www.ulisseland.com\/journal\/wp-content\/uploads\/2012\/07\/IMG_0240-300x200.jpg 300w, https:\/\/www.ulisseland.com\/journal\/wp-content\/uploads\/2012\/07\/IMG_0240-1024x682.jpg 1024w, https:\/\/www.ulisseland.com\/journal\/wp-content\/uploads\/2012\/07\/IMG_0240-600x400.jpg 600w\" sizes=\"auto, (max-width: 300px) 100vw, 300px\" \/><\/a><figcaption id=\"caption-attachment-4029\" class=\"wp-caption-text\">Le Amiche &quot;inseparabili&quot; Silvana Marolini e Anna Di Vito ...ci danno che ci ....danno..!!!<\/figcaption><\/figure>\n<p>Silvana Marolini (Classe 5 B 1961\/62) ha sposato Elio Moretta,e sono stati felicissimi insieme fino alla scomparsa di Elio il 17 ottobre 2006 \u2013 a seguito di un brutto male. Elio \u00e8 stato insieme a me \u2013 per lungo tempo Consigliere Comunale di Formia ed ha ricoperto il ruolo di Assessore nella 17\u00b0 Comunit\u00e0 Montana con sede \u2013 allora \u2013 nella sua Esperia (FR). Elio e Silvana hanno svolto in tutti questi anni l\u2019attivit\u00e0 di assicuratori.<br \/>\nSilvana ed Elio hanno avuto due figli: Cristiana (40 anni) che svolge l\u2019attivit\u00e0 di libera imprenditrice \u2013 due figli \u2013 Enea 8 anni Terza Elentare e Antonio ( 4 mesi) che,nei giorni scorsi, rilevavo anche dalle voci del telefono \u2013 impegna molto Nonna Silvana a tutto tempo si impegna per il neonato. Auguri da tutti noi per il beb\u00e8 anche a Mamma Cristiana. Massimiliano (30 anni) celibe, svolge attivit\u00e0 libero professionale. Silvana \u00e8 stata felicissima della partecipazione all&#8217;incontro essendo ancora legata da amicizia vera a tanti di noi ed in particolare ad Anna Di Vito. Auguri d&#8217;ogni bene a tutta la sua bella famiglia da tutti noi.<\/p>\n<div align=\"center\">\n<object width=\"580\" height=\"494\" data=\"http:\/\/www.umtvs.tv\/misc\/flash\/VidiScript_player.swf\" type=\"application\/x-shockwave-flash\"><param name=\"movie\" value=\"http:\/\/www.umtvs.tv\/misc\/flash\/VidiScript_player.swf\" \/><param name=\"allowfullscreen\" value=\"true\" \/><param name=\"allowscriptaccess\" value=\"always\" \/><param name=\"flashvars\" value=\"conf=http:\/\/www.umtvs.tv\/data\/50raggeochiesa.xml&#038;guide=http:\/\/www.umtvs.tv\/data\/50raggeochiesaguide.xml&#038;banner=http:\/\/www.umtvs.tv\/data\/50raggeochiesabanner.xml&#038;commercial=http:\/\/www.umtvs.tv\/data\/50raggeochiesacommercial.xml\" \/><\/object><\/div>\n<p>Redazionale: Luigi Cocomello<\/p>\n<div id='gallery-1' class='gallery galleryid-3976 gallery-columns-4 gallery-size-thumbnail'><figure class='gallery-item'>\n\t\t\t<div class='gallery-icon portrait'>\n\t\t\t\t<a href='https:\/\/www.ulisseland.com\/journal\/50-dal-raggeo-silvana-marolini-e-ricordo-del-marito-elio-moretta\/01-copia-di-silvana-marolini2\/'><img loading=\"lazy\" decoding=\"async\" width=\"150\" height=\"150\" src=\"https:\/\/www.ulisseland.com\/journal\/wp-content\/uploads\/2012\/07\/01-Copia-di-Silvana-Marolini2-150x150.jpg\" class=\"attachment-thumbnail size-thumbnail\" alt=\"\" \/><\/a>\n\t\t\t<\/div><\/figure><figure class='gallery-item'>\n\t\t\t<div class='gallery-icon landscape'>\n\t\t\t\t<a href='https:\/\/www.ulisseland.com\/journal\/50-dal-raggeo-silvana-marolini-e-ricordo-del-marito-elio-moretta\/02-silvana-marolini2\/'><img loading=\"lazy\" decoding=\"async\" width=\"150\" height=\"150\" src=\"https:\/\/www.ulisseland.com\/journal\/wp-content\/uploads\/2012\/07\/02-Silvana-Marolini2-150x150.jpg\" class=\"attachment-thumbnail size-thumbnail\" alt=\"\" \/><\/a>\n\t\t\t<\/div><\/figure><figure class='gallery-item'>\n\t\t\t<div class='gallery-icon landscape'>\n\t\t\t\t<a href='https:\/\/www.ulisseland.com\/journal\/50-dal-raggeo-silvana-marolini-e-ricordo-del-marito-elio-moretta\/03-silvana-marolini\/'><img loading=\"lazy\" decoding=\"async\" width=\"150\" height=\"150\" src=\"https:\/\/www.ulisseland.com\/journal\/wp-content\/uploads\/2012\/07\/03-Silvana-Marolini-150x150.jpg\" class=\"attachment-thumbnail size-thumbnail\" alt=\"\" \/><\/a>\n\t\t\t<\/div><\/figure><figure class='gallery-item'>\n\t\t\t<div class='gallery-icon landscape'>\n\t\t\t\t<a href='https:\/\/www.ulisseland.com\/journal\/50-dal-raggeo-silvana-marolini-e-ricordo-del-marito-elio-moretta\/04-copia-4-di-silvana-marolini\/'><img loading=\"lazy\" decoding=\"async\" width=\"150\" height=\"150\" src=\"https:\/\/www.ulisseland.com\/journal\/wp-content\/uploads\/2012\/07\/04-Copia-4-di-Silvana-Marolini-150x150.jpg\" class=\"attachment-thumbnail size-thumbnail\" alt=\"\" \/><\/a>\n\t\t\t<\/div><\/figure><figure class='gallery-item'>\n\t\t\t<div class='gallery-icon landscape'>\n\t\t\t\t<a href='https:\/\/www.ulisseland.com\/journal\/50-dal-raggeo-silvana-marolini-e-ricordo-del-marito-elio-moretta\/05-copia-2-di-silvana-marolini\/'><img loading=\"lazy\" decoding=\"async\" width=\"150\" height=\"150\" src=\"https:\/\/www.ulisseland.com\/journal\/wp-content\/uploads\/2012\/07\/05-Copia-2-di-Silvana-Marolini-150x150.jpg\" class=\"attachment-thumbnail size-thumbnail\" alt=\"\" \/><\/a>\n\t\t\t<\/div><\/figure><figure class='gallery-item'>\n\t\t\t<div class='gallery-icon landscape'>\n\t\t\t\t<a href='https:\/\/www.ulisseland.com\/journal\/50-dal-raggeo-silvana-marolini-e-ricordo-del-marito-elio-moretta\/06-copia-3-di-silvana-marolini\/'><img loading=\"lazy\" decoding=\"async\" width=\"150\" height=\"150\" src=\"https:\/\/www.ulisseland.com\/journal\/wp-content\/uploads\/2012\/07\/06-Copia-3-di-Silvana-Marolini-150x150.jpg\" class=\"attachment-thumbnail size-thumbnail\" alt=\"\" \/><\/a>\n\t\t\t<\/div><\/figure><figure class='gallery-item'>\n\t\t\t<div class='gallery-icon portrait'>\n\t\t\t\t<a href='https:\/\/www.ulisseland.com\/journal\/50-dal-raggeo-silvana-marolini-e-ricordo-del-marito-elio-moretta\/07-copia-3-di-silvana-marolini2\/'><img loading=\"lazy\" decoding=\"async\" width=\"150\" height=\"150\" src=\"https:\/\/www.ulisseland.com\/journal\/wp-content\/uploads\/2012\/07\/07-Copia-3-di-Silvana-Marolini2-150x150.jpg\" class=\"attachment-thumbnail size-thumbnail\" alt=\"\" \/><\/a>\n\t\t\t<\/div><\/figure><figure class='gallery-item'>\n\t\t\t<div class='gallery-icon portrait'>\n\t\t\t\t<a href='https:\/\/www.ulisseland.com\/journal\/50-dal-raggeo-silvana-marolini-e-ricordo-del-marito-elio-moretta\/08-copia-2-di-silvana-marolini2\/'><img loading=\"lazy\" decoding=\"async\" width=\"150\" height=\"150\" src=\"https:\/\/www.ulisseland.com\/journal\/wp-content\/uploads\/2012\/07\/08-Copia-2-di-Silvana-Marolini2-150x150.jpg\" class=\"attachment-thumbnail size-thumbnail\" alt=\"\" \/><\/a>\n\t\t\t<\/div><\/figure><figure class='gallery-item'>\n\t\t\t<div class='gallery-icon portrait'>\n\t\t\t\t<a href='https:\/\/www.ulisseland.com\/journal\/50-dal-raggeo-silvana-marolini-e-ricordo-del-marito-elio-moretta\/09-clx-3180_20120711_16352004\/'><img loading=\"lazy\" decoding=\"async\" width=\"150\" height=\"150\" src=\"https:\/\/www.ulisseland.com\/journal\/wp-content\/uploads\/2012\/07\/09-CLX-3180_20120711_16352004-150x150.jpg\" class=\"attachment-thumbnail size-thumbnail\" alt=\"\" \/><\/a>\n\t\t\t<\/div><\/figure><figure class='gallery-item'>\n\t\t\t<div class='gallery-icon portrait'>\n\t\t\t\t<a href='https:\/\/www.ulisseland.com\/journal\/50-dal-raggeo-silvana-marolini-e-ricordo-del-marito-elio-moretta\/10-copia-di-copia-di-clx-3180_20120711_16352004\/'><img loading=\"lazy\" decoding=\"async\" width=\"150\" height=\"150\" src=\"https:\/\/www.ulisseland.com\/journal\/wp-content\/uploads\/2012\/07\/10-Copia-di-Copia-di-CLX-3180_20120711_16352004-150x150.jpg\" class=\"attachment-thumbnail size-thumbnail\" alt=\"\" \/><\/a>\n\t\t\t<\/div><\/figure><figure class='gallery-item'>\n\t\t\t<div class='gallery-icon portrait'>\n\t\t\t\t<a href='https:\/\/www.ulisseland.com\/journal\/50-dal-raggeo-silvana-marolini-e-ricordo-del-marito-elio-moretta\/11-copia-di-copia-di-copia-di-clx-3180_20120711_16352004\/'><img loading=\"lazy\" decoding=\"async\" width=\"150\" height=\"150\" src=\"https:\/\/www.ulisseland.com\/journal\/wp-content\/uploads\/2012\/07\/11-Copia-di-Copia-di-Copia-di-CLX-3180_20120711_16352004-150x150.jpg\" class=\"attachment-thumbnail size-thumbnail\" alt=\"\" \/><\/a>\n\t\t\t<\/div><\/figure><figure class='gallery-item'>\n\t\t\t<div class='gallery-icon portrait'>\n\t\t\t\t<a href='https:\/\/www.ulisseland.com\/journal\/50-dal-raggeo-silvana-marolini-e-ricordo-del-marito-elio-moretta\/12-copia-2-di-clx-3180_20120711_16513509\/'><img loading=\"lazy\" decoding=\"async\" width=\"150\" height=\"150\" src=\"https:\/\/www.ulisseland.com\/journal\/wp-content\/uploads\/2012\/07\/12-Copia-2-di-CLX-3180_20120711_16513509-150x150.jpg\" class=\"attachment-thumbnail size-thumbnail\" alt=\"\" \/><\/a>\n\t\t\t<\/div><\/figure><figure class='gallery-item'>\n\t\t\t<div class='gallery-icon portrait'>\n\t\t\t\t<a href='https:\/\/www.ulisseland.com\/journal\/50-dal-raggeo-silvana-marolini-e-ricordo-del-marito-elio-moretta\/13-copia-di-clx-3180_20120711_16352004\/'><img loading=\"lazy\" decoding=\"async\" width=\"150\" height=\"150\" src=\"https:\/\/www.ulisseland.com\/journal\/wp-content\/uploads\/2012\/07\/13-Copia-di-CLX-3180_20120711_16352004-150x150.jpg\" class=\"attachment-thumbnail size-thumbnail\" alt=\"\" \/><\/a>\n\t\t\t<\/div><\/figure><figure class='gallery-item'>\n\t\t\t<div class='gallery-icon landscape'>\n\t\t\t\t<a href='https:\/\/www.ulisseland.com\/journal\/50-dal-raggeo-silvana-marolini-e-ricordo-del-marito-elio-moretta\/14-clx-3180_20120711_16483800\/'><img loading=\"lazy\" decoding=\"async\" width=\"150\" height=\"150\" src=\"https:\/\/www.ulisseland.com\/journal\/wp-content\/uploads\/2012\/07\/14-CLX-3180_20120711_16483800-150x150.jpg\" class=\"attachment-thumbnail size-thumbnail\" alt=\"\" \/><\/a>\n\t\t\t<\/div><\/figure><figure class='gallery-item'>\n\t\t\t<div class='gallery-icon landscape'>\n\t\t\t\t<a href='https:\/\/www.ulisseland.com\/journal\/50-dal-raggeo-silvana-marolini-e-ricordo-del-marito-elio-moretta\/15-clx-3180_20120711_16513509\/'><img loading=\"lazy\" decoding=\"async\" width=\"150\" height=\"150\" src=\"https:\/\/www.ulisseland.com\/journal\/wp-content\/uploads\/2012\/07\/15-CLX-3180_20120711_16513509-150x150.jpg\" class=\"attachment-thumbnail size-thumbnail\" alt=\"\" \/><\/a>\n\t\t\t<\/div><\/figure><figure class='gallery-item'>\n\t\t\t<div class='gallery-icon landscape'>\n\t\t\t\t<a href='https:\/\/www.ulisseland.com\/journal\/50-dal-raggeo-silvana-marolini-e-ricordo-del-marito-elio-moretta\/16-copia-di-clx-3180_20120711_16483800\/'><img loading=\"lazy\" decoding=\"async\" width=\"150\" height=\"150\" src=\"https:\/\/www.ulisseland.com\/journal\/wp-content\/uploads\/2012\/07\/16-Copia-di-CLX-3180_20120711_16483800-150x150.jpg\" class=\"attachment-thumbnail size-thumbnail\" alt=\"\" \/><\/a>\n\t\t\t<\/div><\/figure><figure class='gallery-item'>\n\t\t\t<div class='gallery-icon landscape'>\n\t\t\t\t<a href='https:\/\/www.ulisseland.com\/journal\/50-dal-raggeo-silvana-marolini-e-ricordo-del-marito-elio-moretta\/17-copia-di-copia-di-clx-3180_20120711_16483800\/'><img loading=\"lazy\" decoding=\"async\" width=\"150\" height=\"150\" src=\"https:\/\/www.ulisseland.com\/journal\/wp-content\/uploads\/2012\/07\/17-Copia-di-Copia-di-CLX-3180_20120711_16483800-150x150.jpg\" class=\"attachment-thumbnail size-thumbnail\" alt=\"\" \/><\/a>\n\t\t\t<\/div><\/figure><figure class='gallery-item'>\n\t\t\t<div class='gallery-icon landscape'>\n\t\t\t\t<a href='https:\/\/www.ulisseland.com\/journal\/50-dal-raggeo-silvana-marolini-e-ricordo-del-marito-elio-moretta\/img_0229\/'><img loading=\"lazy\" decoding=\"async\" width=\"150\" height=\"150\" src=\"https:\/\/www.ulisseland.com\/journal\/wp-content\/uploads\/2012\/07\/IMG_0229-150x150.jpg\" class=\"attachment-thumbnail size-thumbnail\" alt=\"\" aria-describedby=\"gallery-1-4027\" \/><\/a>\n\t\t\t<\/div>\n\t\t\t\t<figcaption class='wp-caption-text gallery-caption' id='gallery-1-4027'>\n\t\t\t\tIl Gruppo davanti al Santuario della Madonna del Piano di Ausonia (Fr) dove \u00e8 stata celebrata la S. Messa in suffragio\n\t\t\t\t<\/figcaption><\/figure><figure class='gallery-item'>\n\t\t\t<div class='gallery-icon landscape'>\n\t\t\t\t<a href='https:\/\/www.ulisseland.com\/journal\/50-dal-raggeo-silvana-marolini-e-ricordo-del-marito-elio-moretta\/img_0240\/'><img loading=\"lazy\" decoding=\"async\" width=\"150\" height=\"150\" src=\"https:\/\/www.ulisseland.com\/journal\/wp-content\/uploads\/2012\/07\/IMG_0240-150x150.jpg\" class=\"attachment-thumbnail size-thumbnail\" alt=\"\" aria-describedby=\"gallery-1-4029\" \/><\/a>\n\t\t\t<\/div>\n\t\t\t\t<figcaption class='wp-caption-text gallery-caption' id='gallery-1-4029'>\n\t\t\t\tLe Amiche &#8220;inseparabili&#8221; Silvana Marolini e Anna Di Vito &#8230;ci danno che ci &#8230;.danno..!!!\n\t\t\t\t<\/figcaption><\/figure>\n\t\t<\/div>\n\n","protected":false},"excerpt":{"rendered":"<p>Silvana Marolini (Classe 5 B 1961\/62) ha sposato Elio Moretta,e sono stati felicissimi insieme fino alla scomparsa di Elio il 17 ottobre 2006 \u2013 a seguito di un brutto male. Elio \u00e8 stato insieme a me \u2013 per lungo tempo Consigliere Comunale di Formia ed ha ricoperto il ruolo di Assessore nella 17\u00b0 Comunit\u00e0 Montana<\/p>\n","protected":false},"author":1,"featured_media":0,"comment_status":"open","ping_status":"open","sticky":false,"template":"","format":"standard","meta":{"footnotes":""},"categories":[14,11,1,48],"tags":[],"class_list":["post-3976","post","type-post","status-publish","format-standard","hentry","category-comune-di-formia","category-enti","category-senza-categoria","category-50-raggeo"],"_links":{"self":[{"href":"https:\/\/www.ulisseland.com\/journal\/wp-json\/wp\/v2\/posts\/3976","targetHints":{"allow":["GET"]}}],"collection":[{"href":"https:\/\/www.ulisseland.com\/journal\/wp-json\/wp\/v2\/posts"}],"about":[{"href":"https:\/\/www.ulisseland.com\/journal\/wp-json\/wp\/v2\/types\/post"}],"author":[{"embeddable":true,"href":"https:\/\/www.ulisseland.com\/journal\/wp-json\/wp\/v2\/users\/1"}],"replies":[{"embeddable":true,"href":"https:\/\/www.ulisseland.com\/journal\/wp-json\/wp\/v2\/comments?post=3976"}],"version-history":[{"count":10,"href":"https:\/\/www.ulisseland.com\/journal\/wp-json\/wp\/v2\/posts\/3976\/revisions"}],"predecessor-version":[{"id":4243,"href":"https:\/\/www.ulisseland.com\/journal\/wp-json\/wp\/v2\/posts\/3976\/revisions\/4243"}],"wp:attachment":[{"href":"https:\/\/www.ulisseland.com\/journal\/wp-json\/wp\/v2\/media?parent=3976"}],"wp:term":[{"taxonomy":"category","embeddable":true,"href":"https:\/\/www.ulisseland.com\/journal\/wp-json\/wp\/v2\/categories?post=3976"},{"taxonomy":"post_tag","embeddable":true,"href":"https:\/\/www.ulisseland.com\/journal\/wp-json\/wp\/v2\/tags?post=3976"}],"curies":[{"name":"wp","href":"https:\/\/api.w.org\/{rel}","templated":true}]}}