{"id":396,"date":"2012-03-02T10:16:00","date_gmt":"2012-03-02T10:16:00","guid":{"rendered":"http:\/\/www.ulisseland.com\/journal\/?p=396&#038;lang=it"},"modified":"2012-03-02T12:29:17","modified_gmt":"2012-03-02T12:29:17","slug":"omaggio-a-lucio-dalla-e-morto-un-grande-della-musica-italiana","status":"publish","type":"post","link":"https:\/\/www.ulisseland.com\/journal\/omaggio-a-lucio-dalla-e-morto-un-grande-della-musica-italiana\/","title":{"rendered":"Omaggio a Lucio Dalla, \u00e8 morto un grande della musica italiana."},"content":{"rendered":"<figure id=\"attachment_399\" aria-describedby=\"caption-attachment-399\" style=\"width: 380px\" class=\"wp-caption alignleft\"><a href=\"http:\/\/www.youtube.com\/watch?v=dvY4nn-zxb0&amp;feature=related\"><img loading=\"lazy\" decoding=\"async\" class=\"size-full wp-image-399  \" title=\"Lucio Dalla\" src=\"https:\/\/www.ulisseland.com\/journal\/wp-content\/uploads\/2012\/03\/lucio-dalla.jpg\" alt=\"\" width=\"380\" height=\"380\" \/><\/a><figcaption id=\"caption-attachment-399\" class=\"wp-caption-text\">Lucio Dalla (Bologna, 4 marzo 1943 \u2013 Montreux, 1\u00ba marzo 2012)<\/figcaption><\/figure>\n<p>Stroncato da un infarto nella sua stanza dell&#8217;Hotel Plaza di Montreux, in Svizzera, dopo una serata di ennesimo successo e una colazione con i suoi pi\u00f9 stretti collaboratori. Lucio Dalla \u00e8 morto nella cittadina svizzera che si affaccia sul lago Lemano. Il primo a trovare Lucio morto a terra \u00e8 stato Marco Alemanno, suo corista e collaboratore, che era in una stanza comunicante. La sua salma \u00e8 stata immediatamente trasferita a Losanna nella Chappelle Saint Roch, un camera mortuaria privata con un ingresso in marmi bianchi e marroni, nascosta nelle viuzze del centro della cittadina elvetica e rigorosamente chiusa ai visitatori dalle 18.30. Lo staff alle 15 ha abbandonato l&#8217;albergo di Montreux. Le autorit\u00e0 diplomatiche consolari Italiane in Svizzera seguono con la massima attenzione gli aspetti del rimpatrio in Italia. L&#8217;avvocato D&#8217;Andrea conta di riuscire ad organizzare il trasferimento della salma da Losanna a Bologna per i funerali, sempre nella sua citt\u00e0, domenica, giorno del suo compleanno&#8221;, spiega il legale. &#8221;Non risulta alcun testamento al momento, ma solo cose dette a voce, nessuna volont\u00e0 scritta&#8221;, aggiunge. &#8221;Salvo diverse disposizioni testamentarie scritte &#8211; spiega ancora &#8211; D&#8217;Andrea sar\u00e0 sepolto a Bologna, la sua citt\u00e0. Nulla nella serata precedente avrebbe fatto presagire il doloroso epilogo. L&#8217;artista bolognese era impegnato in un tour che il 28 lo aveva portato a Zurigo e che lo avrebbe condotto a Basilea il 2 marzo, Berna il 3 e a Lugano il 6. Il concerto di Montreux, con mille persone che hanno riempito un avveniristico teatro in vetro affacciato direttamente sul lago, era stato un successo. Nessuna avvisaglia, stava bene.<\/p>\n<p>(fonte ANSA)<\/p>\n<p>NOTA DELL\u2019EDITORE<br \/>\n4 marzo (1943) \u00e8 una delle canzoni maggiormente canticchiate, dopo il successo Sanremese, di Lucio Dalla.<\/p>\n<p>Dice che era un bell&#8217;uomo<br \/>\ne veniva, veniva dal mare,<br \/>\nparlava un&#8217;altra lingua<br \/>\nper\u00f2 sapeva amare.<\/p>\n<p>E quel giorno lui prese a mia madre<br \/>\nsopra un bel prato,<br \/>\nl&#8217;ora pi\u00f9 dolce<br \/>\nprima di essere ammazzato.<\/p>\n<p>Cos\u00ec lei rest\u00f2 sola nella stanza,<br \/>\nla stanza sul porto,<br \/>\ncon l&#8217;unico vestito<br \/>\nogni giorno pi\u00f9 corto.<\/p>\n<p>E bench\u00e8 non sapesse il nome<br \/>\ne neppure il paese,<br \/>\nm&#8217;aspett\u00f2 come un dono d&#8217;amore<br \/>\nfino dal primo mese.<\/p>\n<p>Compiva sedici anni quel giorno<br \/>\nla mia mamma,<br \/>\nle strofe di taverna<br \/>\nle cant\u00f2 a ninna nanna.<\/p>\n<p>E stringendomi al petto che sapeva,<br \/>\nsapeva di mare,<br \/>\ngiocava a far la donna<br \/>\ncon il bimbo da fasciare.<\/p>\n<p>E forse fu per gioco,<br \/>\no forse per amore,<br \/>\nche mi volle chiamare<br \/>\ncome Nostro Signore.<\/p>\n<p>Della sua breve vita, il ricordo,<br \/>\nil ricordo pi\u00f9 grosso,<br \/>\n\u00e8 tutto in questo nome<br \/>\nche io mi porto addosso.<\/p>\n<p>E ancora adesso che gioco a carte<br \/>\ne bevo vino,<br \/>\nper la gente del porto<br \/>\nmi chiamo Ges\u00f9 bambino.<\/p>\n<p>E ancora adesso che gioco a carte<br \/>\ne bevo vino,<br \/>\nper la gente del porto<br \/>\nmi chiamo Ges\u00f9 bambino.<\/p>\n<p>E ancora adesso che gioco a carte<br \/>\ne bevo vino,<br \/>\nper la gente del porto<br \/>\nmi chiamo Ges\u00f9 bambino.<\/p>\n<p>50 anni di musica, di canzoni, di spettacoli rappresentano la storia del dopoguerra del nostro Paese ed io, nato sei mesi prima di lui, con mio Padre Erasmo disperso a Cefalonia, mi sono riconosciuto idealmente nei sentimenti di Dalla. Poi ho celebrato il matrimonio civile con mia Moglie Giuditta nel 1965 in Comune a Bologna ed un altro appuntamento importante della vita si \u00e8 svolto nella sua famosissima \u201cPiazza Grande\u201d. Una sera, viaggiando in macchina con mio figlio Paolo, che cantava con tono altissimo una delle pi\u00f9 celebri canzoni di Dalla, \u201cCaruso\u201d, venivo colto da brividi di soddisfazione forse contento anche dei primi successi del mio giovane rampollo, ma certamente per la musicalit\u00e0 del pezzo di Lucio Dalla. Assistendo all\u2019omaggio doveroso che nella sera della sua morte Vespa gli ha dedicato nella trasmissione \u201cPorta a Porta\u201d \u2013 io e mia moglie Giuditta \u2013 ognuno con i suoi ricordi \u2013 ci siamo commossi. In questo momento, nel quale la crisi economica e sociale ci sta investendo, e non solo in Italia, fa bene commuoversi, meditare, \u00e8 per questo che stamattina anch\u2019io ho deciso \u2013 come tantissimi in Italia e nel mondo stanno facendo anche nel web \u2013 offrire alla meditazione questo breve omaggio ad un grande della musica Italiana: Grazie Lucio.<\/p>\n<p>(Luigi Cocomello)<\/p>\n<p>&nbsp;<\/p>\n<p><a href=\"http:\/\/italiasempre.com\/verita\/4marzo19431.htm\">Omaggio a Lucio Dalla<\/a><\/p>\n<p><iframe loading=\"lazy\" width=\"600\" height=\"200\" src=\"http:\/\/italiasempre.com\/verita\/4marzo19431.htm\" frameborder=\"0\" allowfullscreen><\/iframe><\/p>\n","protected":false},"excerpt":{"rendered":"<p>Stroncato da un infarto nella sua stanza dell&#8217;Hotel Plaza di Montreux, in Svizzera, dopo una serata di ennesimo successo e una colazione con i suoi pi\u00f9 stretti collaboratori. Lucio Dalla \u00e8 morto nella cittadina svizzera che si affaccia sul lago Lemano. Il primo a trovare Lucio morto a terra \u00e8 stato Marco Alemanno, suo corista<\/p>\n","protected":false},"author":1,"featured_media":0,"comment_status":"open","ping_status":"open","sticky":false,"template":"","format":"standard","meta":{"footnotes":""},"categories":[13,12,10,1],"tags":[],"class_list":["post-396","post","type-post","status-publish","format-standard","hentry","category-cronaca","category-cultura","category-editoriale","category-senza-categoria"],"_links":{"self":[{"href":"https:\/\/www.ulisseland.com\/journal\/wp-json\/wp\/v2\/posts\/396","targetHints":{"allow":["GET"]}}],"collection":[{"href":"https:\/\/www.ulisseland.com\/journal\/wp-json\/wp\/v2\/posts"}],"about":[{"href":"https:\/\/www.ulisseland.com\/journal\/wp-json\/wp\/v2\/types\/post"}],"author":[{"embeddable":true,"href":"https:\/\/www.ulisseland.com\/journal\/wp-json\/wp\/v2\/users\/1"}],"replies":[{"embeddable":true,"href":"https:\/\/www.ulisseland.com\/journal\/wp-json\/wp\/v2\/comments?post=396"}],"version-history":[{"count":13,"href":"https:\/\/www.ulisseland.com\/journal\/wp-json\/wp\/v2\/posts\/396\/revisions"}],"predecessor-version":[{"id":403,"href":"https:\/\/www.ulisseland.com\/journal\/wp-json\/wp\/v2\/posts\/396\/revisions\/403"}],"wp:attachment":[{"href":"https:\/\/www.ulisseland.com\/journal\/wp-json\/wp\/v2\/media?parent=396"}],"wp:term":[{"taxonomy":"category","embeddable":true,"href":"https:\/\/www.ulisseland.com\/journal\/wp-json\/wp\/v2\/categories?post=396"},{"taxonomy":"post_tag","embeddable":true,"href":"https:\/\/www.ulisseland.com\/journal\/wp-json\/wp\/v2\/tags?post=396"}],"curies":[{"name":"wp","href":"https:\/\/api.w.org\/{rel}","templated":true}]}}