{"id":384,"date":"2012-03-08T16:49:21","date_gmt":"2012-03-08T16:49:21","guid":{"rendered":"http:\/\/www.ulisseland.com\/journal\/?p=384&#038;lang=it"},"modified":"2012-03-12T08:21:32","modified_gmt":"2012-03-12T08:21:32","slug":"8-marzo-2012-a-giuditta-e-a-tutte-le-donne-auguri-dalla-redazione","status":"publish","type":"post","link":"https:\/\/www.ulisseland.com\/journal\/8-marzo-2012-a-giuditta-e-a-tutte-le-donne-auguri-dalla-redazione\/","title":{"rendered":"8 Marzo 2012 \u2013 A GIUDITTA e a tutte le DONNE &#8211; auguri dalla Redazione."},"content":{"rendered":"<p><img loading=\"lazy\" decoding=\"async\" style=\"float: left;\" title=\"Mimosa\" src=\"https:\/\/www.ulisseland.com\/journal\/wp-content\/uploads\/2012\/03\/mimosa.jpg\" alt=\"Mimosa\" width=\"200\" height=\"133\" \/>A tutte le donne, oggi, doniamo la mimosa come simbolo di dolcezza, di delicatezza e di amore.<br \/>\nLa Festa della Donna inizi\u00f2 a celebrarsi negli Stati Uniti nel 1909, in alcuni Paesi Europei nel 1911 ed in Italia nel 1922.<br \/>\nL&#8217;8 marzo 1972 la manifestazione della giornata della donna si tenne a Roma in piazza Campo de&#8217; Fiori: vi partecip\u00f2 anche l&#8217;attrice americana Jane Fonda, che pronunci\u00f2 un breve discorso di adesione, mentre un folto reparto di polizia era schierato intorno alla piazza nella quale poche decine di manifestanti inalberavano cartelli con scritte inconsuete e \u00abscandalose\u00bb: \u00abLegalizzazione dell&#8217;aborto\u00bb, \u00abLiberazione omosessuale\u00bb, \u00abMatrimonio = prostituzione legalizzata\u00bb, e veniva fatto circolare un volantino che chiedeva che non fossero \u00ablo Stato e la Chiesa ma la donna ad avere il diritto di amministrare l&#8217;intero processo della maternit\u00e0\u00bb. Quelle scritte sembrarono intollerabili, perch\u00e9 la polizia caric\u00f2, manganell\u00f2 e disperse le manifestanti. Il 1975 fu designato come &#8220;Anno Internazionale delle Donne&#8221; dalle Nazioni Unite e l&#8217;8 marzo le organizzazioni femminili celebrarono in tutto il mondo proprio la giornata internazionale della donna, con manifestazioni che onoravano gli avanzamenti della donna e ricordavano la necessit\u00e0 di una continua vigilanza per assicurare che la loro uguaglianza fosse ottenuta e mantenuta in tutti gli aspetti della vita civile. A partire da quell&#8217;anno anche le Nazioni Unite riconobbero nell&#8217;8 marzo la giornata dedicata alla donna.<br \/>\nDue anni dopo, nel dicembre 1977, l&#8217;Assemblea generale delle Nazioni Unite adott\u00f2 una risoluzione proclamando una \u00abgiornata delle Nazioni Unite per i diritti della donna e la pace internazionale\u00bb da osservare dagli stati membri in un qualsiasi giorno dell&#8217;anno, in accordo con le tradizioni storiche e nazionali di ogni stato. Adottando questa risoluzione, l&#8217;Assemblea riconobbe il ruolo della donna negli sforzi di pace e riconobbe l&#8217;urgenza di porre fine a ogni discriminazione e di aumentare gli appoggi a una piena e paritaria partecipazione delle donne alla vita civile e sociale del loro paese.<br \/>\nMi sia consentito dedicare questo video a mia Moglie GIUDITTA, pensieri scritti per Lei 47 anni fa, ancora fidanzatini: Tanti tanti auguri Amore mio &#8211; Luigi<br \/>\n<object width=\"580\" height=\"494\" classid=\"clsid:d27cdb6e-ae6d-11cf-96b8-444553540000\" codebase=\"http:\/\/download.macromedia.com\/pub\/shockwave\/cabs\/flash\/swflash.cab#version=6,0,40,0\"><param name=\"allowfullscreen\" value=\"true\" \/><param name=\"allowscriptaccess\" value=\"always\" \/><param name=\"flashvars\" value=\"conf=http:\/\/www.umtvs.tv\/data\/lamimosadicasacocomello.xml&amp;guide=http:\/\/www.umtvs.tv\/data\/lamimosadicasacocomelloguide.xml&amp;banner=http:\/\/www.umtvs.tv\/data\/lamimosadicasacocomellobanner.xml&amp;commercial=http:\/\/www.umtvs.tv\/data\/lamimosadicasacocomellocommercial.xml\" \/><param name=\"src\" value=\"http:\/\/www.umtvs.tv\/misc\/flash\/VidiScript_player.swf\" \/><embed width=\"580\" height=\"494\" type=\"application\/x-shockwave-flash\" src=\"http:\/\/www.umtvs.tv\/misc\/flash\/VidiScript_player.swf\" allowfullscreen=\"true\" allowscriptaccess=\"always\" flashvars=\"conf=http:\/\/www.umtvs.tv\/data\/lamimosadicasacocomello.xml&amp;guide=http:\/\/www.umtvs.tv\/data\/lamimosadicasacocomelloguide.xml&amp;banner=http:\/\/www.umtvs.tv\/data\/lamimosadicasacocomellobanner.xml&amp;commercial=http:\/\/www.umtvs.tv\/data\/lamimosadicasacocomellocommercial.xml\" \/><\/object><br \/>\n<span style=\"color: #003300; font-family: arial black,avant garde;\">LA PRIMA COSA BELLA<\/span><br \/>\n<span style=\"color: #003300; font-family: arial black,avant garde;\"> Di Nicola Di Bari<\/span><br \/>\nHo preso la chitarra<br \/>\ne suono per te<br \/>\nil tempo di imparare<br \/>\nnon l&#8217;ho e non so suonare<br \/>\nma suono per te.<br \/>\nLa senti questa voce<br \/>\nchi canta e` il mio cuore<br \/>\namore amore amore<br \/>\ne` quello che so dire<br \/>\nma tu mi capirai<br \/>\nI prati sono in fiore<br \/>\nprofumi anche tu<br \/>\nho voglia di morire<br \/>\nnon posso piu` cantare<br \/>\nnon chiedo di piu`<br \/>\nLa prima cosa bella<br \/>\nche ho avuto dalla vita<br \/>\ne` il tuo sorriso giovane, sei tu.<br \/>\nTra gli alberi una stella<br \/>\nla notte si e` schiarita<br \/>\nil cuore innamorato sempre piu`<br \/>\nsempre piu`.<br \/>\nLa senti questa voce<br \/>\nchi canta e` il mio cuore<br \/>\namore amore amore<br \/>\ne` quello che so dire<br \/>\nma tu mi capirai<br \/>\nI prati sono in fiore?<br \/>\nLa prima cosa bella<br \/>\nche ho avuto dalla vita<br \/>\ne` il tuo sorriso giovane sei tu<br \/>\nTra gli alberi una stella<br \/>\nla notte si e` schiarita<br \/>\nil cuore innamorato sempre piu`<br \/>\nLa senti questa voce<br \/>\nchi canta e` il mio cuore<br \/>\namore amore amore<br \/>\ne` quello che so dire<br \/>\nma tu mi capirai<br \/>\nma tu mi capirai..<\/p>\n","protected":false},"excerpt":{"rendered":"<p>A tutte le donne, oggi, doniamo la mimosa come simbolo di dolcezza, di delicatezza e di amore. La Festa della Donna inizi\u00f2 a celebrarsi negli Stati Uniti nel 1909, in alcuni Paesi Europei nel 1911 ed in Italia nel 1922. L&#8217;8 marzo 1972 la manifestazione della giornata della donna si tenne a Roma in piazza<\/p>\n","protected":false},"author":1,"featured_media":0,"comment_status":"open","ping_status":"open","sticky":false,"template":"","format":"standard","meta":{"footnotes":""},"categories":[10,1],"tags":[],"class_list":["post-384","post","type-post","status-publish","format-standard","hentry","category-editoriale","category-senza-categoria"],"_links":{"self":[{"href":"https:\/\/www.ulisseland.com\/journal\/wp-json\/wp\/v2\/posts\/384","targetHints":{"allow":["GET"]}}],"collection":[{"href":"https:\/\/www.ulisseland.com\/journal\/wp-json\/wp\/v2\/posts"}],"about":[{"href":"https:\/\/www.ulisseland.com\/journal\/wp-json\/wp\/v2\/types\/post"}],"author":[{"embeddable":true,"href":"https:\/\/www.ulisseland.com\/journal\/wp-json\/wp\/v2\/users\/1"}],"replies":[{"embeddable":true,"href":"https:\/\/www.ulisseland.com\/journal\/wp-json\/wp\/v2\/comments?post=384"}],"version-history":[{"count":15,"href":"https:\/\/www.ulisseland.com\/journal\/wp-json\/wp\/v2\/posts\/384\/revisions"}],"predecessor-version":[{"id":487,"href":"https:\/\/www.ulisseland.com\/journal\/wp-json\/wp\/v2\/posts\/384\/revisions\/487"}],"wp:attachment":[{"href":"https:\/\/www.ulisseland.com\/journal\/wp-json\/wp\/v2\/media?parent=384"}],"wp:term":[{"taxonomy":"category","embeddable":true,"href":"https:\/\/www.ulisseland.com\/journal\/wp-json\/wp\/v2\/categories?post=384"},{"taxonomy":"post_tag","embeddable":true,"href":"https:\/\/www.ulisseland.com\/journal\/wp-json\/wp\/v2\/tags?post=384"}],"curies":[{"name":"wp","href":"https:\/\/api.w.org\/{rel}","templated":true}]}}