{"id":3794,"date":"2012-07-05T09:35:10","date_gmt":"2012-07-05T07:35:10","guid":{"rendered":"http:\/\/www.ulisseland.com\/journal\/?p=3794&#038;lang=it"},"modified":"2012-07-05T09:35:10","modified_gmt":"2012-07-05T07:35:10","slug":"formia-via-i-pullman-dal-centro-della-citta","status":"publish","type":"post","link":"https:\/\/www.ulisseland.com\/journal\/formia-via-i-pullman-dal-centro-della-citta\/","title":{"rendered":"FORMIA: Via i pullman dal centro della citt\u00e0"},"content":{"rendered":"<figure id=\"attachment_3795\" aria-describedby=\"caption-attachment-3795\" style=\"width: 153px\" class=\"wp-caption alignleft\"><a href=\"https:\/\/www.ulisseland.com\/journal\/wp-content\/uploads\/2012\/07\/Cardillo-Pasquale.jpg\"><img loading=\"lazy\" decoding=\"async\" class=\" wp-image-3795 \" title=\"Cardillo Pasquale\" src=\"https:\/\/www.ulisseland.com\/journal\/wp-content\/uploads\/2012\/07\/Cardillo-Pasquale-219x300.jpg\" alt=\"\" width=\"153\" height=\"210\" srcset=\"https:\/\/www.ulisseland.com\/journal\/wp-content\/uploads\/2012\/07\/Cardillo-Pasquale-219x300.jpg 219w, https:\/\/www.ulisseland.com\/journal\/wp-content\/uploads\/2012\/07\/Cardillo-Pasquale-750x1024.jpg 750w, https:\/\/www.ulisseland.com\/journal\/wp-content\/uploads\/2012\/07\/Cardillo-Pasquale-600x818.jpg 600w, https:\/\/www.ulisseland.com\/journal\/wp-content\/uploads\/2012\/07\/Cardillo-Pasquale.jpg 1229w\" sizes=\"auto, (max-width: 153px) 100vw, 153px\" \/><\/a><figcaption id=\"caption-attachment-3795\" class=\"wp-caption-text\">Assessore ai Trasporti Pasquale Cardillo Cupo<\/figcaption><\/figure>\n<p><strong>Per l\u2019Assessore Cardillo Cupo \u00e8 giunta l\u2019ora di indire un conferenza dei Sindaci del Comprensorio.<\/strong><\/p>\n<p>L\u2019 Assessore ai Trasporti ed alla Viabilit\u00e0, Avv. Pasquale Cardillo Cupo, ha raccolto in questi mesi le segnalazioni provenienti dagli anziani e dalle famiglie residenti nel centro cittadino, che hanno evidenziato criticit\u00e0 e disagi dovuti al temporaneo spostamento del capolinea dei Bus Formia \u2013 Gaeta in Via XXIV Maggio in attesa della ultimazione dei lavori sul piazzale antistante la stazione ferroviaria.<\/p>\n<p>Infatti, dopo gli evidenti benefici in termini di vivibilit\u00e0 e salubrit\u00e0 dati dallo spostamento in Piazzale Amerigo Vespucci dei Pullman provenienti e diretti nei vari comuni del comprensorio, i lavori sul piazzale della stazione stanno ora nuovamente compromettendo la vivibilit\u00e0 dei cittadini di Formia.<\/p>\n<p>L\u2019 Assessore, che insieme al Dott. Antonio Miele, Presidente della Commissione Viabilit\u00e0 e Trasporti, si \u00e8 da sempre battuto per\u00a0 l \u2019eliminazione del capolinea dal centro cittadino, ha invitato il citato Miele a convocare con urgenza una apposita commissione ; secondo l \u2019 Avv. Cardillo Cupo \u00e8 il momento di delocalizzare tutti gli autobus dal centro cittadino, compresi quelli Formia \u2013 Gaeta, che sino ad oggi hanno potuto stazionare nei pressi del terminal ferroviario.<\/p>\n<p>In questo periodo di grande caldo, commenta Cardillo Cupo,\u00a0 \u201c non me la sento di colpevolizzare oltre modo gli autisti che per trovare refrigerio accendono gli autobus con qualche minuto di anticipo, ma come amministratore della citt\u00e0 di Formia non posso assolutamente essere indifferente al disagio degli anziani, dei bambini e delle giovani famiglie residenti nel centro, i quali sono impossibilitati ad aprire le loro finestre per evitare che lo smog dei gas di scarico degli autobus invada le loro abitazioni \u201d.<\/p>\n<p>Certo il provvedimento \u00e8 temporaneo, ma la soluzione va trovata immediatamente ; secondo Cardillo Cupo \u00e8 giunto il momento che anche i Sindaci e gli Amministratori del Comprensorio si rendano conto delle problematiche sottese al transito continuo di autobus nel centro cittadino.<\/p>\n<p>Effettuare annunci spot per fare felici i pendolari dei vari Comuni \u00e8 assolutamente inutile ; \u00e8 oramai giunto il momento di agire in modo unitario e coordinato.<\/p>\n<p>La soluzione del resto \u00e8 a portata di mano e frutto dell \u2019 intenso lavoro svolto in questi anni insieme ai vari componenti della commissione trasporti e viabilit\u00e0 ; infatti, il progetto pilota della navetta effettuato nel mese di Dicembre2011 infavore di tutti i cittadini di Formia e dei pendolari dei comuni del comprensorio per raccordare il piazzale Vespucci con la stazione ferroviaria ha dato ottimi risultati.<\/p>\n<p>Unica oggettiva problematica alla instaurazione in modo permanente della citata navetta cittadina era il costo della stessa, difficilmente sostenibile dalle casse del solo Comune di Formia.<\/p>\n<p>Ecco, quindi, che oggi arriva la richiesta dell \u2019 Assessore Cardillo Cupo di indire con urgenza una conferenza di tutti i Sindaci del Comprensorio, cos\u00ec che insieme al Presidente della Commissione si possano illustrare i dati del progetto pilota della navetta e dividere tra i vari Comuni del Comprensorio il costo della navetta : Formia non pu\u00f2 da sola sopportare per tutti i costi legati alla necessit\u00e0 di mobilit\u00e0 dei comuni limitrofi.<\/p>\n<p>Secondo Cardillo Cupo \u00e8 giunto il momento che tutti insieme ci si renda conto della seriet\u00e0 della problematica e si trovino le risorse necessarie a\u00a0 tutelare sia i pendolari dei Comuni limitrofi che i cittadini di Formia, non potendo questa situazione proseguire oltre nella indifferenza generale : salubrit\u00e0 dell \u2019 aria e vivibilit\u00e0 sono valori inderogabili per tutti.<\/p>\n<p>&nbsp;<\/p>\n<p>Il Direttore<\/p>\n<p>Dott. Sergio Monforte<\/p>\n","protected":false},"excerpt":{"rendered":"<p>Per l\u2019Assessore Cardillo Cupo \u00e8 giunta l\u2019ora di indire un conferenza dei Sindaci del Comprensorio. L\u2019 Assessore ai Trasporti ed alla Viabilit\u00e0, Avv. Pasquale Cardillo Cupo, ha raccolto in questi mesi le segnalazioni provenienti dagli anziani e dalle famiglie residenti nel centro cittadino, che hanno evidenziato criticit\u00e0 e disagi dovuti al temporaneo spostamento del capolinea<\/p>\n","protected":false},"author":1,"featured_media":0,"comment_status":"open","ping_status":"open","sticky":false,"template":"","format":"standard","meta":{"footnotes":""},"categories":[14,11],"tags":[],"class_list":["post-3794","post","type-post","status-publish","format-standard","hentry","category-comune-di-formia","category-enti"],"_links":{"self":[{"href":"https:\/\/www.ulisseland.com\/journal\/wp-json\/wp\/v2\/posts\/3794","targetHints":{"allow":["GET"]}}],"collection":[{"href":"https:\/\/www.ulisseland.com\/journal\/wp-json\/wp\/v2\/posts"}],"about":[{"href":"https:\/\/www.ulisseland.com\/journal\/wp-json\/wp\/v2\/types\/post"}],"author":[{"embeddable":true,"href":"https:\/\/www.ulisseland.com\/journal\/wp-json\/wp\/v2\/users\/1"}],"replies":[{"embeddable":true,"href":"https:\/\/www.ulisseland.com\/journal\/wp-json\/wp\/v2\/comments?post=3794"}],"version-history":[{"count":3,"href":"https:\/\/www.ulisseland.com\/journal\/wp-json\/wp\/v2\/posts\/3794\/revisions"}],"predecessor-version":[{"id":3798,"href":"https:\/\/www.ulisseland.com\/journal\/wp-json\/wp\/v2\/posts\/3794\/revisions\/3798"}],"wp:attachment":[{"href":"https:\/\/www.ulisseland.com\/journal\/wp-json\/wp\/v2\/media?parent=3794"}],"wp:term":[{"taxonomy":"category","embeddable":true,"href":"https:\/\/www.ulisseland.com\/journal\/wp-json\/wp\/v2\/categories?post=3794"},{"taxonomy":"post_tag","embeddable":true,"href":"https:\/\/www.ulisseland.com\/journal\/wp-json\/wp\/v2\/tags?post=3794"}],"curies":[{"name":"wp","href":"https:\/\/api.w.org\/{rel}","templated":true}]}}