{"id":3788,"date":"2012-07-05T09:31:21","date_gmt":"2012-07-05T07:31:21","guid":{"rendered":"http:\/\/www.ulisseland.com\/journal\/?p=3788&#038;lang=it"},"modified":"2012-07-05T09:31:21","modified_gmt":"2012-07-05T07:31:21","slug":"formia-tavolo-tecnico-per-la-foce-del-garigliano","status":"publish","type":"post","link":"https:\/\/www.ulisseland.com\/journal\/formia-tavolo-tecnico-per-la-foce-del-garigliano\/","title":{"rendered":"FORMIA: TAVOLO TECNICO PER LA FOCE DEL GARIGLIANO"},"content":{"rendered":"<figure id=\"attachment_3789\" aria-describedby=\"caption-attachment-3789\" style=\"width: 139px\" class=\"wp-caption alignleft\"><a href=\"https:\/\/www.ulisseland.com\/journal\/wp-content\/uploads\/2012\/07\/Gerardo-Stefanelli-assessore-provinciale-allAmbiente.jpg\"><img loading=\"lazy\" decoding=\"async\" class=\" wp-image-3789 \" title=\"Gerardo Stefanelli, assessore provinciale all'Ambiente\" src=\"https:\/\/www.ulisseland.com\/journal\/wp-content\/uploads\/2012\/07\/Gerardo-Stefanelli-assessore-provinciale-allAmbiente-198x300.jpg\" alt=\"\" width=\"139\" height=\"210\" srcset=\"https:\/\/www.ulisseland.com\/journal\/wp-content\/uploads\/2012\/07\/Gerardo-Stefanelli-assessore-provinciale-allAmbiente-198x300.jpg 198w, https:\/\/www.ulisseland.com\/journal\/wp-content\/uploads\/2012\/07\/Gerardo-Stefanelli-assessore-provinciale-allAmbiente.jpg 211w\" sizes=\"auto, (max-width: 139px) 100vw, 139px\" \/><\/a><figcaption id=\"caption-attachment-3789\" class=\"wp-caption-text\">Gerardo Stefanelli, Assessore Provinciale all&#39;Ambiente<\/figcaption><\/figure>\n<p>Continua l\u2019attivit\u00e0 di monitoraggio e di controllo delle acque della foce del Garigliano attraverso la collaborazione tra gli enti preposti al controllo del territorio interessato. Questa la finalit\u00e0 del tavolo tecnico-istituzionale svoltosi presso l\u2019assessorato alle Risorse Idriche dell\u2019Amministrazione provinciale di Caserta, cui hanno preso parte l\u2019assessore all\u2019ambiente della Provincia di Latina Gerardo Stefanelli,la Provinciadi Caserta, il consigliere comunale di Minturno Vincenzo Fedele in rappresentanza del Comune medesimo, l\u2019Autorit\u00e0 di Bacino dei fiumi Liri-Garigliano-Volturno, l\u2019Ufficio locale marittimo di Mondragone.<\/p>\n<p>&lt;&lt;<em>La principale finalit\u00e0 del tavolo tecnico \u00e8 stata quella di esaminare in maniera congiunta e capillare le problematiche connesse alle acque della foce del Garigliano<\/em> \u2013 afferma preliminarmente l\u2019assessore all\u2019ambiente della Provincia di Latina Gerardo Stefanelli \u2013 <em>soltanto attraverso un esame approfondito delle criticit\u00e0 insistenti nell\u2019area si potr\u00e0 individuare una soluzione condivisa in grado di risolvere i problemi del tratto di costa interessato<\/em>&gt;&gt;.<\/p>\n<p>Il tavolo tecnico ha visto la partecipazione di tutti gli enti istituzionali che a vario titolo esercitano poteri di controllo e di salvaguardia sull\u2019area interessata dalle pesanti problematiche legate alla foce del fiume Garigliano.<\/p>\n<p>&lt;&lt;<em>Il tavolo tecnico ha deciso di perseguire due strade parallele<\/em> \u2013 dichiara l\u2019assessore Stefanelli \u2013 <em>la prima conferma il percorso gi\u00e0 intrapreso dalla Provincia di Latina e dal Comune di Minturno per la risoluzione immediata e tempestiva dell\u2019annoso problema dell\u2019insabbiamento della foce del fiume Garigliano, un percorso questo che vede l\u2019intervento in prima battuta dell\u2019Amministrazione provinciale di Latina, che si far\u00e0 carico dei costi economici, e del sindaco di Minturno Paolo Graziano. Gli interventi della Provincia di Latina, del Presidente Cusani, e del Comune di Minturno si muovono di concerto con gli enti interessati nel rispetto del principio di sussidariet\u00e0. L\u2019obiettivo \u00e8 quello di liberare i pericoli presenti alla foce del Garigliano, ed in tal senso occorre sottolineare la tempestivit\u00e0 e la solerzia con la quale il sindaco di Minturno Paolo Graziano \u00e8 intervenuto per fronteggiare l\u2019emergenza<\/em>&gt;&gt;.<\/p>\n<p>&lt;&lt; <em>La seconda strada si snoda attraverso l\u2019adozione di una strategia operativa ad ampio spettro che vede la volont\u00e0 delle amministrazioni provinciali di Latina e Caserta, dei Comuni di Minturno e dell\u2019Autorit\u00e0 di Bacino, di lavorare a lungo termine per l\u2019attuazione di un progetto integrato di sviluppo economico-ambientale dell\u2019intera area<\/em> \u2013 spiega ancora Stefanelli \u2013 <em>che si sostanzier\u00e0 in un quadro di regole certe, concordate tra tutte le istituzioni, all\u2019interno delle quali opereranno gli imprenditori privati<\/em>&gt;&gt;.<\/p>\n<p>&lt;&lt;<em>Il fine della risoluzione delle problematiche della foce del Garigliano \u2013 <\/em>conclude Stefanelli<em> \u2013 \u00e8 quello di porre le basi per un rilancio in chiave economico \u2013 portuale del tratto di costa interessato coinvolgendovi tutte le attivit\u00e0 connesse<\/em>&gt;&gt;.<\/p>\n<p>&nbsp;<\/p>\n<p>Il Direttore<\/p>\n<p>Dott. Sergio Monforte<\/p>\n","protected":false},"excerpt":{"rendered":"<p>Continua l\u2019attivit\u00e0 di monitoraggio e di controllo delle acque della foce del Garigliano attraverso la collaborazione tra gli enti preposti al controllo del territorio interessato. Questa la finalit\u00e0 del tavolo tecnico-istituzionale svoltosi presso l\u2019assessorato alle Risorse Idriche dell\u2019Amministrazione provinciale di Caserta, cui hanno preso parte l\u2019assessore all\u2019ambiente della Provincia di Latina Gerardo Stefanelli,la Provinciadi Caserta,<\/p>\n","protected":false},"author":1,"featured_media":0,"comment_status":"open","ping_status":"open","sticky":false,"template":"","format":"standard","meta":{"footnotes":""},"categories":[14,11],"tags":[],"class_list":["post-3788","post","type-post","status-publish","format-standard","hentry","category-comune-di-formia","category-enti"],"_links":{"self":[{"href":"https:\/\/www.ulisseland.com\/journal\/wp-json\/wp\/v2\/posts\/3788","targetHints":{"allow":["GET"]}}],"collection":[{"href":"https:\/\/www.ulisseland.com\/journal\/wp-json\/wp\/v2\/posts"}],"about":[{"href":"https:\/\/www.ulisseland.com\/journal\/wp-json\/wp\/v2\/types\/post"}],"author":[{"embeddable":true,"href":"https:\/\/www.ulisseland.com\/journal\/wp-json\/wp\/v2\/users\/1"}],"replies":[{"embeddable":true,"href":"https:\/\/www.ulisseland.com\/journal\/wp-json\/wp\/v2\/comments?post=3788"}],"version-history":[{"count":4,"href":"https:\/\/www.ulisseland.com\/journal\/wp-json\/wp\/v2\/posts\/3788\/revisions"}],"predecessor-version":[{"id":3793,"href":"https:\/\/www.ulisseland.com\/journal\/wp-json\/wp\/v2\/posts\/3788\/revisions\/3793"}],"wp:attachment":[{"href":"https:\/\/www.ulisseland.com\/journal\/wp-json\/wp\/v2\/media?parent=3788"}],"wp:term":[{"taxonomy":"category","embeddable":true,"href":"https:\/\/www.ulisseland.com\/journal\/wp-json\/wp\/v2\/categories?post=3788"},{"taxonomy":"post_tag","embeddable":true,"href":"https:\/\/www.ulisseland.com\/journal\/wp-json\/wp\/v2\/tags?post=3788"}],"curies":[{"name":"wp","href":"https:\/\/api.w.org\/{rel}","templated":true}]}}