{"id":3693,"date":"2012-07-03T16:35:53","date_gmt":"2012-07-03T14:35:53","guid":{"rendered":"http:\/\/www.ulisseland.com\/journal\/?p=3693&#038;lang=it"},"modified":"2012-07-19T15:01:34","modified_gmt":"2012-07-19T13:01:34","slug":"50-raggeo-in-ricordo-di-r-i-t-a-c-i-c-a-l-a-il-figlio-guido-gussetti","status":"publish","type":"post","link":"https:\/\/www.ulisseland.com\/journal\/50-raggeo-in-ricordo-di-r-i-t-a-c-i-c-a-l-a-il-figlio-guido-gussetti\/","title":{"rendered":"50\u00b0 RAGGEO \u2013 in ricordo di R i t a   C I C A L A:  il Figlio Guido Gussetti"},"content":{"rendered":"<p>Buongiorno Luigi,<\/p>\n<p>sono Guido Gussetti, figlio maggiore di <strong>Rita Cicala<\/strong>, ci siamo sentiti ieri mattina ed \u00e8 stato un piacere per me conoscerla seppure, per ora, solo per telefono, e sapere che cosa state organizzando a Formia: \u00e8 bello mantenere i contatti con i compagni di scuola dopo tanto tempo.<\/p>\n<p>Purtroppo mia mamma non potr\u00e0 partecipare alla vostra festa, \u00e8 scomparsa il 3 giugno 2008 dopo una lunga malattia. N\u00e8 io, n\u00e8 i miei fratelli, n\u00e8 mio padre potremo essere presenti, abitiamo in Veneto e non riusciremo a venire; a settembre\/ottobre dovrei venire a Formia con mia moglie e le mie figlie, la chiamer\u00f2 sicuramente.<\/p>\n<p>Mi chiedeva una breve nota sulla vita di mia mamma, eccola qui, ovviamente parto da dopo la maturit\u00e0 (visto che fino ad allora penso voi la ricordiate):<\/p>\n<p>mia mamma lavor\u00f2 come ragioniera\/impiegata amministrativa alla Richard Ginori di Gaeta fino al 1970, nel 1967 conobbe mio pap\u00e0 (Pio Gussetti), che studiava all&#8217;universit\u00e0 di Napoli; mio pap\u00e0 \u00e8 di Rigolato (Carnia, Udine) &#8211; dunque, breve inciso, i miei fratelli ed io abbiamo orgogliosamente un sangue molto misto: carnici da parte di padre, siciliani-laziali da parte di madre.<\/p>\n<p>Mamma e pap\u00e0 si sposarono a Nimis (Udine) il 19 settembre del 1971 e abitarono in Friuli fino al 1976 (prima a Tolmezzo per un paio di anni, poi a San Daniele del Friuli).<\/p>\n<p>Fino alla nascita mia, mia mamma insegn\u00f2 un paio d&#8217;anni; mio pap\u00e0 ha lavorato sempre, fino al pensionamento nel 2002, presso le Assicurazioni Generali.<\/p>\n<p>Io nacqui a Udine il 7 giugno 1972, mia sorella Anna sempre a Udine il 23 novembre 1973; dopo aver vissuto il terremoto del Friuli del maggio 1976, ci trasferimmo a Priverno (Latina) dove restammo per tre anni; nel 1979 mio pap\u00e0 fu nuovamente trasferito per lavoro, a Castelfranco Veneto (Treviso), dove la nostra famiglia ha vissuto e dove vivono tuttora i miei fratelli Anna, Paolo (nato appunto a Castelfranco Veneto il 12 luglio 1980) e mio pap\u00e0.<\/p>\n<p>Mia mamma, quando Paolo comp\u00ec 10 anni, riprese a lavorare come impiegata amministrativa nella scuola; continu\u00f2 il lavoro per circa 10 anni, poi purtroppo si ammal\u00f2 e, dopo una lunga e brutta malattia, scomparse, come scrivevo sopra, il 3 giugno di quattro anni fa.<\/p>\n<p>Prima di lasciarci, comunque, aveva potuto avere i primi due nipotini: Lucia, nata nel 2002 (figlia mia e di mia moglie Sonia) e Guido, nato nel 2007 (figlio di mia sorella Anna e del suo compagno spagnolo Victor); dopo la scomparsa di mamma sono nati, entrambi nel 2009, Aurora (seconda figlia mia) e Manel (secondo figlio di mia sorella Anna). Paolo per ora non ha figli e convive con la sua compagna Luna.<\/p>\n<p>Altre notizie ulteriori sui miei fratelli: entrambi sono laureti in lingue (entrambi spagnolo e inglese) ed entrambi hanno iniziato da qualche anno il loro percorso come insegnanti di scuola.<\/p>\n<p>Tutti siamo stati e siamo rimasti molto legati a mamma: prima della malattia, durante e dopo la morte.<\/p>\n<p>E&#8217; sempre stato lei il fulcro della nostra famiglia; amava molto Formia, ci venivamo tutti ogni estate per un mese, andavamo in spiaggia all&#8217;Ariana, per vari anni siamo venuti anche per Natale, stavamo\u00a0coi miei nonni,\u00a0coi fratelli e le sorelle di mia mamma, coi miei cugini, coi tanti amici (su tutti la famiglia di Anna Di Vito e del compianto Salvatore &#8220;Savino&#8221; Parasmo).<\/p>\n<p>A Formia sono legati tanti dei \u00a0ricordi pi\u00f9 belli di mia mamma, che mi parlava ogni tanto delle sue superiori, della gita dell&#8217;ultimo anno, della festa in cui fu eletta &#8220;Miss Raggeo&#8221; (mia mamma conservava con fierezza l&#8217;articolo di giornale in cui veniva citato questo particolare, se lo ritrovo lo scansiono e glielo mando).<\/p>\n<p>Anch&#8217;io sono molto legato a Formia, ai miei parenti e amici, coi quali mantengo sempre un contatto costante.<\/p>\n<p>Mia mamma \u00e8 sempre stata una persona mite, fine; ci ha educato con l&#8217;esempio ed era veramente una brava persona, era bello parlare con lei, stare con lei; ci manca molto, come di certo ogni mamma quando scompare manca ai propri figli.<\/p>\n<p>Ora \u00e8 passato qualche anno e per me il dolore della mancanza sta diventando un ricordo bello seppure malinconico.<\/p>\n<p>Finisco qui, quando ci vedremo potremo riprendere il discorso&#8230;<\/p>\n<p>Ora la saluto, e saluto tutti i partecipanti alla vostra festa; in particolare Anna Di Vito, che ho visto nelle foto.<\/p>\n<p>&nbsp;<\/p>\n<p>PS: una breve precisazione su di me: non sono tenente colonnello, ma un semplice tenente dei Carabinieri nella riserva: ho fatto l&#8217;AUC degli Alpini, poi il sottotenente e il tenente dei Carabinieri e prestato servizio in ferma biennale; in tutto sono rimasto 4 anni (da met\u00e0 1996 a fine 2000) nell&#8217;Arma dei Carabinieri, spostandomi da Aosta a Roma, da Bologna a Catania a Sesto San Giovanni; dopo il congedo mi sono trasferito a Schio (Vicenza), dove vivo con Sonia mia moglie e le mie due bimbe Lucia e Aurora e dove svolgo la professione di consulente del lavoro.<\/p>\n<p>Cordialmente,\u00a0\u00a0 Guido Gussetti &#8211; Via Tommaseo, 32\u00a0 &#8211; 36015 \u00a0Schio \u00a0(VI) &#8211; Mobile: 320-0590240<\/p>\n<figure id=\"attachment_3695\" aria-describedby=\"caption-attachment-3695\" style=\"width: 586px\" class=\"wp-caption aligncenter\"><a href=\"https:\/\/www.ulisseland.com\/journal\/wp-content\/uploads\/2012\/07\/Foto-Gruppo-con-Rita-Cicala-individuata1.jpg\"><img loading=\"lazy\" decoding=\"async\" class=\"size-large wp-image-3695\" title=\"Foto Gruppo con Rita Cicala individuata\" src=\"https:\/\/www.ulisseland.com\/journal\/wp-content\/uploads\/2012\/07\/Foto-Gruppo-con-Rita-Cicala-individuata1-1024x710.jpg\" alt=\"\" width=\"586\" height=\"406\" srcset=\"https:\/\/www.ulisseland.com\/journal\/wp-content\/uploads\/2012\/07\/Foto-Gruppo-con-Rita-Cicala-individuata1-1024x710.jpg 1024w, https:\/\/www.ulisseland.com\/journal\/wp-content\/uploads\/2012\/07\/Foto-Gruppo-con-Rita-Cicala-individuata1-300x208.jpg 300w, https:\/\/www.ulisseland.com\/journal\/wp-content\/uploads\/2012\/07\/Foto-Gruppo-con-Rita-Cicala-individuata1-600x416.jpg 600w\" sizes=\"auto, (max-width: 586px) 100vw, 586px\" \/><\/a><figcaption id=\"caption-attachment-3695\" class=\"wp-caption-text\">Gruppo 5 A e 5 B - con Rita Cicala<\/figcaption><\/figure>\n<div align=\"center\">\n<object width=\"580\" height=\"494\" data=\"http:\/\/www.umtvs.tv\/misc\/flash\/VidiScript_player.swf\" type=\"application\/x-shockwave-flash\"><param name=\"movie\" value=\"http:\/\/www.umtvs.tv\/misc\/flash\/VidiScript_player.swf\" \/><param name=\"allowfullscreen\" value=\"true\" \/><param name=\"allowscriptaccess\" value=\"always\" \/><param name=\"flashvars\" value=\"conf=http:\/\/www.umtvs.tv\/data\/50raggeochiesa.xml&#038;guide=http:\/\/www.umtvs.tv\/data\/50raggeochiesaguide.xml&#038;banner=http:\/\/www.umtvs.tv\/data\/50raggeochiesabanner.xml&#038;commercial=http:\/\/www.umtvs.tv\/data\/50raggeochiesacommercial.xml\" \/><\/object><\/div>\n","protected":false},"excerpt":{"rendered":"<p>Buongiorno Luigi, sono Guido Gussetti, figlio maggiore di Rita Cicala, ci siamo sentiti ieri mattina ed \u00e8 stato un piacere per me conoscerla seppure, per ora, solo per telefono, e sapere che cosa state organizzando a Formia: \u00e8 bello mantenere i contatti con i compagni di scuola dopo tanto tempo. Purtroppo mia mamma non potr\u00e0<\/p>\n","protected":false},"author":1,"featured_media":0,"comment_status":"open","ping_status":"open","sticky":false,"template":"","format":"standard","meta":{"footnotes":""},"categories":[10,48],"tags":[],"class_list":["post-3693","post","type-post","status-publish","format-standard","hentry","category-editoriale","category-50-raggeo"],"_links":{"self":[{"href":"https:\/\/www.ulisseland.com\/journal\/wp-json\/wp\/v2\/posts\/3693","targetHints":{"allow":["GET"]}}],"collection":[{"href":"https:\/\/www.ulisseland.com\/journal\/wp-json\/wp\/v2\/posts"}],"about":[{"href":"https:\/\/www.ulisseland.com\/journal\/wp-json\/wp\/v2\/types\/post"}],"author":[{"embeddable":true,"href":"https:\/\/www.ulisseland.com\/journal\/wp-json\/wp\/v2\/users\/1"}],"replies":[{"embeddable":true,"href":"https:\/\/www.ulisseland.com\/journal\/wp-json\/wp\/v2\/comments?post=3693"}],"version-history":[{"count":9,"href":"https:\/\/www.ulisseland.com\/journal\/wp-json\/wp\/v2\/posts\/3693\/revisions"}],"predecessor-version":[{"id":3700,"href":"https:\/\/www.ulisseland.com\/journal\/wp-json\/wp\/v2\/posts\/3693\/revisions\/3700"}],"wp:attachment":[{"href":"https:\/\/www.ulisseland.com\/journal\/wp-json\/wp\/v2\/media?parent=3693"}],"wp:term":[{"taxonomy":"category","embeddable":true,"href":"https:\/\/www.ulisseland.com\/journal\/wp-json\/wp\/v2\/categories?post=3693"},{"taxonomy":"post_tag","embeddable":true,"href":"https:\/\/www.ulisseland.com\/journal\/wp-json\/wp\/v2\/tags?post=3693"}],"curies":[{"name":"wp","href":"https:\/\/api.w.org\/{rel}","templated":true}]}}