{"id":3617,"date":"2012-06-25T15:55:48","date_gmt":"2012-06-25T13:55:48","guid":{"rendered":"http:\/\/www.ulisseland.com\/journal\/?p=3617&#038;lang=it"},"modified":"2012-06-25T16:05:04","modified_gmt":"2012-06-25T14:05:04","slug":"r-c-incontro-sul-temala-chiesa-assiro-caldea","status":"publish","type":"post","link":"https:\/\/www.ulisseland.com\/journal\/r-c-incontro-sul-temala-chiesa-assiro-caldea\/","title":{"rendered":"R.C. INCONTRO SUL TEMA:\u201dLA CHIESA ASSIRO CALDEA\u201d."},"content":{"rendered":"<figure id=\"attachment_3618\" aria-describedby=\"caption-attachment-3618\" style=\"width: 398px\" class=\"wp-caption alignright\"><a href=\"https:\/\/www.ulisseland.com\/journal\/wp-content\/uploads\/2012\/06\/Il-Pubblico-Presente-allincontro.jpg\"><img loading=\"lazy\" decoding=\"async\" class=\" wp-image-3618 \" title=\"Il Pubblico Presente all'incontro\" src=\"https:\/\/www.ulisseland.com\/journal\/wp-content\/uploads\/2012\/06\/Il-Pubblico-Presente-allincontro.jpg\" alt=\"\" width=\"398\" height=\"299\" srcset=\"https:\/\/www.ulisseland.com\/journal\/wp-content\/uploads\/2012\/06\/Il-Pubblico-Presente-allincontro.jpg 663w, https:\/\/www.ulisseland.com\/journal\/wp-content\/uploads\/2012\/06\/Il-Pubblico-Presente-allincontro-300x225.jpg 300w, https:\/\/www.ulisseland.com\/journal\/wp-content\/uploads\/2012\/06\/Il-Pubblico-Presente-allincontro-600x451.jpg 600w\" sizes=\"auto, (max-width: 398px) 100vw, 398px\" \/><\/a><figcaption id=\"caption-attachment-3618\" class=\"wp-caption-text\">Il Pubblico Presente all&#39;incontro<\/figcaption><\/figure>\n<p>Si \u00e8 tenuto il 23 giugno 2012 presso la sala conferenze della Provincia di Reggio Calabria un Incontro dal tema \u201cLa chiesa Assiro Caldea\u201d tra storia ed attualit\u00e0, organizzato dal Circolo San Giorgio del Movimento Cristiano Lavoratori e l\u2019Ordine della Piet\u00e0 del Pellicano. Nonostante la calura estiva l\u2019evento ha raccolto il consenso di numerose presenze anche qualificate che hanno partecipato attivamente all\u2019incontro con Sua Eccellenza Leopoldo Francesco Luigi Mancini D\u2019Ausignano, Monarca de Jure e de Facto e Gran Priore Spirituale della Piet\u00e0 del Pellicano, Primate d\u2019Italia e dell\u2019 Europa Occidentale della Chiesa Cattolica Apostolica Assiro-Caldea Precalcedoniana.<\/p>\n<p>L\u2019incontro Patrocinato dalla Provincia di Reggio Calabria ha avuto come moderatore la Presidente del Circolo San Giorgio MCL Dott.ssa Silvana Salvaggio ed \u00e8 stato arricchito dagli interventi dell\u2019Avv. Antonino Aloi e dalla Prof.ssa Angela Fiorentino. La Presidente del Circolo MCL dott.ssa Salvaggio nella sua presentazione ha voluto ricordare ai presenti che il Circolo San Giorgio del<strong> <\/strong>Movimento Cristiano Lavoratori \u00e8 da pi\u00f9 di tre anni impegnato in citt\u00e0 al servizio del bene comune nelle caritas parrocchiane, nelle iniziative di carit\u00e0 e di cultura dei valori cristiani, nel volontariato e nella assistenza agli emigrati ed agli emarginati, nel sostegno alle famiglie pi\u00f9 bisognose, ma ugualmente si adopera per<strong> <\/strong>il sostegno alle comunit\u00e0 cristiane anche lontane dal nostro territorio<strong>, <\/strong>una delle ultime iniziative infatti \u00e8 stata fatta a favore dei padri Maristi del Senegal e del Camerun, abbiamo inoltre sostenuto, per il Patriarcato di Gerusalemme, il progetto di costruire un polo abitativo per 80 nuclei familiari appartenenti alla comunit\u00e0 cristiana, nel quartiere di Beit Safafa a Gerusalemme. La Presidente ha ribadito \u201cA<em>bbiamo accolto con piacere l\u2019invito da parte dell\u2019Ordine della Piet\u00e0 del Pellicano di organizzare insieme, questo incontro di conoscenza con la Chiesa Assiro Caldea, tra l\u2019altro ospitando la massima autorit\u00e0 della comunit\u00e0 nella persona del Padre Adeodato Mons. Mancini, \u00e8 stato facile per noi del MCL trovare l\u2019unit\u00e0 e la coesione d\u2019intenti con l\u2019Ordine della Piet\u00e0 del Pellicano intorno alla condivisione dei valori cristiani, inoltre siamo pronti a condividere, in futuro, insieme a loro, un comune cammino di carit\u00e0 segno di speranza verso un mondo lacerato e in confusione\u201d.<\/em><\/p>\n<p>Avv. Antonino Aloi che ha fatto un interessante excursus storico dalla nascita della Chiesa Assiro Assira Caldea fino ai giorni nostri.<\/p>\n<p>L\u2019Avv. Aloi, \u00e8 membro dell\u2019Ordine della Piet\u00e0 del Pellicano,\u00a0 In Italia i Cattolici Assiro e Caldei hanno costituito la chiesa Ortodossa Orientale Assiro-Caldea che ha giurisdizione sull\u2019Europa Occidentale, questa Chiesa \u00e8 entrata definitivamente in comunione con la chiesa Cattolica nell\u2019anno 2005. La chiesa Assiro Caldea d\u2019Occidente fin dal 1648, con il Cardinale Mazzarino, si \u00e8 occupata della formazione religiosa e culturale dell\u2019Ordine Monastico Templare della Piet\u00e0 del Pellicano.<strong> <\/strong>Oggi la Chiesa Assiro Caldea, oltre che in Europa \u00e8 presente in una vasta aerea geografica che va dalla Irak alla Cina.<\/p>\n<p>Nel suo intervento la Prof.ssa Angela Fiorentino ha relazionato sull\u2019importanza storica dell \u2019Ordine della Piet\u00e0 del Pellicano, ordine che inizialmente nato come esclusivo Ordine Monastico Cavalleresco, \u00e8 oggi formato da Cavalieri sia laici che ecclesiastici. E\u2019 articolato su novantanove Ordini, operanti nel mondo, con rispettivi Magisteri tutti guidati da Governatori e Dux Regis Cristiani che seguono i dettami e la regola spirituale di Sant\u2019Antonio Abate ma facenti capo ad un unico Monarca dell\u2019Ordine. Della nascita di quest\u2019Ordine, di nobile tradizione Cavalleresca, esistono pochissimi reperti in quanto volutamente non realizzati per motivi di umilt\u00e0; infatti ha da sempre fatto proprio il motto \u201c<strong><em>Essere e non Apparire<\/em><\/strong>\u201d. I Cavalieri che oggi aderiscono a quest\u2019Ordine, sempre in maniera riservata, portano avanti progetti di solidariet\u00e0 con aiuti concreti alle popolazioni cristiane del mondo che vivono in difficolt\u00e0, a causa di persecuzioni, guerre e carestie. Infatti sono presenti sovvenzionando loro missioni in diversi Paesi del Corno d\u2019Africa, in Medio Oriente ed in Cina.<\/p>\n<p>Mons. Mancini, ha immediatamente carpito l\u2019attenzione della platea raccontando le vicissitudini del suo nobile Casato che ha accompagnato la nascita e la storia fino ai giorni nostri dell\u2019Ordine della Piet\u00e0 del Pellicano. Personaggio carismatico, colto ed illuminato ha sviscerato nomi, date ed avvenimenti legati alla storia Europea e Mondiale, l\u2019uditorio per pi\u00f9 di un\u2019ora ha ascoltato dalla sua voce racconti storici e di vita vissuta di grande contenuto ed inoltre significative esperienze spirituali che consentivano di spaziare con la mente dal Medievo ai giorni nostri, senza mai tediare ma suscitando continui interessi e sollecitazioni. In un pomeriggio di inizio estate, a Reggio Calabria, forse \u00e8 avvenuto un miracolo\u2026quale? Quello di interrogarsi sui valori della solidariet\u00e0, difesa dei deboli, protezione degli orfani e delle vedove, delle fanciulle indifese, fedelt\u00e0 alla parola data, lealt\u00e0 verso il proprio stesso nemico, piet\u00e0 per l\u2019avversario battuto sul campo \u2013 tutte cose che nessuna rivoluzione, nessuna evoluzione, nessun trauma della storia, ha mai privato del loro effettivo significato.<\/p>\n<p>Cose mai desuete \u2013 disattese s\u00ec, spesso, ma mai negate<strong> <\/strong>dalla coscienza civile dei popoli. Valori che la societ\u00e0 odierna deve assolutamente riscoprire e perseverare, per raggiungere una nuova coscienza sociale indirizzata al bene comune.<\/p>\n<p>Reggio Calabria, li 23.6.12\u00a0\u00a0\u00a0\u00a0\u00a0\u00a0\u00a0\u00a0\u00a0\u00a0\u00a0\u00a0\u00a0\u00a0\u00a0\u00a0\u00a0\u00a0\u00a0\u00a0\u00a0\u00a0\u00a0\u00a0\u00a0\u00a0\u00a0\u00a0\u00a0\u00a0\u00a0\u00a0\u00a0\u00a0\u00a0\u00a0\u00a0\u00a0\u00a0\u00a0\u00a0\u00a0\u00a0\u00a0\u00a0\u00a0\u00a0\u00a0\u00a0\u00a0\u00a0\u00a0\u00a0\u00a0\u00a0\u00a0\u00a0\u00a0\u00a0\u00a0\u00a0\u00a0\u00a0\u00a0\u00a0\u00a0\u00a0\u00a0\u00a0\u00a0\u00a0\u00a0\u00a0\u00a0\u00a0\u00a0\u00a0\u00a0\u00a0\u00a0\u00a0\u00a0\u00a0\u00a0\u00a0\u00a0 Dr.ssa Silvana Salvaggio<\/p>\n<figure id=\"attachment_3624\" aria-describedby=\"caption-attachment-3624\" style=\"width: 154px\" class=\"wp-caption alignleft\"><a href=\"https:\/\/www.ulisseland.com\/journal\/wp-content\/uploads\/2012\/06\/Daniele-Dattola.jpg\"><img loading=\"lazy\" decoding=\"async\" class=\"size-full wp-image-3624\" title=\"Daniele Dattola\" src=\"https:\/\/www.ulisseland.com\/journal\/wp-content\/uploads\/2012\/06\/Daniele-Dattola.jpg\" alt=\"\" width=\"154\" height=\"195\" \/><\/a><figcaption id=\"caption-attachment-3624\" class=\"wp-caption-text\">Daniele Dattola<\/figcaption><\/figure>\n<p>Servizio curato da Daniele Dattola<\/p>\n","protected":false},"excerpt":{"rendered":"<p>Si \u00e8 tenuto il 23 giugno 2012 presso la sala conferenze della Provincia di Reggio Calabria un Incontro dal tema \u201cLa chiesa Assiro Caldea\u201d tra storia ed attualit\u00e0, organizzato dal Circolo San Giorgio del Movimento Cristiano Lavoratori e l\u2019Ordine della Piet\u00e0 del Pellicano. Nonostante la calura estiva l\u2019evento ha raccolto il consenso di numerose presenze<\/p>\n","protected":false},"author":1,"featured_media":0,"comment_status":"open","ping_status":"open","sticky":false,"template":"","format":"standard","meta":{"footnotes":""},"categories":[36,12],"tags":[],"class_list":["post-3617","post","type-post","status-publish","format-standard","hentry","category-comune-di-melito-di-porto-salvo","category-cultura"],"_links":{"self":[{"href":"https:\/\/www.ulisseland.com\/journal\/wp-json\/wp\/v2\/posts\/3617","targetHints":{"allow":["GET"]}}],"collection":[{"href":"https:\/\/www.ulisseland.com\/journal\/wp-json\/wp\/v2\/posts"}],"about":[{"href":"https:\/\/www.ulisseland.com\/journal\/wp-json\/wp\/v2\/types\/post"}],"author":[{"embeddable":true,"href":"https:\/\/www.ulisseland.com\/journal\/wp-json\/wp\/v2\/users\/1"}],"replies":[{"embeddable":true,"href":"https:\/\/www.ulisseland.com\/journal\/wp-json\/wp\/v2\/comments?post=3617"}],"version-history":[{"count":6,"href":"https:\/\/www.ulisseland.com\/journal\/wp-json\/wp\/v2\/posts\/3617\/revisions"}],"predecessor-version":[{"id":3621,"href":"https:\/\/www.ulisseland.com\/journal\/wp-json\/wp\/v2\/posts\/3617\/revisions\/3621"}],"wp:attachment":[{"href":"https:\/\/www.ulisseland.com\/journal\/wp-json\/wp\/v2\/media?parent=3617"}],"wp:term":[{"taxonomy":"category","embeddable":true,"href":"https:\/\/www.ulisseland.com\/journal\/wp-json\/wp\/v2\/categories?post=3617"},{"taxonomy":"post_tag","embeddable":true,"href":"https:\/\/www.ulisseland.com\/journal\/wp-json\/wp\/v2\/tags?post=3617"}],"curies":[{"name":"wp","href":"https:\/\/api.w.org\/{rel}","templated":true}]}}