{"id":3588,"date":"2012-06-25T14:59:40","date_gmt":"2012-06-25T12:59:40","guid":{"rendered":"http:\/\/www.ulisseland.com\/journal\/?p=3588&#038;lang=it"},"modified":"2012-06-25T14:59:40","modified_gmt":"2012-06-25T12:59:40","slug":"formia-pronta-lacquisizione-del-parco-villa-rubino-ed-il-collegamento-con-larea-portuale","status":"publish","type":"post","link":"https:\/\/www.ulisseland.com\/journal\/formia-pronta-lacquisizione-del-parco-villa-rubino-ed-il-collegamento-con-larea-portuale\/","title":{"rendered":"FORMIA: Pronta l\u2019acquisizione del parco Villa Rubino ed il collegamento con l\u2019area portuale"},"content":{"rendered":"<p>La giunta Forte ha deliberato la richiesta di un finanziamento regionale relativo al progetto preliminare di \u201cAcquisto e valorizzazione turistico-culturale del parco di Villa Rubino\u201d.<\/p>\n<p>Il complesso archeologico di Villa Rubino e dell\u2019area circostante nel 2003 era stato gia segnalato alla Regione Lazio come \u201carea naturale e protetta e monumento naturale\u201d da inserire in un percorso culturale e turistico della Riviera di ponente. Un\u2019idea di recupero e riqualificazione delle risorse dei beni monumentali per arricchire e potenziare l\u2019offerta di un turismo culturale da inserire in un contesto di servizi collegati\u00a0 alle attivit\u00e0 balneari e sportive del mare.<\/p>\n<p>L\u2019esecutivo, nell\u2019approvare il programma d\u2019intervento &#8211; predisposto dal settore Opere Pubbliche &#8211;\u00a0 relativo all\u2019acquisto e valorizzazione del parco di Villa Rubino \u2013\u00a0 ha dato mandato al sindaco di richiedere alla Regione Lazio\u00a0 la somma di \u20ac 2.000.000, necessaria per la realizzazione dei lavori. Detta opera fa parte del programma triennale ed elenco annuale approvati con delibera consiliare.<\/p>\n<p>Soddisfazione a riguardo \u00e8 stata espressa dall\u2019assessore al turismo Vittorio Pecorino<\/p>\n<p>\u201c Il Parco Villa Rubino rappresenta una grande risorsa archeologica per questa citt\u00e0, bene ha fatto il sindaco a proporre il recupero di beni artistici che ben si coniugano con le attivit\u00e0 turistiche di Caposele e dell\u2019intero litorale di Vindicio.<\/p>\n<p>Un progetto definitivo-esecutivo, redatto dal settore Opere Pubbliche, che approder\u00e0 quanto prima in giunta per l\u2019approvazione\u201d.<\/p>\n<p>Altro importante provvedimento approvato dall\u2019esecutivo ha riguardato il \u201cpercorso di connessione Piazza della Vittoria \/ Piazzale delle Poste con area portuale e attraversamento su suolo urbano della SS Flacca\u201d.<\/p>\n<p>\u201cUna infrastruttura strategica di attraversamento &#8211; dichiara l\u2019assessore ai lavori\u00a0 pubblici Erasmo Ciccolella &#8211; che rientra nell\u2019opera \u201cFormiae: citt\u00e0 di mare\u201d. Il progetto \u00e8 finalizzato ad accostare e collegare il centro citt\u00e0 con il suo porto. Un punto di connessione privilegiato per i collegamenti con le isole pontine che necessita sul piano della sicurezza di una struttura adeguata di attraversamento per scongiurare i pericoli derivanti da flussi di traffico pesante che insistono sulla Flacca e che interferiscono sulla viabilit\u00e0 urbana. Un tratto di strada che ha gi\u00e0 causato incidenti mortali. Il finanziamento richiesto alla Regione Lazio per la realizzazione dell\u2019intervento di connessione \u00e8 \u20ac 3.050.000.<\/p>\n<p>Accantonato il precedente progetto di \u201c Sovrappasso Pedonale Piazza della Vittoria\u201d per un importo di \u20ac 1.443.900,\u00a0 considerate le difficolt\u00e0 da superare per la complessit\u00e0 delle opere, la molteplicit\u00e0 dei pareri da acquisire e la peculiarit\u00e0 ingegneristica dell\u2019intervento da realizzare\u201d.<\/p>\n<figure id=\"attachment_3589\" aria-describedby=\"caption-attachment-3589\" style=\"width: 500px\" class=\"wp-caption aligncenter\"><a href=\"https:\/\/www.ulisseland.com\/journal\/wp-content\/uploads\/2012\/06\/Area-Villa-Rubino.jpg\"><img loading=\"lazy\" decoding=\"async\" class=\"size-full wp-image-3589\" title=\"Area Villa Rubino\" src=\"https:\/\/www.ulisseland.com\/journal\/wp-content\/uploads\/2012\/06\/Area-Villa-Rubino.jpg\" alt=\"\" width=\"500\" height=\"190\" srcset=\"https:\/\/www.ulisseland.com\/journal\/wp-content\/uploads\/2012\/06\/Area-Villa-Rubino.jpg 500w, https:\/\/www.ulisseland.com\/journal\/wp-content\/uploads\/2012\/06\/Area-Villa-Rubino-300x114.jpg 300w\" sizes=\"auto, (max-width: 500px) 100vw, 500px\" \/><\/a><figcaption id=\"caption-attachment-3589\" class=\"wp-caption-text\">Villa Rubino e l&#39;Area circostante<\/figcaption><\/figure>\n<p>Il Direttore Dott. Sergio Monforte<\/p>\n","protected":false},"excerpt":{"rendered":"<p>La giunta Forte ha deliberato la richiesta di un finanziamento regionale relativo al progetto preliminare di \u201cAcquisto e valorizzazione turistico-culturale del parco di Villa Rubino\u201d. Il complesso archeologico di Villa Rubino e dell\u2019area circostante nel 2003 era stato gia segnalato alla Regione Lazio come \u201carea naturale e protetta e monumento naturale\u201d da inserire in un<\/p>\n","protected":false},"author":1,"featured_media":0,"comment_status":"open","ping_status":"open","sticky":false,"template":"","format":"standard","meta":{"footnotes":""},"categories":[1],"tags":[],"class_list":["post-3588","post","type-post","status-publish","format-standard","hentry","category-senza-categoria"],"_links":{"self":[{"href":"https:\/\/www.ulisseland.com\/journal\/wp-json\/wp\/v2\/posts\/3588","targetHints":{"allow":["GET"]}}],"collection":[{"href":"https:\/\/www.ulisseland.com\/journal\/wp-json\/wp\/v2\/posts"}],"about":[{"href":"https:\/\/www.ulisseland.com\/journal\/wp-json\/wp\/v2\/types\/post"}],"author":[{"embeddable":true,"href":"https:\/\/www.ulisseland.com\/journal\/wp-json\/wp\/v2\/users\/1"}],"replies":[{"embeddable":true,"href":"https:\/\/www.ulisseland.com\/journal\/wp-json\/wp\/v2\/comments?post=3588"}],"version-history":[{"count":1,"href":"https:\/\/www.ulisseland.com\/journal\/wp-json\/wp\/v2\/posts\/3588\/revisions"}],"predecessor-version":[{"id":3590,"href":"https:\/\/www.ulisseland.com\/journal\/wp-json\/wp\/v2\/posts\/3588\/revisions\/3590"}],"wp:attachment":[{"href":"https:\/\/www.ulisseland.com\/journal\/wp-json\/wp\/v2\/media?parent=3588"}],"wp:term":[{"taxonomy":"category","embeddable":true,"href":"https:\/\/www.ulisseland.com\/journal\/wp-json\/wp\/v2\/categories?post=3588"},{"taxonomy":"post_tag","embeddable":true,"href":"https:\/\/www.ulisseland.com\/journal\/wp-json\/wp\/v2\/tags?post=3588"}],"curies":[{"name":"wp","href":"https:\/\/api.w.org\/{rel}","templated":true}]}}