{"id":3580,"date":"2012-06-25T14:41:42","date_gmt":"2012-06-25T12:41:42","guid":{"rendered":"http:\/\/www.ulisseland.com\/journal\/?p=3580&#038;lang=it"},"modified":"2012-06-25T14:42:48","modified_gmt":"2012-06-25T12:42:48","slug":"formia-rifiuti-a-s-janni-di-salvatore-ciccone","status":"publish","type":"post","link":"https:\/\/www.ulisseland.com\/journal\/formia-rifiuti-a-s-janni-di-salvatore-ciccone\/","title":{"rendered":"Formia &#8211; rifiuti a S. Janni &#8211; di Salvatore Ciccone"},"content":{"rendered":"<p>RICEVIAMO e PUBBLICHIAMO<\/p>\n<p style=\"text-align: right;\">Al Responsabile Servizio di Igiene Urbana<br \/>\nGeom. Gino Forte<\/p>\n<p style=\"text-align: right;\">Comune di <span style=\"text-decoration: underline;\">FORMIA<br \/>\n<\/span><\/p>\n<p style=\"text-align: left;\"><a href=\"https:\/\/www.ulisseland.com\/journal\/wp-content\/uploads\/2012\/06\/Foto_1-s.janni_.jpg\"><img loading=\"lazy\" decoding=\"async\" class=\"alignleft  wp-image-3581\" title=\"Foto_1 s.janni\" src=\"https:\/\/www.ulisseland.com\/journal\/wp-content\/uploads\/2012\/06\/Foto_1-s.janni_.jpg\" alt=\"Cassonetti a S.Janni\" width=\"448\" height=\"290\" srcset=\"https:\/\/www.ulisseland.com\/journal\/wp-content\/uploads\/2012\/06\/Foto_1-s.janni_.jpg 2592w, https:\/\/www.ulisseland.com\/journal\/wp-content\/uploads\/2012\/06\/Foto_1-s.janni_-300x193.jpg 300w, https:\/\/www.ulisseland.com\/journal\/wp-content\/uploads\/2012\/06\/Foto_1-s.janni_-1024x661.jpg 1024w, https:\/\/www.ulisseland.com\/journal\/wp-content\/uploads\/2012\/06\/Foto_1-s.janni_-600x387.jpg 600w\" sizes=\"auto, (max-width: 448px) 100vw, 448px\" \/><\/a><br \/>\nFacendo seguito alla documentazione inviata e alla sua missiva del 22.05.2012, prot.296, si fa rilevare che lo stato del luogo non solo \u00e8 rimasto invariato, ma aggravato ora dall&#8217;aggiunta di un settimo cassonetto per indifferenziato. A me sembra evidente, al contrario di quanto da Lei denunciato, che non si tratta di una discarica abusiva bens\u00ec di una discarica autorizzata, in quanto a numero, posizione (al limite di una zona con<br \/>\nraccolta porta a porta), predisposizione per i coperchi tenuti forzatamente aperti, mancanza di comunicazione in quanto i cartelli sui cassonetti sono illegibili e mancanti di sanzionamento: tutto questo \u00e8<br \/>\nun invito esplicito alla discarica, neppure\u00a0 contestabile dagli abitanti, a rischio di liti, la deposizione dei rifiuti da parte di questa utenza &#8220;abusiva&#8221; perch\u00e9 effettivamente ognuno si sente in diritto di usufruire di questo &#8220;servizio&#8221;. Tale situazione cos\u00ec voluta inspiegabilmente \u00e8 intollerabile, anzitutto per le pi\u00f9 elementari norme di igiene, poi per quelle del decoro urbano (tra le altre cose davanti ad uno dei pochi alberghi di<br \/>\nFormia) nella via principale di accesso al lido orientale e quindi, ma non da ultimo nei confronti di una propriet\u00e0 privata con la conseguente privazione coercitiva della dignit\u00e0 di singoli cittadini.<\/p>\n<figure id=\"attachment_3582\" aria-describedby=\"caption-attachment-3582\" style=\"width: 594px\" class=\"wp-caption aligncenter\"><a href=\"https:\/\/www.ulisseland.com\/journal\/wp-content\/uploads\/2012\/06\/Foto_3-s.janni_.jpg\"><img loading=\"lazy\" decoding=\"async\" class=\"wp-image-3582   \" title=\"Foto_3 s.janni\" src=\"https:\/\/www.ulisseland.com\/journal\/wp-content\/uploads\/2012\/06\/Foto_3-s.janni_.jpg\" alt=\"\" width=\"594\" height=\"381\" srcset=\"https:\/\/www.ulisseland.com\/journal\/wp-content\/uploads\/2012\/06\/Foto_3-s.janni_.jpg 2577w, https:\/\/www.ulisseland.com\/journal\/wp-content\/uploads\/2012\/06\/Foto_3-s.janni_-300x192.jpg 300w, https:\/\/www.ulisseland.com\/journal\/wp-content\/uploads\/2012\/06\/Foto_3-s.janni_-1024x656.jpg 1024w, https:\/\/www.ulisseland.com\/journal\/wp-content\/uploads\/2012\/06\/Foto_3-s.janni_-600x384.jpg 600w\" sizes=\"auto, (max-width: 594px) 100vw, 594px\" \/><\/a><figcaption id=\"caption-attachment-3582\" class=\"wp-caption-text\">Cassonetti a S.Janni<\/figcaption><\/figure>\n<p style=\"text-align: left;\">Dalle foto \u00e8 evidente come l&#8217;incrocio condominiale viene invaso dai rifiuti oltre cassonetto e il verde che si vorrebbe per norma devoluto al pubblico godimento viene occluso dai rifiuti anche con rischio di propagazione di incendio: dalla stessa vegetazione i topi salgono e scendono dai cassonetti!<br \/>\nE proprio su questa ultima conseguenza io intendo denunziare questo sopruso, in quanto vivo nell&#8217;immodizia pur pagando quanto dovuto.<br \/>\nLa esorto pertanto a rimuovere tempestivamente questo sovrannumero di cassonetti e a farli tenere con il coperchio chiuso, anticipandone altri presso l&#8217;incrocio. In mancanza di un sollecito riscontro in loco mi vedr\u00f2 costretto (intendendo l&#8217;intero condominio della traversa) ad intraprendere come di diritto\u00a0 un&#8217;azione presso gli\u00a0 Uffici Superiori e alle Forze dell&#8217;Ordine per una immediata rimozione del problema.<\/p>\n<p>\u00a0\u00a0\u00a0\u00a0\u00a0\u00a0\u00a0\u00a0\u00a0\u00a0\u00a0\u00a0\u00a0\u00a0\u00a0\u00a0\u00a0\u00a0\u00a0\u00a0\u00a0\u00a0\u00a0\u00a0\u00a0\u00a0\u00a0\u00a0\u00a0\u00a0\u00a0\u00a0\u00a0\u00a0\u00a0\u00a0\u00a0\u00a0\u00a0\u00a0\u00a0\u00a0\u00a0\u00a0\u00a0\u00a0\u00a0\u00a0\u00a0\u00a0\u00a0\u00a0\u00a0\u00a0\u00a0\u00a0\u00a0\u00a0\u00a0\u00a0\u00a0\u00a0\u00a0\u00a0\u00a0\u00a0\u00a0\u00a0\u00a0\u00a0\u00a0\u00a0\u00a0\u00a0\u00a0\u00a0\u00a0\u00a0\u00a0\u00a0\u00a0\u00a0\u00a0\u00a0\u00a0\u00a0\u00a0\u00a0\u00a0\u00a0\u00a0\u00a0\u00a0\u00a0\u00a0\u00a0\u00a0\u00a0\u00a0\u00a0\u00a0\u00a0\u00a0\u00a0\u00a0\u00a0\u00a0\u00a0\u00a0\u00a0\u00a0\u00a0\u00a0\u00a0\u00a0\u00a0\u00a0\u00a0\u00a0\u00a0\u00a0\u00a0\u00a0\u00a0\u00a0\u00a0\u00a0\u00a0\u00a0\u00a0\u00a0 Arch. Salvatore Ciccone<\/p>\n","protected":false},"excerpt":{"rendered":"<p>RICEVIAMO e PUBBLICHIAMO Al Responsabile Servizio di Igiene Urbana Geom. Gino Forte Comune di FORMIA Facendo seguito alla documentazione inviata e alla sua missiva del 22.05.2012, prot.296, si fa rilevare che lo stato del luogo non solo \u00e8 rimasto invariato, ma aggravato ora dall&#8217;aggiunta di un settimo cassonetto per indifferenziato. A me sembra evidente, al<\/p>\n","protected":false},"author":1,"featured_media":0,"comment_status":"open","ping_status":"open","sticky":false,"template":"","format":"standard","meta":{"footnotes":""},"categories":[1],"tags":[],"class_list":["post-3580","post","type-post","status-publish","format-standard","hentry","category-senza-categoria"],"_links":{"self":[{"href":"https:\/\/www.ulisseland.com\/journal\/wp-json\/wp\/v2\/posts\/3580","targetHints":{"allow":["GET"]}}],"collection":[{"href":"https:\/\/www.ulisseland.com\/journal\/wp-json\/wp\/v2\/posts"}],"about":[{"href":"https:\/\/www.ulisseland.com\/journal\/wp-json\/wp\/v2\/types\/post"}],"author":[{"embeddable":true,"href":"https:\/\/www.ulisseland.com\/journal\/wp-json\/wp\/v2\/users\/1"}],"replies":[{"embeddable":true,"href":"https:\/\/www.ulisseland.com\/journal\/wp-json\/wp\/v2\/comments?post=3580"}],"version-history":[{"count":2,"href":"https:\/\/www.ulisseland.com\/journal\/wp-json\/wp\/v2\/posts\/3580\/revisions"}],"predecessor-version":[{"id":3584,"href":"https:\/\/www.ulisseland.com\/journal\/wp-json\/wp\/v2\/posts\/3580\/revisions\/3584"}],"wp:attachment":[{"href":"https:\/\/www.ulisseland.com\/journal\/wp-json\/wp\/v2\/media?parent=3580"}],"wp:term":[{"taxonomy":"category","embeddable":true,"href":"https:\/\/www.ulisseland.com\/journal\/wp-json\/wp\/v2\/categories?post=3580"},{"taxonomy":"post_tag","embeddable":true,"href":"https:\/\/www.ulisseland.com\/journal\/wp-json\/wp\/v2\/tags?post=3580"}],"curies":[{"name":"wp","href":"https:\/\/api.w.org\/{rel}","templated":true}]}}