{"id":3521,"date":"2012-06-25T00:52:22","date_gmt":"2012-06-24T22:52:22","guid":{"rendered":"http:\/\/www.ulisseland.com\/journal\/?p=3521&#038;lang=it"},"modified":"2012-06-25T00:56:51","modified_gmt":"2012-06-24T22:56:51","slug":"sport-che-grande-domenica-24-maggio-2012","status":"publish","type":"post","link":"https:\/\/www.ulisseland.com\/journal\/sport-che-grande-domenica-24-maggio-2012\/","title":{"rendered":"SPORT -\u2026\u2026\u2026\u2026\u2026.che grande domenica \u2013 24 maggio 2012"},"content":{"rendered":"<p><strong><span style=\"text-decoration: underline;\">16.30<\/span><\/strong> &#8211; VINCONO FERRARI e FERNANDO ALONSO<\/p>\n<figure id=\"attachment_3522\" aria-describedby=\"caption-attachment-3522\" style=\"width: 393px\" class=\"wp-caption alignleft\"><a href=\"https:\/\/www.ulisseland.com\/journal\/wp-content\/uploads\/2012\/06\/IL-PODIO-DI-VALENCIA.jpg\"><img loading=\"lazy\" decoding=\"async\" class=\" wp-image-3522 \" title=\"IL PODIO DI VALENCIA\" src=\"https:\/\/www.ulisseland.com\/journal\/wp-content\/uploads\/2012\/06\/IL-PODIO-DI-VALENCIA.jpg\" alt=\"\" width=\"393\" height=\"218\" srcset=\"https:\/\/www.ulisseland.com\/journal\/wp-content\/uploads\/2012\/06\/IL-PODIO-DI-VALENCIA.jpg 491w, https:\/\/www.ulisseland.com\/journal\/wp-content\/uploads\/2012\/06\/IL-PODIO-DI-VALENCIA-300x166.jpg 300w\" sizes=\"auto, (max-width: 393px) 100vw, 393px\" \/><\/a><figcaption id=\"caption-attachment-3522\" class=\"wp-caption-text\">IL PODIO DI VALENCIA<\/figcaption><\/figure>\n<p>Dalla grande delusione di ieri (11\u00b0 nelle prove)\u00a0 all&#8217;indescrivibile gioia di oggi, grandissimi sorpassi e poi primo alla bandiera a scacchi: Fernando Alonso trionfa al Gp d&#8217;Europa compiendo un vero capolavoro. Secondo posto per la Lotus di Kimi Raikkonen.\u00a0Mentre si susseguivano gli inni Spagnolo e Italiano per un Podio fatto di tre ex campioni Mondiali (Ferraristi) perch\u00e9 al terzo posto \u00e8 giunto Michael Schumacher, che torna sul podio a 43 anni con la sua Mercedes, per la prima volta da quando \u00e8 tornato a gareggiare. Certo tutto \u00e8 accaduto dopo lo stop per guasto meccanico di Sebastian Vettel (ancora non precisato dalla Red Bull), e dopo il contatto fatale di Lewis Hamilton e Pastor Maldonado che ha costretto l\u2019inglese al ritiro. Ritiro anche per foratura di Felipe Massa. Alonso si porta cos\u00ec in testa al Mondiale Piloti (111) punti davanti a Mark Webber (91), oggi partito diciannovesimo e finito in quarta posizione. Oggi la Red Bull aveva iniziato molto bene con Vettel che aveva preso il largo gi\u00e0 alla partenza ma al 29\u00b0 giro \u00e8 entrata in pista la safety car a causa del contatto tra la Caterham di Kovalainen e la Toro Rosso di Vergne. A quel momento \u00e8 iniziata la impressionante serie di sorpassi di Alonso che lo ha portato alla vittoria. Grande entusiasmo dei tantissimi tifosi del\u00a0 \u201ccavallino rampante\u201d ed entusiasmanti immagini degli uomini ferrari tutti in coro durante l\u2019inno di Mameli. <strong>Alonso in testa al mondiale:<\/strong> Alonso torna in testa al Mondiale piloti con 111 punti davanti a Mark Webber su Red Bull (91 punti), Lewis Hamilton (McLaren, 88) e Sebastian Vettel (Red Bull, 85).<\/p>\n<p>&nbsp;<\/p>\n<p><strong><span style=\"text-decoration: underline;\">18.30<\/span><\/strong> &#8211; LE FRECCE TRICOLORI a Marina di MASSA<\/p>\n<p><a href=\"https:\/\/www.ulisseland.com\/journal\/wp-content\/uploads\/2012\/06\/Air-Show-Cinquale.jpg\"><img loading=\"lazy\" decoding=\"async\" class=\"alignleft  wp-image-3523\" title=\"LE FRECCE AZZURRE\" src=\"https:\/\/www.ulisseland.com\/journal\/wp-content\/uploads\/2012\/06\/Air-Show-Cinquale.jpg\" alt=\"\" width=\"192\" height=\"274\" srcset=\"https:\/\/www.ulisseland.com\/journal\/wp-content\/uploads\/2012\/06\/Air-Show-Cinquale.jpg 300w, https:\/\/www.ulisseland.com\/journal\/wp-content\/uploads\/2012\/06\/Air-Show-Cinquale-210x300.jpg 210w\" sizes=\"auto, (max-width: 192px) 100vw, 192px\" \/><\/a><\/p>\n<p>Con 200 mila spettatori, sparsi sul litorale di Marina di Massa, grandissima ed emozionante esibizione delle Frecce Tricolori. Tre ore di Televisione spettacolari in questo pomeriggio di domenica 24 giugno tra il grandissimo successo Ferrari e l\u2019attesa per la partita della Nazionale Italiana di Calcio contro gli Inglesi. L&#8217;<a href=\"http:\/\/www.aeroclubmarinadimassa.it\">Aeroclub di Marina di Massa<\/a> in collaborazione con il <a href=\"http:\/\/www.comune.montignoso.ms.it\">Comune di Montignoso <\/a>ha organizzato l&#8217;<a href=\"http:\/\/www.aeroclubmarinadimassa.it\/airshow.php\">Air Show 2012<\/a>, in programma\u00a0<strong>Sabato 23 e Domenica\u00a024 Giugno <\/strong>al <em>Cinquale<\/em>. E\u2019 stato un susseguirsi di esibizioni, spettacoli, mostre e fiere ospitati sia nell&#8217;area dell&#8217;Aeroclub di Marina di Massa che sul lungomare di Cinquale. L&#8217;aeroporto ha ospitato anche <em>stand e simulatori di volo<\/em>, oltre ad un suggestivo spettacolo notturno &#8220;<em>Gocce Tricolori<\/em>&#8221; con fontane danzanti e giochi d&#8217;acqua. L&#8217;<strong>esibizione delle Frecce Tricolori<\/strong>, evento di spicco dell&#8217;<a href=\"http:\/\/www.aeroclubmarinadimassa.it\/airshow.php\">Air Show 2012<\/a> \u00e8 stato seguito in <strong>diretta su Rai 1<\/strong>, a cura di Rai Sport.<\/p>\n<p>&nbsp;<\/p>\n<p align=\"center\"><strong><span style=\"text-decoration: underline;\">23.30<\/span><\/strong> &#8211; ITALIA \u2013 INGHILTERRA VINCE L&#8217;ITALIA\u00a0<strong> 4-3<\/strong>\u00a0 ai calci di rigore<\/p>\n<p align=\"center\"><strong>Dopo i tempi regolamentari \u00a00 \u2013 0 \u00a0 uguale risultato dopo i tempi supplementari \u00a0 4 \u2013 3 ai rigori<\/strong><\/p>\n<figure id=\"attachment_3524\" aria-describedby=\"caption-attachment-3524\" style=\"width: 276px\" class=\"wp-caption alignleft\"><a href=\"https:\/\/www.ulisseland.com\/journal\/wp-content\/uploads\/2012\/06\/gianluigi_buffon.jpg\"><img loading=\"lazy\" decoding=\"async\" class=\" wp-image-3524 \" title=\"gianluigi_buffon\" src=\"https:\/\/www.ulisseland.com\/journal\/wp-content\/uploads\/2012\/06\/gianluigi_buffon.jpg\" alt=\"\" width=\"276\" height=\"172\" srcset=\"https:\/\/www.ulisseland.com\/journal\/wp-content\/uploads\/2012\/06\/gianluigi_buffon.jpg 460w, https:\/\/www.ulisseland.com\/journal\/wp-content\/uploads\/2012\/06\/gianluigi_buffon-300x187.jpg 300w\" sizes=\"auto, (max-width: 276px) 100vw, 276px\" \/><\/a><figcaption id=\"caption-attachment-3524\" class=\"wp-caption-text\">Gianluigi Buffon Ha parato un rigore<\/figcaption><\/figure>\n<p><strong>E\u2019 stata una partita a senso unico, l\u2019Italia ha giocato da grande squadra per l\u2019intera partita. Grandi occasioni per Balottelli, De Rossi, Montolivo (l\u2019unico a sbagliare il rigore), e nel finale Diamanti. Prandelli ha elogiato, nelle dichiarazioni finali la squadra, senza distinzioni, per la qualit\u00e0 del gioco<\/strong><\/p>\n<figure id=\"attachment_3525\" aria-describedby=\"caption-attachment-3525\" style=\"width: 160px\" class=\"wp-caption alignright\"><a href=\"https:\/\/www.ulisseland.com\/journal\/wp-content\/uploads\/2012\/06\/Alessandro-Diamanti.jpg\"><img loading=\"lazy\" decoding=\"async\" class=\" wp-image-3525 \" title=\"Alessandro Diamanti\" src=\"https:\/\/www.ulisseland.com\/journal\/wp-content\/uploads\/2012\/06\/Alessandro-Diamanti.jpg\" alt=\"\" width=\"160\" height=\"114\" \/><\/a><figcaption id=\"caption-attachment-3525\" class=\"wp-caption-text\">Alessandro Diamanti - Rigore decisivo<\/figcaption><\/figure>\n<p><strong> mostrata in campo di fronte ad una squadra, l\u2019Inghilterra, che ha sviluppato un gioco abbastanza simile a quello italiano ma con minor grinta. Grande festa nel dopo partita per gli azzurri, che ora, con i supplementari nelle gambe, con molti giocatori diffidati, che ora incontreranno i tedeschi in semifinale. Prandelli per\u00f2 ha gi\u00e0 ottenuto\u00a0 un grande risultato, dopo i fallimentari campionati del mondo in Sud Africa, riporta il calcio italiano, tra le nazioni protagoniste. Spagna \u2013 Portogallo \u2013 Germania e Italia sono ora le quattro finaliste che si giocheranno la coppa. Ripensando alle criticit\u00e0 della vigilia, alla partenza da Coverciano \u00a0per giocare gli europei, per la Nazionale di Prandelli, \u00e8 gi\u00e0 un grande risultato. Quello che giunger\u00e0 ora, a cominciare dalla sfida con i tedeschi, sar\u00e0 meritato. Un ragazzino emiliano nel dopopartita rivolgendosi a Pirlo ha sostenuto \u201ccon questa Italia cos\u00ec nessun risultato \u00e8 precluso\u201d \u2013 speriamo che questo sentimento sia di buon auspicio per il cammino europeo della nazionale italiana.<\/strong><\/p>\n<figure id=\"attachment_3526\" aria-describedby=\"caption-attachment-3526\" style=\"width: 638px\" class=\"wp-caption aligncenter\"><a href=\"https:\/\/www.ulisseland.com\/journal\/wp-content\/uploads\/2012\/06\/Cesare-Prandelli.jpg\"><img loading=\"lazy\" decoding=\"async\" class=\"wp-image-3526 \" title=\"Cesare Prandelli\" src=\"https:\/\/www.ulisseland.com\/journal\/wp-content\/uploads\/2012\/06\/Cesare-Prandelli.jpg\" alt=\"\" width=\"638\" height=\"425\" srcset=\"https:\/\/www.ulisseland.com\/journal\/wp-content\/uploads\/2012\/06\/Cesare-Prandelli.jpg 638w, https:\/\/www.ulisseland.com\/journal\/wp-content\/uploads\/2012\/06\/Cesare-Prandelli-300x199.jpg 300w, https:\/\/www.ulisseland.com\/journal\/wp-content\/uploads\/2012\/06\/Cesare-Prandelli-600x399.jpg 600w\" sizes=\"auto, (max-width: 638px) 100vw, 638px\" \/><\/a><figcaption id=\"caption-attachment-3526\" class=\"wp-caption-text\">Cesare Prandelli Allenatore vincente<\/figcaption><\/figure>\n<p><em>\u2026\u2026\u2026\u2026\u2026<strong>che grande domenica<\/strong>, quella di oggi, vissuta nel segno del successo. Una grandissima boccata di ossigeno che serviva al nostro Paese per allontanare gli spettri della crisi, ridare fiducia ai terremotati emiliani, per riportare il nostro calcio fuori dalla miseria del calcio scommesse, di taluni imbecilli che non meritano pi\u00f9 la militanza sportiva\u2026\u2026\u2026\u2026\u2026.. Grazie Italia dei motori, grazie Italia dell\u2019Aereonautica Militare, e anche grazie all\u2019Italia del Calcio.<\/em><\/p>\n<p>Luigi Cocomello<\/p>\n","protected":false},"excerpt":{"rendered":"<p>16.30 &#8211; VINCONO FERRARI e FERNANDO ALONSO Dalla grande delusione di ieri (11\u00b0 nelle prove)\u00a0 all&#8217;indescrivibile gioia di oggi, grandissimi sorpassi e poi primo alla bandiera a scacchi: Fernando Alonso trionfa al Gp d&#8217;Europa compiendo un vero capolavoro. Secondo posto per la Lotus di Kimi Raikkonen.\u00a0Mentre si susseguivano gli inni Spagnolo e Italiano per un<\/p>\n","protected":false},"author":1,"featured_media":0,"comment_status":"open","ping_status":"open","sticky":false,"template":"","format":"standard","meta":{"footnotes":""},"categories":[6,7],"tags":[],"class_list":["post-3521","post","type-post","status-publish","format-standard","hentry","category-sport","category-sport-ultime"],"_links":{"self":[{"href":"https:\/\/www.ulisseland.com\/journal\/wp-json\/wp\/v2\/posts\/3521","targetHints":{"allow":["GET"]}}],"collection":[{"href":"https:\/\/www.ulisseland.com\/journal\/wp-json\/wp\/v2\/posts"}],"about":[{"href":"https:\/\/www.ulisseland.com\/journal\/wp-json\/wp\/v2\/types\/post"}],"author":[{"embeddable":true,"href":"https:\/\/www.ulisseland.com\/journal\/wp-json\/wp\/v2\/users\/1"}],"replies":[{"embeddable":true,"href":"https:\/\/www.ulisseland.com\/journal\/wp-json\/wp\/v2\/comments?post=3521"}],"version-history":[{"count":3,"href":"https:\/\/www.ulisseland.com\/journal\/wp-json\/wp\/v2\/posts\/3521\/revisions"}],"predecessor-version":[{"id":3528,"href":"https:\/\/www.ulisseland.com\/journal\/wp-json\/wp\/v2\/posts\/3521\/revisions\/3528"}],"wp:attachment":[{"href":"https:\/\/www.ulisseland.com\/journal\/wp-json\/wp\/v2\/media?parent=3521"}],"wp:term":[{"taxonomy":"category","embeddable":true,"href":"https:\/\/www.ulisseland.com\/journal\/wp-json\/wp\/v2\/categories?post=3521"},{"taxonomy":"post_tag","embeddable":true,"href":"https:\/\/www.ulisseland.com\/journal\/wp-json\/wp\/v2\/tags?post=3521"}],"curies":[{"name":"wp","href":"https:\/\/api.w.org\/{rel}","templated":true}]}}