{"id":3406,"date":"2012-06-19T18:09:33","date_gmt":"2012-06-19T16:09:33","guid":{"rendered":"http:\/\/www.ulisseland.com\/journal\/?p=3406&#038;lang=it"},"modified":"2012-06-19T18:10:28","modified_gmt":"2012-06-19T16:10:28","slug":"europei-di-calcio-italia-irlanda-2-a-0-accesso-degli-azzurri-ai-quarti-di-finale-2","status":"publish","type":"post","link":"https:\/\/www.ulisseland.com\/journal\/europei-di-calcio-italia-irlanda-2-a-0-accesso-degli-azzurri-ai-quarti-di-finale-2\/","title":{"rendered":"EUROPEI di CALCIO \u2013 ITALIA-IRLANDA 2 a 0 \u2013 Accesso degli azzurri ai quarti di finale."},"content":{"rendered":"<figure id=\"attachment_3383\" aria-describedby=\"caption-attachment-3383\" style=\"width: 300px\" class=\"wp-caption aligncenter\"><a href=\"https:\/\/www.ulisseland.com\/journal\/wp-content\/uploads\/2012\/06\/La-formazione-iniziale-di-Italia-Irlanda-2-0.jpeg\"><img loading=\"lazy\" decoding=\"async\" class=\"size-medium wp-image-3383\" title=\"La formazione iniziale di Italia Irlanda (2-0)\" src=\"https:\/\/www.ulisseland.com\/journal\/wp-content\/uploads\/2012\/06\/La-formazione-iniziale-di-Italia-Irlanda-2-0-300x199.jpg\" alt=\"\" width=\"300\" height=\"199\" srcset=\"https:\/\/www.ulisseland.com\/journal\/wp-content\/uploads\/2012\/06\/La-formazione-iniziale-di-Italia-Irlanda-2-0-300x199.jpg 300w, https:\/\/www.ulisseland.com\/journal\/wp-content\/uploads\/2012\/06\/La-formazione-iniziale-di-Italia-Irlanda-2-0-600x399.jpg 600w, https:\/\/www.ulisseland.com\/journal\/wp-content\/uploads\/2012\/06\/La-formazione-iniziale-di-Italia-Irlanda-2-0.jpeg 800w\" sizes=\"auto, (max-width: 300px) 100vw, 300px\" \/><\/a><figcaption id=\"caption-attachment-3383\" class=\"wp-caption-text\">La formazione iniziale di Italia - Irlanda<\/figcaption><\/figure>\n<figure id=\"attachment_3385\" aria-describedby=\"caption-attachment-3385\" style=\"width: 155px\" class=\"wp-caption alignright\"><a href=\"https:\/\/www.ulisseland.com\/journal\/wp-content\/uploads\/2012\/06\/balotelli-tf-afp-258.jpg\"><img loading=\"lazy\" decoding=\"async\" class=\" wp-image-3385  \" title=\"balotelli-tf-afp-258\" src=\"https:\/\/www.ulisseland.com\/journal\/wp-content\/uploads\/2012\/06\/balotelli-tf-afp-258.jpg\" alt=\"\" width=\"155\" height=\"155\" srcset=\"https:\/\/www.ulisseland.com\/journal\/wp-content\/uploads\/2012\/06\/balotelli-tf-afp-258.jpg 258w, https:\/\/www.ulisseland.com\/journal\/wp-content\/uploads\/2012\/06\/balotelli-tf-afp-258-150x150.jpg 150w, https:\/\/www.ulisseland.com\/journal\/wp-content\/uploads\/2012\/06\/balotelli-tf-afp-258-50x50.jpg 50w\" sizes=\"auto, (max-width: 155px) 100vw, 155px\" \/><\/a><figcaption id=\"caption-attachment-3385\" class=\"wp-caption-text\">Mario Balotelli<\/figcaption><\/figure>\n<figure id=\"attachment_3386\" aria-describedby=\"caption-attachment-3386\" style=\"width: 145px\" class=\"wp-caption alignleft\"><a href=\"https:\/\/www.ulisseland.com\/journal\/wp-content\/uploads\/2012\/06\/cassano-gol-irlanda.jpg\"><img loading=\"lazy\" decoding=\"async\" class=\" wp-image-3386 \" title=\"EURO 2012: ITALY VS IRELAND\" src=\"https:\/\/www.ulisseland.com\/journal\/wp-content\/uploads\/2012\/06\/cassano-gol-irlanda-242x300.jpg\" alt=\"\" width=\"145\" height=\"180\" srcset=\"https:\/\/www.ulisseland.com\/journal\/wp-content\/uploads\/2012\/06\/cassano-gol-irlanda-242x300.jpg 242w, https:\/\/www.ulisseland.com\/journal\/wp-content\/uploads\/2012\/06\/cassano-gol-irlanda-600x741.jpg 600w, https:\/\/www.ulisseland.com\/journal\/wp-content\/uploads\/2012\/06\/cassano-gol-irlanda.jpg 660w\" sizes=\"auto, (max-width: 145px) 100vw, 145px\" \/><\/a><figcaption id=\"caption-attachment-3386\" class=\"wp-caption-text\">Antonio Cassano<\/figcaption><\/figure>\n<p>\u00c8 stata una qualificazione sofferta, se non altro perch\u00e9 un gol di Cassano nel primo tempo e uno di Balotelli nella ripresa non fotografano perfettamente lo svolgimento della gara, vinta con fatica dalla squadra italiana, spesso in difficolt\u00e0 di fronte alla generosit\u00e0 e alla fisicit\u00e0 di un avversario modesto tecnicamente. Fatto sta che gli azzurri, spesso in scacco sul piano tattico contro il maestro Trapattoni, tornano alla \u00a0vittoria nella fase \u00a0finale di una grande manifestazione dopo 4 anni e una striscia di sei gare senza successi; \u00a0forse trovano ora \u00a0un assetto pi\u00f9 convincente. Se il nuovo schieramento sia sufficiente a far decollare le loro prospettive si vedr\u00e0, certo \u00e8 che il passaggio del turno consente di mettersi davanti alla \u00a0tv domani a guardare cosa emerge dalle combinazioni delle potenziali avversarie e preparare poi la sfida di domenica con una serenit\u00e0 decisamente superiore a quella vissuta in questi giorni.<br \/>\nCesare Prandelli sintetizza a fine gara le emozioni del successo. \u00ab\u00c8 stata una partita molto difficile, abbiamo affrontato una squadra che ci ha fatto soffrire. Oggi abbiamo capito che oltre alla qualit\u00e0 serve molto cuore\u00bb. \u00abDobbiamo pensare &#8211; ha aggiunto il ct &#8211; che la prossima sar\u00e0 una partita come questa. Cercheremo di costruire sempre gioco. Stasera abbiamo creato tanto, spero che sar\u00e0 cos\u00ec anche alla prossima occasione\u00bb.<\/p>\n<figure id=\"attachment_3388\" aria-describedby=\"caption-attachment-3388\" style=\"width: 136px\" class=\"wp-caption alignleft\"><a href=\"https:\/\/www.ulisseland.com\/journal\/wp-content\/uploads\/2012\/06\/De-Rossi.jpg\"><img loading=\"lazy\" decoding=\"async\" class=\" wp-image-3388 \" title=\"De Rossi\" src=\"https:\/\/www.ulisseland.com\/journal\/wp-content\/uploads\/2012\/06\/De-Rossi.jpg\" alt=\"\" width=\"136\" height=\"107\" \/><\/a><figcaption id=\"caption-attachment-3388\" class=\"wp-caption-text\">Daniele De Rossi<\/figcaption><\/figure>\n<figure id=\"attachment_3387\" aria-describedby=\"caption-attachment-3387\" style=\"width: 144px\" class=\"wp-caption alignright\"><a href=\"https:\/\/www.ulisseland.com\/journal\/wp-content\/uploads\/2012\/06\/Claudio-Marchisio.jpg\"><img loading=\"lazy\" decoding=\"async\" class=\" wp-image-3387  \" title=\"Italy v Ireland - Group C: UEFA EURO 2012\" src=\"https:\/\/www.ulisseland.com\/journal\/wp-content\/uploads\/2012\/06\/Claudio-Marchisio-300x295.jpg\" alt=\"\" width=\"144\" height=\"142\" srcset=\"https:\/\/www.ulisseland.com\/journal\/wp-content\/uploads\/2012\/06\/Claudio-Marchisio-300x295.jpg 300w, https:\/\/www.ulisseland.com\/journal\/wp-content\/uploads\/2012\/06\/Claudio-Marchisio-600x590.jpg 600w, https:\/\/www.ulisseland.com\/journal\/wp-content\/uploads\/2012\/06\/Claudio-Marchisio-50x50.jpg 50w, https:\/\/www.ulisseland.com\/journal\/wp-content\/uploads\/2012\/06\/Claudio-Marchisio.jpg 980w\" sizes=\"auto, (max-width: 144px) 100vw, 144px\" \/><\/a><figcaption id=\"caption-attachment-3387\" class=\"wp-caption-text\">Claudio Marchisio<\/figcaption><\/figure>\n<p>De Rossi , Marchisio e Balzaretti per noi i migliori in campo se si vuole per il gran\u00a0 movimento effettuato. La qualificazione azzurra agli europei, sperando che\u00a0 il sogno possa proseguire, \u00e8 una boccata di ottimismo nel nostro Paese, che, in 20 milioni si \u00e8 fermato davanti ai teleschermi per la partita decisiva per la qualificazione ai quarti di finale. Domenica prossima l\u2019altro test impegnativo. Sar\u00e0 la Francia?,<\/p>\n<figure id=\"attachment_3391\" aria-describedby=\"caption-attachment-3391\" style=\"width: 156px\" class=\"wp-caption alignleft\"><a href=\"https:\/\/www.ulisseland.com\/journal\/wp-content\/uploads\/2012\/06\/Federico-Balzaretti.jpeg\"><img loading=\"lazy\" decoding=\"async\" class=\" wp-image-3391 \" title=\"Federico Balzaretti\" src=\"https:\/\/www.ulisseland.com\/journal\/wp-content\/uploads\/2012\/06\/Federico-Balzaretti.jpeg\" alt=\"\" width=\"156\" height=\"156\" srcset=\"https:\/\/www.ulisseland.com\/journal\/wp-content\/uploads\/2012\/06\/Federico-Balzaretti.jpeg 260w, https:\/\/www.ulisseland.com\/journal\/wp-content\/uploads\/2012\/06\/Federico-Balzaretti-150x150.jpg 150w, https:\/\/www.ulisseland.com\/journal\/wp-content\/uploads\/2012\/06\/Federico-Balzaretti-50x50.jpg 50w\" sizes=\"auto, (max-width: 156px) 100vw, 156px\" \/><\/a><figcaption id=\"caption-attachment-3391\" class=\"wp-caption-text\">Federico Balzaretti<\/figcaption><\/figure>\n<p>l\u2019Inghilterra o la squadra dell\u2019inossidabile Shevchenko, l\u2019Ucraina \u2013 Paese ospitante \u2013 che avr\u00e0 dalla sua il tifo come dodicesimo giocatore? Staremo a vedere\u2026 Una cosa \u00e8 certa, da quello che abbiamo visto nelle partite dei giorni scorsi, non abbiamo un pronostico favorevole. Per\u00f2 l\u2019Italia in situazioni\u00a0 di incertezza ci ha abituato alle sorprese, speriamo che accada anche questa volta.<\/p>\n<figure id=\"attachment_3384\" aria-describedby=\"caption-attachment-3384\" style=\"width: 180px\" class=\"wp-caption alignright\"><a href=\"https:\/\/www.ulisseland.com\/journal\/wp-content\/uploads\/2012\/06\/Shevchenko.jpg\"><img loading=\"lazy\" decoding=\"async\" class=\"wp-image-3384 \" title=\"Shevchenko\" src=\"https:\/\/www.ulisseland.com\/journal\/wp-content\/uploads\/2012\/06\/Shevchenko-300x260.jpg\" alt=\"\" width=\"180\" height=\"156\" srcset=\"https:\/\/www.ulisseland.com\/journal\/wp-content\/uploads\/2012\/06\/Shevchenko-300x260.jpg 300w, https:\/\/www.ulisseland.com\/journal\/wp-content\/uploads\/2012\/06\/Shevchenko.jpg 341w\" sizes=\"auto, (max-width: 180px) 100vw, 180px\" \/><\/a><figcaption id=\"caption-attachment-3384\" class=\"wp-caption-text\">Shevchenko Capitano dell&#39;Ucraina<\/figcaption><\/figure>\n<div align=\"center\">\n<object width=\"640\" height=\"390\"><param name=\"movie\" value=\"http:\/\/videa.hu\/flvplayer.swf?v=kR2dRNcql5HBbPxe\" \/><param name=\"allowscriptaccess\" value=\"always\" \/><param name=\"allowFullScreen\" value=\"true\" \/><embed width=\"640\" height=\"390\" src=\"http:\/\/videa.hu\/flvplayer.swf?v=kR2dRNcql5HBbPxe\" allowscriptaccess=\"always\" allowfullscreen=\"true\" type=\"application\/x-shockwave-flash\" \/><\/object><\/div>\n<p>La Redazione<\/p>\n","protected":false},"excerpt":{"rendered":"<p>\u00c8 stata una qualificazione sofferta, se non altro perch\u00e9 un gol di Cassano nel primo tempo e uno di Balotelli nella ripresa non fotografano perfettamente lo svolgimento della gara, vinta con fatica dalla squadra italiana, spesso in difficolt\u00e0 di fronte alla generosit\u00e0 e alla fisicit\u00e0 di un avversario modesto tecnicamente. Fatto sta che gli azzurri,<\/p>\n","protected":false},"author":1,"featured_media":0,"comment_status":"open","ping_status":"open","sticky":false,"template":"","format":"standard","meta":{"footnotes":""},"categories":[1],"tags":[],"class_list":["post-3406","post","type-post","status-publish","format-standard","hentry","category-senza-categoria"],"_links":{"self":[{"href":"https:\/\/www.ulisseland.com\/journal\/wp-json\/wp\/v2\/posts\/3406","targetHints":{"allow":["GET"]}}],"collection":[{"href":"https:\/\/www.ulisseland.com\/journal\/wp-json\/wp\/v2\/posts"}],"about":[{"href":"https:\/\/www.ulisseland.com\/journal\/wp-json\/wp\/v2\/types\/post"}],"author":[{"embeddable":true,"href":"https:\/\/www.ulisseland.com\/journal\/wp-json\/wp\/v2\/users\/1"}],"replies":[{"embeddable":true,"href":"https:\/\/www.ulisseland.com\/journal\/wp-json\/wp\/v2\/comments?post=3406"}],"version-history":[{"count":3,"href":"https:\/\/www.ulisseland.com\/journal\/wp-json\/wp\/v2\/posts\/3406\/revisions"}],"predecessor-version":[{"id":3409,"href":"https:\/\/www.ulisseland.com\/journal\/wp-json\/wp\/v2\/posts\/3406\/revisions\/3409"}],"wp:attachment":[{"href":"https:\/\/www.ulisseland.com\/journal\/wp-json\/wp\/v2\/media?parent=3406"}],"wp:term":[{"taxonomy":"category","embeddable":true,"href":"https:\/\/www.ulisseland.com\/journal\/wp-json\/wp\/v2\/categories?post=3406"},{"taxonomy":"post_tag","embeddable":true,"href":"https:\/\/www.ulisseland.com\/journal\/wp-json\/wp\/v2\/tags?post=3406"}],"curies":[{"name":"wp","href":"https:\/\/api.w.org\/{rel}","templated":true}]}}