{"id":3373,"date":"2012-06-18T18:00:11","date_gmt":"2012-06-18T16:00:11","guid":{"rendered":"http:\/\/www.ulisseland.com\/journal\/?p=3373&#038;lang=it"},"modified":"2012-06-18T18:00:43","modified_gmt":"2012-06-18T16:00:43","slug":"napoli-presentazione-del-volume-proposte-per-una-nuova-architettura-sacra","status":"publish","type":"post","link":"https:\/\/www.ulisseland.com\/journal\/napoli-presentazione-del-volume-proposte-per-una-nuova-architettura-sacra\/","title":{"rendered":"NAPOLI: Presentazione del volume \u201cProposte per una nuova architettura sacra\u201d"},"content":{"rendered":"<p style=\"text-align: center;\"><span style=\"font-size: large;\">PONTIFICIA FACOLT\u00c0 TEOLOGICA DELL\u2019ITALIA MERIDIONALE<\/span><\/p>\n<p style=\"text-align: center;\"><span style=\"font-size: large;\">Sezione SAN LUIGI Via Petrarca, 115<\/span><\/p>\n<p style=\"text-align: center;\"><span style=\"font-size: large;\">Napoli Scuola di Alta Formazione di Arte e Teologia<\/span><\/p>\n<p>I Beni culturali ecclesiastici: il 23 giugno tavola rotonda a Napoli Presentazione del volume \u201cProposte per una nuova architettura sacra\u201d, 14 progetti di chiese realizzati dal laboratorio della Scuola di Alta Formazione di Arte e Teologia della PFTIM comunicato stampa 18 giugno 2012 Di \u201cRisorse e prospettive di valorizzazione e fruizione dei beni culturali ecclesiastici\u201d si parler\u00e0 sabato 23 giugno dalle ore 9,30 alle ore 11,30 a Napoli, presso la Pontificia Facolt\u00e0 Teologica dell\u2019Italia Meridionale, sezione San Luigi (via Petrarca 115), di cui \u00e8 decano P. Sergio Bastianel S.I. Alla tavola rotonda interverranno: Ernesto Rascato, direttore dell\u2019Ufficio Regionale Cultura della Conferenza Episcopale Italiana; Antonio Loffredo, parroco del Rione Sanit\u00e0 e direttore delle Catacombe di Napoli; Giovanni Gazzaneo, coordinatore di Luoghi dell&#8217;Infinito, mensile di Avvenire; Alessandro Cugini, portavoce consorzio TRECC, Turismo Religioso Cooperativo Campano. Seguir\u00e0, alle ore 12, la Relazione annuale della Scuola di Alta Formazione di Arte e Teologia della facolt\u00e0, di cui \u00e8 direttore P. Giuseppe Manca S.I. e condirettore Giorgio Agnisola, con la consegna degli attestati, per gli indirizzi: Percorsi di arte e teologia, Proposte per una nuova architettura sacra, Gestione e promozione di beni ed eventi culturali, e per il corso &#8220;La luce in chiesa&#8221;. Nell\u2019occasione verr\u00e0 consegnato il volume Proposte per una nuova architettura sacra, che raccoglie i progetti di chiese redatti dagli allievi del secondo indirizzo della Scuola che, grazie all&#8217;elevata qualit\u00e0 dei corsi patrocinati dall&#8217;Ufficio CEI Edilizia di Culto e dall&#8217;Ufficio CEI Beni Culturali Ecclesiastici, \u00e8 giunta a conclusione del sesto anno di vita. Il libro, primo esempio di pubblicazione di Architettura sacra cos\u00ec concepito, raggruppa quattordici progetti di chiese realizzati dagli studenti del Laboratorio di Architettura della Scuola, promosso in collaborazione con il Dipartimento di Progettazione Architettonica e Ambientale della Facolt\u00e0 di Ingegneria dell\u2019Universit\u00e0 di Napoli Federico II e curato dai docenti Flavia Fascia e Renato Iovino. In allegato il programma della giornata e la scheda del volume PONTIFICIA FACOLT\u00c0 TEOLOGICA DELL\u2019ITALIA MERIDIONALE sezione SAN LUIGI &#8211; via Petrarca 115, NAPOLI 80122 Scuola di Alta Formazione di Arte e Teologia www.scuolaarteteologia.it &#8211; www.pftim.it\/sluigi &#8211; tel. 338.1527842 direttore.arteteologia@pftim.it &#8211; segreteria.sl@pftim.it &#8211; segreteria.arteteologia@pftim.it comunicazione e media relations: MARY ATTENTO m.atten@tin.it Ringrazio i responsabili delle redazioni, i colleghi giornalisti e tutti gli operatori dell\u2019informazione per l\u2019attenzione riservata all\u2019evento. Questa e-mail circolare, inviata in Ccn alle redazioni o a persone a scopo informativo riguardo eventi culturali, sanitari e\/o politici, non contiene pubblicit\u00e0 n\u00e9 promozione di tipo commerciale. Coscienti che e-mail indesiderate possono essere oggetto di disturbo, La preghiamo di accettare le nostre scuse, se la presente non dovesse essere di Suo interesse. A norma della Legge 675\/96 e del D. Lgs. 196\/03, abbiamo reperito il Suo indirizzo di posta elettronica navigando in rete o da e-mail che lo hanno reso pubblico. Questo messaggio, inoltre, non pu\u00f2 essere considerato spam poich\u00e9 include la possibilit\u00e0 di essere rimosso da ulteriori invii di posta elettronica. Qualora non intendesse ricevere altre comunicazioni, pu\u00f2 chiedere la cancellazione del Suo nominativo inviando una e-mail allo stesso indirizzo. Grazie. Per favore, pensate all\u2019ambiente prima di stampare questa e-mail e\/o i documenti allegati. Please consider your environmental responsibility before printing this e-mail.<\/p>\n<p align=\"center\"><iframe loading=\"lazy\" src=\"https:\/\/www.ulisseland.com\/journal\/wp-content\/uploads\/2012\/06\/23-giugno-2012-SAF-programma.pdf\" frameborder=\"0\" scrolling=\"yes\" width=\"800\" height=\"910px\"><\/iframe><\/p>\n<p align=\"center\"><iframe loading=\"lazy\" src=\"https:\/\/www.ulisseland.com\/journal\/wp-content\/uploads\/2012\/06\/Scheda-Quad-di-Arch-Sacra-1.pdf\" frameborder=\"0\" scrolling=\"yes\" width=\"800\" height=\"910px\"><\/iframe><\/p>\n","protected":false},"excerpt":{"rendered":"<p>PONTIFICIA FACOLT\u00c0 TEOLOGICA DELL\u2019ITALIA MERIDIONALE Sezione SAN LUIGI Via Petrarca, 115 Napoli Scuola di Alta Formazione di Arte e Teologia I Beni culturali ecclesiastici: il 23 giugno tavola rotonda a Napoli Presentazione del volume \u201cProposte per una nuova architettura sacra\u201d, 14 progetti di chiese realizzati dal laboratorio della Scuola di Alta Formazione di Arte e<\/p>\n","protected":false},"author":1,"featured_media":0,"comment_status":"open","ping_status":"open","sticky":false,"template":"","format":"standard","meta":{"footnotes":""},"categories":[32,12],"tags":[],"class_list":["post-3373","post","type-post","status-publish","format-standard","hentry","category-autori","category-cultura"],"_links":{"self":[{"href":"https:\/\/www.ulisseland.com\/journal\/wp-json\/wp\/v2\/posts\/3373","targetHints":{"allow":["GET"]}}],"collection":[{"href":"https:\/\/www.ulisseland.com\/journal\/wp-json\/wp\/v2\/posts"}],"about":[{"href":"https:\/\/www.ulisseland.com\/journal\/wp-json\/wp\/v2\/types\/post"}],"author":[{"embeddable":true,"href":"https:\/\/www.ulisseland.com\/journal\/wp-json\/wp\/v2\/users\/1"}],"replies":[{"embeddable":true,"href":"https:\/\/www.ulisseland.com\/journal\/wp-json\/wp\/v2\/comments?post=3373"}],"version-history":[{"count":3,"href":"https:\/\/www.ulisseland.com\/journal\/wp-json\/wp\/v2\/posts\/3373\/revisions"}],"predecessor-version":[{"id":3377,"href":"https:\/\/www.ulisseland.com\/journal\/wp-json\/wp\/v2\/posts\/3373\/revisions\/3377"}],"wp:attachment":[{"href":"https:\/\/www.ulisseland.com\/journal\/wp-json\/wp\/v2\/media?parent=3373"}],"wp:term":[{"taxonomy":"category","embeddable":true,"href":"https:\/\/www.ulisseland.com\/journal\/wp-json\/wp\/v2\/categories?post=3373"},{"taxonomy":"post_tag","embeddable":true,"href":"https:\/\/www.ulisseland.com\/journal\/wp-json\/wp\/v2\/tags?post=3373"}],"curies":[{"name":"wp","href":"https:\/\/api.w.org\/{rel}","templated":true}]}}