{"id":3296,"date":"2012-06-14T10:20:10","date_gmt":"2012-06-14T08:20:10","guid":{"rendered":"http:\/\/www.ulisseland.com\/journal\/?p=3296&#038;lang=it"},"modified":"2012-06-14T10:20:10","modified_gmt":"2012-06-14T08:20:10","slug":"gaeta-nessun-dubbio-sullattivita-istituzionale-e-professionale-del-sindaco-mitrano","status":"publish","type":"post","link":"https:\/\/www.ulisseland.com\/journal\/gaeta-nessun-dubbio-sullattivita-istituzionale-e-professionale-del-sindaco-mitrano\/","title":{"rendered":"GAETA: Nessun dubbio sull\u2019attivit\u00e0 istituzionale e professionale del Sindaco Mitrano"},"content":{"rendered":"<p><a href=\"https:\/\/www.ulisseland.com\/journal\/wp-content\/uploads\/2012\/06\/Cosimino_mitrano1.jpg\"><img loading=\"lazy\" decoding=\"async\" class=\"alignleft size-thumbnail wp-image-3297\" title=\"Cosimino_mitrano1\" src=\"https:\/\/www.ulisseland.com\/journal\/wp-content\/uploads\/2012\/06\/Cosimino_mitrano1-150x150.jpg\" alt=\"\" width=\"150\" height=\"150\" srcset=\"https:\/\/www.ulisseland.com\/journal\/wp-content\/uploads\/2012\/06\/Cosimino_mitrano1-150x150.jpg 150w, https:\/\/www.ulisseland.com\/journal\/wp-content\/uploads\/2012\/06\/Cosimino_mitrano1-50x50.jpg 50w\" sizes=\"auto, (max-width: 150px) 100vw, 150px\" \/><\/a>\u201cIl coordinatore del Movimento Progressista gaetano Salvatore Di Ciaccio non abbia fretta sul\u2019attribuzione delle deleghe ed eviti di ripetere ritornelli ormai desueti su una presunta sovrapposizione di incarichi da parte del Sindaco Mitrano\u201d. Ad affermarlo \u00e8 il consigliere comunale pi\u00f9 votato, Eduardo Accetta, del PdL, il quale replicando, appunto, all\u2019ex assessore Di Ciaccio, sottolinea come \u201cFinora il sindaco Mitrano ha ricevuto centinaia di cittadini, ha avuto numerosi incontri con i dirigenti ed il personale del Comune e si \u00e8 recato pi\u00f9 volte a Roma per individuare fonti di finanziamento a fronte di progettualit\u00e0 che la passata amministrazione non \u00e8 stata in grado di produrre. Dopo l\u2019insediamento del consiglio comunale e la presentazione dei componenti dell\u2019esecutivo, il sindaco comunicher\u00e0 fra qualche giorno i nomi dei \u00abdelegati volontari\u00bb che saranno impegnati a svolgere gratuitamente una serie di servizi in favore dei cittadini\u00bb. Accetta precisa, altres\u00ec, che \u00abMitrano, proprio per favorire la partecipazione attiva dei cittadini, uno dei suoi cavalli di battaglia in campagna elettorale, sta assegnando le cosiddette deleghe a quelle persone che saranno impegnate al servizio della collettivit\u00e0. Il tutto sar\u00e0 fatto con la massima chiarezza e trasparenza: le deleghe dei collaboratori del sindaco saranno ufficializzate presto\u00bb.<br \/>\nFatto questo necessario chiarimento, Accetta spiega: \u00abQueste scelte &#8211; come ben sa chi sa fare buon uso del proprio intelletto &#8211; sono operate solo, unicamente ed esclusivamente dal sindaco sulla cui attivit\u00e0 politico-istituzionale e professionale Di Ciaccio continua a dimostrare di avere idee poco chiare. Mitrano ha gi\u00e0 detto di voler rinunciare per un anno alla sua indennit\u00e0 di sindaco. Sull\u2019incarico di commissario straordinario del Parco Regionale Riviera di Ulisse, Mitrano non pu\u00f2 fare a meno di attendere il provvedimento del Presidente della Regione Lazio Renata Polverini che lo aveva nominato nell\u2019agosto di due anni fa. Infine, quello che Di Ciaccio \u2013 bocciato dagli elettori dopo cinque anni di amministrazione con soli 41 voti di consensi \u2013 definisce erroneamente \u00abterzo incarico\u00bb non \u00e8 altro che l\u2019attivit\u00e0 professionale che Cosmo Mitrano svolge come dirigente di un ente pubblico. Non si tratta di un \u2018incarico\u2019 ma semplicemente di un lavoro professionale: Mitrano non fa che esercitare un sacrosanto diritto al lavoro come fanno milioni di cittadini italiani e migliaia di sindaci\u00bb.<\/p>\n<p>Il Direttore<br \/>\nDott. Sergio Monforte<\/p>\n","protected":false},"excerpt":{"rendered":"<p>\u201cIl coordinatore del Movimento Progressista gaetano Salvatore Di Ciaccio non abbia fretta sul\u2019attribuzione delle deleghe ed eviti di ripetere ritornelli ormai desueti su una presunta sovrapposizione di incarichi da parte del Sindaco Mitrano\u201d. Ad affermarlo \u00e8 il consigliere comunale pi\u00f9 votato, Eduardo Accetta, del PdL, il quale replicando, appunto, all\u2019ex assessore Di Ciaccio, sottolinea come<\/p>\n","protected":false},"author":1,"featured_media":0,"comment_status":"open","ping_status":"open","sticky":false,"template":"","format":"standard","meta":{"footnotes":""},"categories":[20,11],"tags":[],"class_list":["post-3296","post","type-post","status-publish","format-standard","hentry","category-comune-di-gaeta","category-enti"],"_links":{"self":[{"href":"https:\/\/www.ulisseland.com\/journal\/wp-json\/wp\/v2\/posts\/3296","targetHints":{"allow":["GET"]}}],"collection":[{"href":"https:\/\/www.ulisseland.com\/journal\/wp-json\/wp\/v2\/posts"}],"about":[{"href":"https:\/\/www.ulisseland.com\/journal\/wp-json\/wp\/v2\/types\/post"}],"author":[{"embeddable":true,"href":"https:\/\/www.ulisseland.com\/journal\/wp-json\/wp\/v2\/users\/1"}],"replies":[{"embeddable":true,"href":"https:\/\/www.ulisseland.com\/journal\/wp-json\/wp\/v2\/comments?post=3296"}],"version-history":[{"count":2,"href":"https:\/\/www.ulisseland.com\/journal\/wp-json\/wp\/v2\/posts\/3296\/revisions"}],"predecessor-version":[{"id":3302,"href":"https:\/\/www.ulisseland.com\/journal\/wp-json\/wp\/v2\/posts\/3296\/revisions\/3302"}],"wp:attachment":[{"href":"https:\/\/www.ulisseland.com\/journal\/wp-json\/wp\/v2\/media?parent=3296"}],"wp:term":[{"taxonomy":"category","embeddable":true,"href":"https:\/\/www.ulisseland.com\/journal\/wp-json\/wp\/v2\/categories?post=3296"},{"taxonomy":"post_tag","embeddable":true,"href":"https:\/\/www.ulisseland.com\/journal\/wp-json\/wp\/v2\/tags?post=3296"}],"curies":[{"name":"wp","href":"https:\/\/api.w.org\/{rel}","templated":true}]}}