{"id":3129,"date":"2012-06-07T13:24:40","date_gmt":"2012-06-07T11:24:40","guid":{"rendered":"http:\/\/www.ulisseland.com\/journal\/?p=3129&#038;lang=it"},"modified":"2012-06-07T14:51:24","modified_gmt":"2012-06-07T12:51:24","slug":"formia-il-sindaco-forte-interviene-sullarea-camper-nel-parco-de-curtis","status":"publish","type":"post","link":"https:\/\/www.ulisseland.com\/journal\/formia-il-sindaco-forte-interviene-sullarea-camper-nel-parco-de-curtis\/","title":{"rendered":"FORMIA: Il sindaco Forte interviene sull\u2019area camper nel Parco De Curtis"},"content":{"rendered":"<p><a href=\"https:\/\/www.ulisseland.com\/journal\/wp-content\/uploads\/2012\/06\/parco-De-Curtis9.jpg\"><img loading=\"lazy\" decoding=\"async\" class=\"alignleft  wp-image-3131\" title=\"parco De Curtis9\" src=\"https:\/\/www.ulisseland.com\/journal\/wp-content\/uploads\/2012\/06\/parco-De-Curtis9.jpg\" alt=\"\" width=\"299\" height=\"199\" \/><\/a>Sulla scelta dell\u2019area camper a Santo Janni, all\u2019interno del parco \u201cAntonio De Curtis\u201d, scende in campo il sindaco di Formia Michele Forte, per fare chiarezza e nello stesso tempo rassicurare i residenti del luogo.<\/p>\n<p>\u201cIl Parco &#8211; un\u2019area di oltre 40 mila quadrati \u2013 secondo il primo cittadino, manterr\u00e0 la sua integrit\u00e0, autonomia gestionale, fruibilit\u00e0 e vivibilit\u00e0 rispetto alla zona che abbiamo attrezzato per la sosta dei camper. Gli spazi per il turismo camperistico rispetto al Parco sono delimitati e risultano recintati ed attrezzati con servizi igienici e di vigilanza. Noi stiamo offrendo un parcheggio regolamentato al turismo di questa citt\u00e0 che non confligge ed interferisce con la zona di verde interessata alle attivit\u00e0 culturali e di socializzazione.<\/p>\n<p>La protesta e la mobilitazione dei comitati, afferma il Sindaco, non hanno motivo di esistere per il semplice fatto che gli interessi ambientali di quell\u2019area non sono toccati. La scelta adottata dall\u2019amministrazione tende a riordinare ed offrire un servizio compatibile\u00a0 con le esigenze di un territorio.<\/p>\n<p>Mettere a sistema la mobilit\u00e0 dei camperisti significa eliminare croniche criticit\u00e0, degrado e violazioni che si registravano in altre parti della citt\u00e0. L\u2019aver individuato in una zona marina &#8211; piazzale Guerritore &#8211; spazi di fruibilit\u00e0 per una gestione corretta e sostenibile della sosta, ha significato per questa amministrazione la giusta soluzione di un problema. La citt\u00e0 per crescere e svilupparsi nelle varie articolazioni necessita della solidariet\u00e0 di tutti. Non \u00e8 un caso che gli operatori balneari di levante\u00a0 hanno condiviso ed approvato la scelta fatta dal Comune in ordine ad una gestione controllata dei camper. Noi dobbiamo puntare sulla organizzazione e accoglienza di questi flussi di mobilit\u00e0 in espansione sulle aree turistiche nazionali.<\/p>\n<p><a href=\"https:\/\/www.ulisseland.com\/journal\/wp-content\/uploads\/2012\/06\/parco-De-Curtis10.jpg\"><img loading=\"lazy\" decoding=\"async\" class=\"alignright  wp-image-3130\" title=\"parco De Curtis10\" src=\"https:\/\/www.ulisseland.com\/journal\/wp-content\/uploads\/2012\/06\/parco-De-Curtis10.jpg\" alt=\"\" width=\"289\" height=\"193\" \/><\/a>Non c\u2019\u00e8 solo il turismo degli alberghi, degli agriturismo o case private a costi elevati, ma in questi anni ha preso piede\u00a0 la vacanza in camper. I pi\u00f9 importanti centri e le localit\u00e0 di mare hanno attrezzato apposite aree per soddisfare una domanda in crescita. Anche la nostra citt\u00e0 si \u00e8 allineata, adeguata, organizzata nell\u2019offrire\u00a0 un servizio di qualit\u00e0.<\/p>\n<p>Ricordo che in passato l\u2019area della ex GIL fu assegnata alla Formia Servizi per il parcheggio delle macchine.<\/p>\n<p>Nessuna protesta all\u2019epoca si \u00e8 levata da parte di movimenti e comitati sebbene quell\u2019affidamento venne concesso al di fuori di una modifica del programma attuativo senza gara ed al di fuori della revisione del quadro economico dell\u2019intero rapporto con quella societ\u00e0. Questi passaggi sono stati accertati e riportati nel rapporto ispettivo disposto dal Ragionerie Generale dello Stato sul Comune di Formia.<\/p>\n<p>Ritornando al De Curtis il sindaco aggiunge \u201c Su quella struttura pubblica abbiamo operato una massiccia bonifica ambientale, potatura dei rami degli alberi, pulizia dei viali, sistemazione dei percorsi, recupero ed arredo del verde. Una parte della casina al di dentro del Parco \u00e8 stata messa a disposizione per le attivit\u00e0 del Centro Anziani di Gianola.<\/p>\n<p>Il Comune nell\u2019offrire spazi di ritrovo, di tempo libero ed attivit\u00e0 ricreative per gli anziani del luogo\u00a0 recupera anche le spese ed\u00a0 il fitto di locazione che sosteneva per quel Centro. Il problema quindi non esiste e non si pone.<\/p>\n<p>Abbiamo gi\u00e0 dato prova con la vicenda del teatro Remigio Paone che alla fine i risultati ci premiano a prescindere dai comitati. Le coreografie di piazza non hanno minimamente inciso e deciso sulle sorti di un teatro che noi abbiamo recuperato e messo in sicurezza e chela Regioneha coperto un debito con l\u2019IPAB di 260 mila euro. Facciamo quindi in modo di evitare il ripetersi di simili sceneggiate.<\/p>\n<p>&nbsp;<\/p>\n<p>Il Direttore<\/p>\n<p>Dott. Sergio Monforte<\/p>\n","protected":false},"excerpt":{"rendered":"<p>Sulla scelta dell\u2019area camper a Santo Janni, all\u2019interno del parco \u201cAntonio De Curtis\u201d, scende in campo il sindaco di Formia Michele Forte, per fare chiarezza e nello stesso tempo rassicurare i residenti del luogo. \u201cIl Parco &#8211; un\u2019area di oltre 40 mila quadrati \u2013 secondo il primo cittadino, manterr\u00e0 la sua integrit\u00e0, autonomia gestionale, fruibilit\u00e0<\/p>\n","protected":false},"author":1,"featured_media":0,"comment_status":"open","ping_status":"open","sticky":false,"template":"","format":"standard","meta":{"footnotes":""},"categories":[14,11],"tags":[],"class_list":["post-3129","post","type-post","status-publish","format-standard","hentry","category-comune-di-formia","category-enti"],"_links":{"self":[{"href":"https:\/\/www.ulisseland.com\/journal\/wp-json\/wp\/v2\/posts\/3129","targetHints":{"allow":["GET"]}}],"collection":[{"href":"https:\/\/www.ulisseland.com\/journal\/wp-json\/wp\/v2\/posts"}],"about":[{"href":"https:\/\/www.ulisseland.com\/journal\/wp-json\/wp\/v2\/types\/post"}],"author":[{"embeddable":true,"href":"https:\/\/www.ulisseland.com\/journal\/wp-json\/wp\/v2\/users\/1"}],"replies":[{"embeddable":true,"href":"https:\/\/www.ulisseland.com\/journal\/wp-json\/wp\/v2\/comments?post=3129"}],"version-history":[{"count":3,"href":"https:\/\/www.ulisseland.com\/journal\/wp-json\/wp\/v2\/posts\/3129\/revisions"}],"predecessor-version":[{"id":3133,"href":"https:\/\/www.ulisseland.com\/journal\/wp-json\/wp\/v2\/posts\/3129\/revisions\/3133"}],"wp:attachment":[{"href":"https:\/\/www.ulisseland.com\/journal\/wp-json\/wp\/v2\/media?parent=3129"}],"wp:term":[{"taxonomy":"category","embeddable":true,"href":"https:\/\/www.ulisseland.com\/journal\/wp-json\/wp\/v2\/categories?post=3129"},{"taxonomy":"post_tag","embeddable":true,"href":"https:\/\/www.ulisseland.com\/journal\/wp-json\/wp\/v2\/tags?post=3129"}],"curies":[{"name":"wp","href":"https:\/\/api.w.org\/{rel}","templated":true}]}}