{"id":3042,"date":"2012-06-05T13:20:31","date_gmt":"2012-06-05T11:20:31","guid":{"rendered":"http:\/\/www.ulisseland.com\/journal\/?p=3042&#038;lang=it"},"modified":"2012-06-05T15:19:43","modified_gmt":"2012-06-05T13:19:43","slug":"formia-saggio-di-danza-del-balletto-di-formia","status":"publish","type":"post","link":"https:\/\/www.ulisseland.com\/journal\/formia-saggio-di-danza-del-balletto-di-formia\/","title":{"rendered":"FORMIA \u2013 SAGGIO di DANZA del \u201cballetto di formia\u201d"},"content":{"rendered":"<figure id=\"attachment_3050\" aria-describedby=\"caption-attachment-3050\" style=\"width: 300px\" class=\"wp-caption alignleft\"><a href=\"https:\/\/www.ulisseland.com\/journal\/wp-content\/uploads\/2012\/06\/BodyPart-3.jpg\"><img loading=\"lazy\" decoding=\"async\" class=\"size-medium wp-image-3050\" title=\"BodyPart (3)\" src=\"https:\/\/www.ulisseland.com\/journal\/wp-content\/uploads\/2012\/06\/BodyPart-3.jpg\" alt=\"\" width=\"300\" height=\"151\" \/><\/a><figcaption id=\"caption-attachment-3050\" class=\"wp-caption-text\">La Poup\u00e9e<\/figcaption><\/figure>\n<p>Il Teatro Ariston di Gaeta, come ogni anno, gremito in ogni ordine di posti, ha ospitato il saggio annuale di danza del Centro Danza \u201cBalletto di Formia\u201d, con\u00a0 la Direzione Artistica di Beatrice DeMontis, che ha curato anche \u00a0le coreografie della Danza classica mentre per la Danza Moderna si \u00e8 impegnata L. Zangrillo.<\/p>\n<p>Mia nipote Francesca aveva 6 anni al suo primo saggio e, credetemi, \u00a0in dieci anni, l\u2019emozione di genitori e nonni \u00e8 sempre la stessa.<\/p>\n<p><a href=\"https:\/\/www.ulisseland.com\/journal\/wp-content\/uploads\/2012\/06\/BodyPart-2.jpg\"><br \/>\n<img loading=\"lazy\" decoding=\"async\" class=\"alignright  wp-image-3049\" title=\"BodyPart (2)\" src=\"https:\/\/www.ulisseland.com\/journal\/wp-content\/uploads\/2012\/06\/BodyPart-2.jpg\" alt=\"\" width=\"139\" height=\"210\" \/><\/a><\/p>\n<p>In questo momento di difficolt\u00e0 per il nostro Paese, nel quale alla crisi politica, economica e sociale spesso si aggiunge quella morale forse \u00e8 pi\u00f9 facile emozionarsi in occasioni come queste. Probabilmente anche per questo sono stato stimolato a scrivere questo commento. Non ho la pretesa di un commento tecnico, pur essendomi sempre unito agli applausi continui del pubblico per la bellezza dello spettacolo che le ragazze hanno offerto.<\/p>\n<p>Ho notato anche una positiva evoluzione nell\u2019offrire al pubblico \u2013 non un \u201csaggio\u201d ma un vero e proprio spettacolo, sicuramente degno di maggiore attenzione da parte delle istituzioni locali e ospitalit\u00e0 in spazi maggiormente ambiziosi. Esprimo quindi apprezzamento\u00a0 e gratitudine alla Prof.ssa Beatrice DeMontis e a tutto il suo qualificato staff per le emozioni che ci hanno provocato.<\/p>\n<p>Ringrazio mia Nipote Francesca che da dieci anni mi offre questa splendida opportunit\u00e0.<\/p>\n<p>Redazione\u00a0 Ulisseland:\u00a0 Luigi Cocomello<\/p>\n<p><a href=\"https:\/\/www.ulisseland.com\/journal\/wp-content\/uploads\/2012\/06\/Locandina-2.jpg\"><img loading=\"lazy\" decoding=\"async\" class=\"alignright  wp-image-3061\" title=\"Locandina 2\" src=\"https:\/\/www.ulisseland.com\/journal\/wp-content\/uploads\/2012\/06\/Locandina-2.jpg\" alt=\"\" width=\"316\" height=\"659\" \/><\/a><a href=\"https:\/\/www.ulisseland.com\/journal\/wp-content\/uploads\/2012\/06\/Locandina_1.jpg\"><img loading=\"lazy\" decoding=\"async\" class=\"alignleft  wp-image-3062\" title=\"Locandina_1\" src=\"https:\/\/www.ulisseland.com\/journal\/wp-content\/uploads\/2012\/06\/Locandina_1.jpg\" alt=\"\" width=\"293\" height=\"659\" \/><\/a><\/p>\n<p>&nbsp;<\/p>\n<p>&nbsp;<\/p>\n<p>&nbsp;<\/p>\n<p>&nbsp;<\/p>\n<p>&nbsp;<\/p>\n<p>&nbsp;<\/p>\n<p>&nbsp;<\/p>\n<p>&nbsp;<\/p>\n<p>&nbsp;<\/p>\n<p>&nbsp;<\/p>\n<p style=\"text-align: center;\">&#8230;&#8230;&#8230;&#8230;&#8230;&#8230;&#8230;&#8230;&#8230;&#8230;&#8230;&#8230;&#8230;&#8230;&#8230;&#8230;&#8230;&#8230;&#8230;&#8230;&#8230;&#8230;&#8230;&#8230;&#8230;&#8230;&#8230;&#8230;&#8230;&#8230;&#8230;&#8230;&#8230;&#8230;&#8230;&#8230;&#8230;&#8230;&#8230;&#8230;&#8230;&#8230;.<\/p>\n<p style=\"text-align: center;\"><em><strong>Le foto pubblicate in questo articolo sono propriet\u00e0 esclusiva di:<\/strong><\/em><\/p>\n<p style=\"text-align: center;\">Marino Studio Fotografico Fabio<\/p>\n<p style=\"text-align: center;\">Piazza Bonomo, 15 &#8211;\u00a0 04023 Formia (LT)<\/p>\n<p style=\"text-align: center;\">Tel: 0771 23441 &#8211; Cell. 328 4506042<\/p>\n<p style=\"text-align: center;\">fotografo@fabiomarino.it<\/p>\n<figure id=\"attachment_3051\" aria-describedby=\"caption-attachment-3051\" style=\"width: 403px\" class=\"wp-caption alignleft\"><a href=\"https:\/\/www.ulisseland.com\/journal\/wp-content\/uploads\/2012\/06\/BodyPart.jpg\"><img loading=\"lazy\" decoding=\"async\" class=\" wp-image-3051\" title=\"BodyPart\" src=\"https:\/\/www.ulisseland.com\/journal\/wp-content\/uploads\/2012\/06\/BodyPart.jpg\" alt=\"\" width=\"403\" height=\"216\" \/><\/a><figcaption id=\"caption-attachment-3051\" class=\"wp-caption-text\">Le api ed il moscone<\/figcaption><\/figure>\n<figure id=\"attachment_3052\" aria-describedby=\"caption-attachment-3052\" style=\"width: 366px\" class=\"wp-caption alignright\"><a href=\"https:\/\/www.ulisseland.com\/journal\/wp-content\/uploads\/2012\/06\/BodyPart-1.jpg\"><img loading=\"lazy\" decoding=\"async\" class=\" wp-image-3052\" title=\"BodyPart (1)\" src=\"https:\/\/www.ulisseland.com\/journal\/wp-content\/uploads\/2012\/06\/BodyPart-1.jpg\" alt=\"\" width=\"366\" height=\"218\" \/><\/a><figcaption id=\"caption-attachment-3052\" class=\"wp-caption-text\">Afrika<\/figcaption><\/figure>\n","protected":false},"excerpt":{"rendered":"<p>Il Teatro Ariston di Gaeta, come ogni anno, gremito in ogni ordine di posti, ha ospitato il saggio annuale di danza del Centro Danza \u201cBalletto di Formia\u201d, con\u00a0 la Direzione Artistica di Beatrice DeMontis, che ha curato anche \u00a0le coreografie della Danza classica mentre per la Danza Moderna si \u00e8 impegnata L. Zangrillo. Mia nipote<\/p>\n","protected":false},"author":1,"featured_media":0,"comment_status":"open","ping_status":"open","sticky":false,"template":"","format":"standard","meta":{"footnotes":""},"categories":[14,12,10,11,33],"tags":[],"class_list":["post-3042","post","type-post","status-publish","format-standard","hentry","category-comune-di-formia","category-cultura","category-editoriale","category-enti","category-teatro"],"_links":{"self":[{"href":"https:\/\/www.ulisseland.com\/journal\/wp-json\/wp\/v2\/posts\/3042","targetHints":{"allow":["GET"]}}],"collection":[{"href":"https:\/\/www.ulisseland.com\/journal\/wp-json\/wp\/v2\/posts"}],"about":[{"href":"https:\/\/www.ulisseland.com\/journal\/wp-json\/wp\/v2\/types\/post"}],"author":[{"embeddable":true,"href":"https:\/\/www.ulisseland.com\/journal\/wp-json\/wp\/v2\/users\/1"}],"replies":[{"embeddable":true,"href":"https:\/\/www.ulisseland.com\/journal\/wp-json\/wp\/v2\/comments?post=3042"}],"version-history":[{"count":21,"href":"https:\/\/www.ulisseland.com\/journal\/wp-json\/wp\/v2\/posts\/3042\/revisions"}],"predecessor-version":[{"id":3059,"href":"https:\/\/www.ulisseland.com\/journal\/wp-json\/wp\/v2\/posts\/3042\/revisions\/3059"}],"wp:attachment":[{"href":"https:\/\/www.ulisseland.com\/journal\/wp-json\/wp\/v2\/media?parent=3042"}],"wp:term":[{"taxonomy":"category","embeddable":true,"href":"https:\/\/www.ulisseland.com\/journal\/wp-json\/wp\/v2\/categories?post=3042"},{"taxonomy":"post_tag","embeddable":true,"href":"https:\/\/www.ulisseland.com\/journal\/wp-json\/wp\/v2\/tags?post=3042"}],"curies":[{"name":"wp","href":"https:\/\/api.w.org\/{rel}","templated":true}]}}