{"id":3038,"date":"2012-06-05T12:47:50","date_gmt":"2012-06-05T10:47:50","guid":{"rendered":"http:\/\/www.ulisseland.com\/journal\/?p=3038&#038;lang=it"},"modified":"2012-06-18T10:49:17","modified_gmt":"2012-06-18T08:49:17","slug":"tutti-i-luoghi-dellanima-passano-dalla-poesia","status":"publish","type":"post","link":"https:\/\/www.ulisseland.com\/journal\/tutti-i-luoghi-dellanima-passano-dalla-poesia\/","title":{"rendered":"TUTTI I LUOGHI DELL&#8217;ANIMA PASSANO DALLA POESIA"},"content":{"rendered":"<figure id=\"attachment_2266\" aria-describedby=\"caption-attachment-2266\" style=\"width: 158px\" class=\"wp-caption alignleft\"><a href=\"http:\/\/www.CieliAltiPoesia.it\"><img loading=\"lazy\" decoding=\"async\" class=\" wp-image-2266   \" title=\"ninnj di stefano bus\u00e0\" src=\"https:\/\/www.ulisseland.com\/journal\/wp-content\/uploads\/2012\/05\/ninnj-di-stefano-bus\u00e0.jpg\" alt=\"\" width=\"158\" height=\"177\" srcset=\"https:\/\/www.ulisseland.com\/journal\/wp-content\/uploads\/2012\/05\/ninnj-di-stefano-bus\u00e0.jpg 439w, https:\/\/www.ulisseland.com\/journal\/wp-content\/uploads\/2012\/05\/ninnj-di-stefano-bus\u00e0-267x300.jpg 267w\" sizes=\"auto, (max-width: 158px) 100vw, 158px\" \/><\/a><figcaption id=\"caption-attachment-2266\" class=\"wp-caption-text\">Ninnj Di Stefano Bus\u00e0<\/figcaption><\/figure>\n<p>Immaginiamo una mappa: tangenziali, strade, autostrade, viottole, piste, stradine di campagna, impervi sentieri di montagna, tutto, proprio tutto conduce ad un paesaggio irreale, quasi intimo, informale, nascosto ai pi\u00f9 -che \u00e8 la Poesia &#8211; Poesia pianeta che vive di riflesso, come una cometa o una scheggia di cielo disertato dal sole. Poesia allora come forma primordiale di vita? poesia che regna in luoghi e in tempi di &#8220;contaminatio&#8221; di anime, di rompicapi, di assenteistici bisogni, di favole inconchiuse, di pressapochismo, di invasiva e pervasiva opera di demolizione di valori, di significati che compongono la vita, e la sconvolgono e la dannano? Proviamo a considerare il poeta in una landa deserta, quale \u00e8 oggi il nostro mondo quotidiano, diamogli un lume e una ragione per farlo e in breve si ricreer\u00e0 nella morbidezza e volutt\u00e0 del sogno, un mondo parallelo, lo far\u00e0 con colori tenui, con linee elegiache, con note di Strawinsky. Ebbene egli cercher\u00e0 sempre il frutto pi\u00f9 bello che la natura gli abbia regalato: &#8221; l&#8217;intelletto&#8221; per idealizzare il mondo, ricrearlo, farlo rivivere dentro e fuori dal suo abitudinario di miseria e d&#8217;ineluttabili eventi negativi. Se avr\u00e0 una matita si disegner\u00e0 un profilo d&#8217;anima che corrisponda alla linea immaginaria della sua permanenza sulla terra, pi\u00f9 morbida, pi\u00f9 c\u00f2nsona alle esigenze del cuore. Ciascuno \u00e8 poeta dentro. Non s&#8217;illudano quelli che non fanno versi roboanti, anche loro in piccolo possiedono quella riserva aurea che dal nulla, attraverso una ipotesi di poesia possa far spuntare le stelle nel firmamento. Chiunque pu\u00f2 idealizzare il luogo pi\u00f9 infelice della terra e renderlo vivibile, sopportabile, pu\u00f2 colorarlo, animarlo coi sentimenti, abitarlo con i suoi ideali e le sue memorie. La poesia, in fondo \u00e8 anche saper vivere una dimensione parallela, immaginarsi un mondo migliore, destabilizzare il vecchiume marcio dell&#8217;utile ad ogni costo, per ambire a progetti di rispettosa e intelligente idealit\u00e0. Non \u00e8 facile, ne sono consapevole, ma non bisogna dire: &#8220;non sono poeta&#8221; perch\u00e9 la poesia vive dentro ciascuno, baster\u00e0 recuperarla dal fondo d&#8217;anima, smaltarla, darle nuova patina e nuova fede, riavvicinarsi alla speranza che essa porta con s\u00e9, perch\u00e9 la poesia \u00e8 ansia d&#8217;infinito, voglia di vivere una dimensione &#8220;altra&#8221; che non sia il sudiciume di questo relittuale lutto umano. Baster\u00e0 solo cercarla per vederla rifiorire, l\u00e0 dove credevamo di averla perduta o di non averla mai posseduta. Tutte le strade dell&#8217;anima passano dalla poesia, che ci porter\u00e0 in cieli nuovi, in luoghi dove sarebbe impossibile transitare, senza la coscienza di possedere un&#8217;anima immortale.<\/p>\n<p>Dott.ssa Ninnj Di Stefano Bus\u00e0<\/p>\n<p>http:\/\/www.CieliAltiPoesia.it<\/p>\n","protected":false},"excerpt":{"rendered":"<p>Immaginiamo una mappa: tangenziali, strade, autostrade, viottole, piste, stradine di campagna, impervi sentieri di montagna, tutto, proprio tutto conduce ad un paesaggio irreale, quasi intimo, informale, nascosto ai pi\u00f9 -che \u00e8 la Poesia &#8211; Poesia pianeta che vive di riflesso, come una cometa o una scheggia di cielo disertato dal sole. Poesia allora come forma<\/p>\n","protected":false},"author":1,"featured_media":0,"comment_status":"open","ping_status":"open","sticky":false,"template":"","format":"standard","meta":{"footnotes":""},"categories":[32,12],"tags":[],"class_list":["post-3038","post","type-post","status-publish","format-standard","hentry","category-autori","category-cultura"],"_links":{"self":[{"href":"https:\/\/www.ulisseland.com\/journal\/wp-json\/wp\/v2\/posts\/3038","targetHints":{"allow":["GET"]}}],"collection":[{"href":"https:\/\/www.ulisseland.com\/journal\/wp-json\/wp\/v2\/posts"}],"about":[{"href":"https:\/\/www.ulisseland.com\/journal\/wp-json\/wp\/v2\/types\/post"}],"author":[{"embeddable":true,"href":"https:\/\/www.ulisseland.com\/journal\/wp-json\/wp\/v2\/users\/1"}],"replies":[{"embeddable":true,"href":"https:\/\/www.ulisseland.com\/journal\/wp-json\/wp\/v2\/comments?post=3038"}],"version-history":[{"count":4,"href":"https:\/\/www.ulisseland.com\/journal\/wp-json\/wp\/v2\/posts\/3038\/revisions"}],"predecessor-version":[{"id":3041,"href":"https:\/\/www.ulisseland.com\/journal\/wp-json\/wp\/v2\/posts\/3038\/revisions\/3041"}],"wp:attachment":[{"href":"https:\/\/www.ulisseland.com\/journal\/wp-json\/wp\/v2\/media?parent=3038"}],"wp:term":[{"taxonomy":"category","embeddable":true,"href":"https:\/\/www.ulisseland.com\/journal\/wp-json\/wp\/v2\/categories?post=3038"},{"taxonomy":"post_tag","embeddable":true,"href":"https:\/\/www.ulisseland.com\/journal\/wp-json\/wp\/v2\/tags?post=3038"}],"curies":[{"name":"wp","href":"https:\/\/api.w.org\/{rel}","templated":true}]}}