{"id":299,"date":"2012-02-22T15:25:47","date_gmt":"2012-02-22T15:25:47","guid":{"rendered":"http:\/\/www.ulisseland.com\/journal\/?p=299&#038;lang=it"},"modified":"2012-11-30T12:53:12","modified_gmt":"2012-11-30T11:53:12","slug":"ponza-gli-abitanti-della-localita-le-forna-protestano","status":"publish","type":"post","link":"https:\/\/www.ulisseland.com\/journal\/ponza-gli-abitanti-della-localita-le-forna-protestano\/","title":{"rendered":"PONZA \u2013 Gli abitanti della localit\u00e0 Le Forna protestano"},"content":{"rendered":"<p>PONZA &#8211; &#8220;Siamo stanchi di essere presi in giro dalle amministrazioni succedutesi alla guida di Ponza ed in particolare, dalle ultime capeggiate dal sindaco Porzio. Sono cinquant&#8217;anni che per i cittadini delle Forna non \u00e8 mai cambiato nulla ed ancora una volta, rischiamo di essere isolani di serie B, subendo soltanto le conseguenze negative delle scelte amministrative&#8221;. E&#8217; un grido di dolore, misto a tanta rabbia, quello scaturito dall&#8217;assemblea degli operatori turistico-economici\u00a0 della frazione isolana di Le Forna, svoltasi nell&#8217;ultimo fine settimana ed al termine della quale, la cinquantina di imprenditori presenti, in rappresentanza delle diverse categorie &#8211; commercianti, ristoratori, affittacamere, cooperative e pescatori &#8211; nel programmare un&#8217;assemblea generale dei cittadini, hanno minacciato l&#8217;avvio di una petizione popolare per chiedere al Governo centrale ed al Prefetto di Latina di staccarsi dal Comune di Ponza centro e di potersi costituire in Ente autonomo. A guidare la protesta, il presidente dell&#8217;Ascom-Confcommercio di Le Forna, Ciro Parisi ed il suo vice, Davide Vitiello, i quali hanno messo nero su bianco, elencando tutte le carenze e le prevaricazioni sub\u00ecte, nel corso degli ultimi anni, dalla comunit\u00e0 che vive nella parte superiore dell&#8217;isola, ma, soprattutto, le negative previsioni che annunciano la prossima stagione turistica, accanto alle proprie rivendicazioni. &#8220;In tanti sbandierano di amare Ponza, esordisce Parisi, ma per noi operatori e per i cittadini dell&#8217;isola, voler bene a Ponza, significa viverci tutto l&#8217;anno, subendone i disagi, nella vana speranza di ricevere risposte dagli amministratori&#8221;. Innanzitutto il problema della portualit\u00e0: &#8220;soltanto prima di Natale, afferma Parisi, \u00e8 saltata fuori una delibera del gennaio 2010, con cui si intende classificare zona balneabile Casa Feola, cacciando pescatori e noleggiatori dalla rada, mentre sull&#8217;area dell&#8217;ex miniera, ancora inquinata dal caolino, sono iniziati i lavori di spianamento per realizzarvi una struttura polivalente&#8221;. E l&#8217;ipotizzato porticciolo turistico di Cala dell&#8217;Acqua? prosegue il presidente dell&#8217;Ascom: &#8220;qui, a Le Forna, non abbiamo pi\u00f9 un approdo, n\u00e8 accessi al mare, ma il turismo non si sviluppa con le chiacchiere, occorre un porticciolo e strutture ricettive adeguate, pur nel rispetto dell&#8217;ambiente. Basti ricordare che tra gli anni &#8217;50\/70, tra la baia dell&#8217;Acqua e lo scoglio della Tartaruga, esistevano oltre 250 abitazioni di pescatori, con approdi e vigneti rigogliosi, poi distrutti dalla miniera. Oggi occorre riqualificare l&#8217;intera area, soprattutto per garantire ai nostri giovani un lavoro ed un futuro sull&#8217;isola&#8221;. E poi, proseguono Parisi e Vitiello, c&#8217;\u00e8 il problema della sanit\u00e0, con il rischio di perdere il soccorso aereo del 118, per la mancanza di un eliporto in sicurezza, o il dramma dei collegamenti con il continente, sempre peggiori, senza alcuna prospettiva, da parte della neonata Laziomar. Per non parlare della viabilit\u00e0 e del trasporto pubblico che penalizza costantemente i turisti che scelgono la nostra zona, o della raccolta dei rifiuti assolutamente insufficiente e della necessit\u00e0 di una maggiore igiene; o ancora, vorremmo conoscere il destino della piazzetta di Calacaparra, che giace nel pi\u00f9 totale abbandono, dopo aver speso decine e decine di migliaia di euro. &#8220;Ma ora basta, se continua cos\u00ec, ci amministreremo da soli!&#8221;.<\/p>\n<p>Il Direttore<\/p>\n<p>Dott. Sergio Monforte<\/p>\n<p><a href=\"http:\/\/www.virtualcity3d.it\/dettaglioluogo.aspx?id=58&amp;ddvalue=6&amp;comune=Ponza.db&amp;str=&amp;sferic=6330011_20090715_164312_265625_158957\"><img loading=\"lazy\" decoding=\"async\" class=\"size-full wp-image-280 aligncenter\" title=\"Ponza Virtual City 3D\" src=\"https:\/\/www.ulisseland.com\/journal\/wp-content\/uploads\/2012\/02\/Ponza-Virtual-City-3D-e1329904126496.jpg\" alt=\"\" width=\"250\" height=\"240\" \/><\/a><\/p>\n","protected":false},"excerpt":{"rendered":"<p>PONZA &#8211; &#8220;Siamo stanchi di essere presi in giro dalle amministrazioni succedutesi alla guida di Ponza ed in particolare, dalle ultime capeggiate dal sindaco Porzio. Sono cinquant&#8217;anni che per i cittadini delle Forna non \u00e8 mai cambiato nulla ed ancora una volta, rischiamo di essere isolani di serie B, subendo soltanto le conseguenze negative delle<\/p>\n","protected":false},"author":1,"featured_media":0,"comment_status":"open","ping_status":"open","sticky":false,"template":"","format":"standard","meta":{"footnotes":""},"categories":[18],"tags":[],"class_list":["post-299","post","type-post","status-publish","format-standard","hentry","category-comune-di-ponza"],"_links":{"self":[{"href":"https:\/\/www.ulisseland.com\/journal\/wp-json\/wp\/v2\/posts\/299","targetHints":{"allow":["GET"]}}],"collection":[{"href":"https:\/\/www.ulisseland.com\/journal\/wp-json\/wp\/v2\/posts"}],"about":[{"href":"https:\/\/www.ulisseland.com\/journal\/wp-json\/wp\/v2\/types\/post"}],"author":[{"embeddable":true,"href":"https:\/\/www.ulisseland.com\/journal\/wp-json\/wp\/v2\/users\/1"}],"replies":[{"embeddable":true,"href":"https:\/\/www.ulisseland.com\/journal\/wp-json\/wp\/v2\/comments?post=299"}],"version-history":[{"count":5,"href":"https:\/\/www.ulisseland.com\/journal\/wp-json\/wp\/v2\/posts\/299\/revisions"}],"predecessor-version":[{"id":5300,"href":"https:\/\/www.ulisseland.com\/journal\/wp-json\/wp\/v2\/posts\/299\/revisions\/5300"}],"wp:attachment":[{"href":"https:\/\/www.ulisseland.com\/journal\/wp-json\/wp\/v2\/media?parent=299"}],"wp:term":[{"taxonomy":"category","embeddable":true,"href":"https:\/\/www.ulisseland.com\/journal\/wp-json\/wp\/v2\/categories?post=299"},{"taxonomy":"post_tag","embeddable":true,"href":"https:\/\/www.ulisseland.com\/journal\/wp-json\/wp\/v2\/tags?post=299"}],"curies":[{"name":"wp","href":"https:\/\/api.w.org\/{rel}","templated":true}]}}