{"id":2910,"date":"2012-05-31T15:11:43","date_gmt":"2012-05-31T13:11:43","guid":{"rendered":"http:\/\/www.ulisseland.com\/journal\/?p=2910&#038;lang=it"},"modified":"2012-05-31T15:12:33","modified_gmt":"2012-05-31T13:12:33","slug":"sousse-la-realta-dellistituto-italiano-di-cultura","status":"publish","type":"post","link":"https:\/\/www.ulisseland.com\/journal\/sousse-la-realta-dellistituto-italiano-di-cultura\/","title":{"rendered":"SOUSSE: La realt\u00e0 dell\u2019Istituto Italiano di Cultura"},"content":{"rendered":"<p style=\"text-align: center;\"><a href=\"https:\/\/www.ulisseland.com\/journal\/wp-content\/uploads\/2012\/05\/image1.jpg\"><img loading=\"lazy\" decoding=\"async\" class=\"aligncenter  wp-image-2911\" title=\"image\" src=\"https:\/\/www.ulisseland.com\/journal\/wp-content\/uploads\/2012\/05\/image1.jpg\" alt=\"\" width=\"614\" height=\"154\" \/><\/a><\/p>\n<p>L\u2019Istituto Italiano di Cultura\u00a0 in Tunisia, realt\u00e0\u00a0 importante e molto attiva.<\/p>\n<p>Dal sito che possiamo linkare\u00a0 qui, si pu\u00f2 prendere nota per sviluppare iniziative culturali e di studio in Tunisia.<\/p>\n<p>Una realt\u00e0 molto attiva \u00e8 la Fondazione Valenzi (gestita dalla figlia del noto Senatore-Pittore che fu anche Sindaco di Napoli).<\/p>\n<p>La sua mostra \u00e8 stata recentemente inaugurata dal Presidente della Repubblica Giorgio Napolitano nella Sua visita di Stato in Tunisia.<\/p>\n<p>La variet\u00e0 degli interessi dell\u2019Istituto sono espressi molto bene nel sito internet che potete direttamente visitare qui:<\/p>\n<p><a href=\"http:\/\/www.iictunisi.esteri.it\/IIC_Tunisi\"><img loading=\"lazy\" decoding=\"async\" class=\"alignleft  wp-image-2912\" title=\"http:\/\/www.iictunisi.esteri.it\/IIC_Tunisi\" src=\"https:\/\/www.ulisseland.com\/journal\/wp-content\/uploads\/2012\/05\/image2.jpg\" alt=\"\" width=\"156\" height=\"156\" srcset=\"https:\/\/www.ulisseland.com\/journal\/wp-content\/uploads\/2012\/05\/image2.jpg 371w, https:\/\/www.ulisseland.com\/journal\/wp-content\/uploads\/2012\/05\/image2-150x150.jpg 150w, https:\/\/www.ulisseland.com\/journal\/wp-content\/uploads\/2012\/05\/image2-300x300.jpg 300w, https:\/\/www.ulisseland.com\/journal\/wp-content\/uploads\/2012\/05\/image2-50x50.jpg 50w\" sizes=\"auto, (max-width: 156px) 100vw, 156px\" \/><\/a><\/p>\n<p>&nbsp;<\/p>\n<p>&nbsp;<\/p>\n<p>&nbsp;<\/p>\n<p>&nbsp;<\/p>\n<p>&nbsp;<\/p>\n<p>&nbsp;<\/p>\n<p>Da Sousse<\/p>\n<p>Erasmo Cocomello<\/p>\n","protected":false},"excerpt":{"rendered":"<p>L\u2019Istituto Italiano di Cultura\u00a0 in Tunisia, realt\u00e0\u00a0 importante e molto attiva. Dal sito che possiamo linkare\u00a0 qui, si pu\u00f2 prendere nota per sviluppare iniziative culturali e di studio in Tunisia. Una realt\u00e0 molto attiva \u00e8 la Fondazione Valenzi (gestita dalla figlia del noto Senatore-Pittore che fu anche Sindaco di Napoli). La sua mostra \u00e8 stata<\/p>\n","protected":false},"author":1,"featured_media":0,"comment_status":"open","ping_status":"open","sticky":false,"template":"","format":"standard","meta":{"footnotes":""},"categories":[11,40],"tags":[],"class_list":["post-2910","post","type-post","status-publish","format-standard","hentry","category-enti","category-sousse-tunisia"],"_links":{"self":[{"href":"https:\/\/www.ulisseland.com\/journal\/wp-json\/wp\/v2\/posts\/2910","targetHints":{"allow":["GET"]}}],"collection":[{"href":"https:\/\/www.ulisseland.com\/journal\/wp-json\/wp\/v2\/posts"}],"about":[{"href":"https:\/\/www.ulisseland.com\/journal\/wp-json\/wp\/v2\/types\/post"}],"author":[{"embeddable":true,"href":"https:\/\/www.ulisseland.com\/journal\/wp-json\/wp\/v2\/users\/1"}],"replies":[{"embeddable":true,"href":"https:\/\/www.ulisseland.com\/journal\/wp-json\/wp\/v2\/comments?post=2910"}],"version-history":[{"count":6,"href":"https:\/\/www.ulisseland.com\/journal\/wp-json\/wp\/v2\/posts\/2910\/revisions"}],"predecessor-version":[{"id":2917,"href":"https:\/\/www.ulisseland.com\/journal\/wp-json\/wp\/v2\/posts\/2910\/revisions\/2917"}],"wp:attachment":[{"href":"https:\/\/www.ulisseland.com\/journal\/wp-json\/wp\/v2\/media?parent=2910"}],"wp:term":[{"taxonomy":"category","embeddable":true,"href":"https:\/\/www.ulisseland.com\/journal\/wp-json\/wp\/v2\/categories?post=2910"},{"taxonomy":"post_tag","embeddable":true,"href":"https:\/\/www.ulisseland.com\/journal\/wp-json\/wp\/v2\/tags?post=2910"}],"curies":[{"name":"wp","href":"https:\/\/api.w.org\/{rel}","templated":true}]}}