{"id":2841,"date":"2012-05-30T10:53:47","date_gmt":"2012-05-30T08:53:47","guid":{"rendered":"http:\/\/www.ulisseland.com\/journal\/?p=2841&#038;lang=it"},"modified":"2012-05-30T12:48:14","modified_gmt":"2012-05-30T10:48:14","slug":"gente-di-plastica-della-compagnia-teatrale-costellazione-vince-come-migliore-spettacolo-il-festival-international-du-theatre-professionnel-2012-di-fez-in-marocco","status":"publish","type":"post","link":"https:\/\/www.ulisseland.com\/journal\/gente-di-plastica-della-compagnia-teatrale-costellazione-vince-come-migliore-spettacolo-il-festival-international-du-theatre-professionnel-2012-di-fez-in-marocco\/","title":{"rendered":"GENTE DI PLASTICA della Compagnia Teatrale Costellazione vince come MIGLIORE SPETTACOLO il &#8220;Festival International du Th\u00e9\u00e2tre Professionnel 2012&#8221; di Fez in Marocco."},"content":{"rendered":"<p><a href=\"https:\/\/www.ulisseland.com\/journal\/wp-content\/uploads\/2012\/05\/Gente-Di-Plastica-21-Foto-di-Fabio-Marino.jpg\"><img loading=\"lazy\" decoding=\"async\" class=\"alignleft  wp-image-2847\" title=\"Gente Di Plastica-21 (Foto di Fabio Marino)\" src=\"https:\/\/www.ulisseland.com\/journal\/wp-content\/uploads\/2012\/05\/Gente-Di-Plastica-21-Foto-di-Fabio-Marino.jpg\" alt=\"\" width=\"300\" height=\"300\" srcset=\"https:\/\/www.ulisseland.com\/journal\/wp-content\/uploads\/2012\/05\/Gente-Di-Plastica-21-Foto-di-Fabio-Marino.jpg 500w, https:\/\/www.ulisseland.com\/journal\/wp-content\/uploads\/2012\/05\/Gente-Di-Plastica-21-Foto-di-Fabio-Marino-150x150.jpg 150w, https:\/\/www.ulisseland.com\/journal\/wp-content\/uploads\/2012\/05\/Gente-Di-Plastica-21-Foto-di-Fabio-Marino-300x300.jpg 300w, https:\/\/www.ulisseland.com\/journal\/wp-content\/uploads\/2012\/05\/Gente-Di-Plastica-21-Foto-di-Fabio-Marino-50x50.jpg 50w\" sizes=\"auto, (max-width: 300px) 100vw, 300px\" \/><\/a>Secondo, strepitoso successo internazionale nel giro di soli 45 giorni per la Compagnia Teatrale Costellazione di Formia, che ha rappresentato l\u2019Italia e l\u2019Europa durante l&#8217;ottava edizione del &#8220;Festival International du Th\u00e9\u00e2tre Professionnel&#8221;di Fes, in Marocco dal 19 al 25 maggio.<\/p>\n<p>Dopo aver vinto all\u2019inizio di aprile, su 54 compagnie in concorso, il GRAN PRIX come Miglior Spettacolo al Festival Internazionale di Skopje \u201cFaces without masks\u201d, alla presenza dell&#8217;Ambasciatore Italiano in Macedonia , la Compagnia Teatrale Costellazione raggiunge un altro prestigioso traguardo vincendo il GRAN PRIX come MIGLIOR SPETTACOLO all&#8217;ottava edizione del Festival International du Th\u00e9\u00e2tre Professionnel 2012\u00a0 di Fez in Marocco.<\/p>\n<p>La Compagnia formiana si \u00e8 confrontata ancora una volta con i professionisti finalisti provenienti questa volta da Egitto, Emirati Arabi, Iraq e dalle principali citt\u00e0 del Marocco.<\/p>\n<p>Diretto da Mohssin Mohtadi, e organizzato da professionisti del teatro della citt\u00e0 di Fez (la terza, in ordine di grandezza, del Regno del Marocco, questo importante Festival da anni crea un punto d\u2019incontro tra le culture del Maghreb, tra loro simili ma profondamente differenti, e la cultura Europea mettendo a confronto le diverse tendenze teatrali e contribuendo a far crescere questa straordinaria forma d&#8217;arte.<\/p>\n<p><a style=\"text-decoration: underline; font-family: 'Helvetica Neue', Helvetica, Arial, 'Nimbus Sans L', sans-serif; font-size: 12px; line-height: 20px; text-align: justify;\" href=\"https:\/\/www.ulisseland.com\/journal\/wp-content\/uploads\/2012\/05\/DSC_0292.jpg\"><img loading=\"lazy\" decoding=\"async\" class=\"alignright  wp-image-2846\" title=\"DSC_0292\" src=\"https:\/\/www.ulisseland.com\/journal\/wp-content\/uploads\/2012\/05\/DSC_0292.jpg\" alt=\"\" width=\"312\" height=\"207\" srcset=\"https:\/\/www.ulisseland.com\/journal\/wp-content\/uploads\/2012\/05\/DSC_0292.jpg 3008w, https:\/\/www.ulisseland.com\/journal\/wp-content\/uploads\/2012\/05\/DSC_0292-300x199.jpg 300w, https:\/\/www.ulisseland.com\/journal\/wp-content\/uploads\/2012\/05\/DSC_0292-1024x680.jpg 1024w\" sizes=\"auto, (max-width: 312px) 100vw, 312px\" \/><\/a><\/p>\n<p>Questo evento annuale, sostenuto dal Ministero della Cultura e dall&#8217;Associazione di Professionisti Marocchini del Teatro, dall&#8217;Ufficio Nazionale e dal Teatro Nazionale Mohammed V,\u00a0 in collaborazione con la Comunit\u00e0 Urbana della citt\u00e0 di Fez, con\u00a0 il Consiglio Nazionale per i Diritti Umani e con la Direzione Regionale del Ministero della Cultura di Fez, ha visto protagonisti 10 spettacoli all&#8217;insegna dei colori dell&#8217;arte teatrale, della filosofia della diversit\u00e0 linguistica e della tolleranza.<br \/>\nSpiccano, tra le personalit\u00e0 del folto gruppo di autori e intellettuali provenienti dai diversi paesi della fascia Maghrebina incontrate a Fez, i nomi di Abderahim Bakloul (regista, scenografo e direttore dell&#8217; Istituto d\u2019Arte), Adnane Mouissy e Khalid Zouichi (noti attori e autori), e poi ancora Aziz El Hakim (regista e coreografo), Hamid Mhamdi (attore e autore) e Hassan Alawi Mrani (artista e regista teatrale)<\/p>\n<p><a href=\"https:\/\/www.ulisseland.com\/journal\/wp-content\/uploads\/2012\/05\/DSC_0285.jpg\"><img loading=\"lazy\" decoding=\"async\" class=\"alignleft  wp-image-2844\" title=\"DSC_0285\" src=\"https:\/\/www.ulisseland.com\/journal\/wp-content\/uploads\/2012\/05\/DSC_0285.jpg\" alt=\"\" width=\"275\" height=\"188\" srcset=\"https:\/\/www.ulisseland.com\/journal\/wp-content\/uploads\/2012\/05\/DSC_0285.jpg 2120w, https:\/\/www.ulisseland.com\/journal\/wp-content\/uploads\/2012\/05\/DSC_0285-300x205.jpg 300w, https:\/\/www.ulisseland.com\/journal\/wp-content\/uploads\/2012\/05\/DSC_0285-1024x700.jpg 1024w\" sizes=\"auto, (max-width: 275px) 100vw, 275px\" \/><\/a>In Giuria personaggi culturali di rilievo come Sameh Mahran, Presidente dell&#8217;Accademia delle Arti, il regista teatrale Nasser Abdel Moneim responsabile della Casa per il Teatro di Fes e\u00a0 Hassan Attiya, presidente della Critica del Teatro.<\/p>\n<p>Decisamente alto lo standard delle compagnie in concorso e degli spettacoli presentati che, oltre agli artisti delle compagnie provenienti dalle maggiori citt\u00e0 del Marocco, vedevano protagoniste:<\/p>\n<p>la compagnia degli EMIRATI ARABI UNITI con lo spettacolo teatrale BAHLOUL, diretto da Habib Ghuloom Attar, affermato e creativo regista di Dubai;<\/p>\n<p>la compagnia dell&#8217;EGITTO proveniente da Il Cairo e diretta dal regista Sana, preside dell&#8217;Istituto Superiore di Arte Drammatica e professore di recitazione e regia presso l&#8217;Arts Academy. La Compagnia Egiziana\u00a0 finalista al Theater Festival in Algeria che si terr\u00e0\u00a0 il prossimo settembre, come pure al Festival di Hannover, in Germania,\u00a0 e al Festival del Teatro di Berlino ad ottobre, ha presentato una particolare versione dello spettacolo CHI HA PAURA DI VIRGINIA WOOLF.;<\/p>\n<p><a href=\"https:\/\/www.ulisseland.com\/journal\/wp-content\/uploads\/2012\/05\/DSC_0274.jpg\"><img loading=\"lazy\" decoding=\"async\" class=\"alignright  wp-image-2843\" title=\"DSC_0274\" src=\"https:\/\/www.ulisseland.com\/journal\/wp-content\/uploads\/2012\/05\/DSC_0274.jpg\" alt=\"\" width=\"390\" height=\"259\" srcset=\"https:\/\/www.ulisseland.com\/journal\/wp-content\/uploads\/2012\/05\/DSC_0274.jpg 3008w, https:\/\/www.ulisseland.com\/journal\/wp-content\/uploads\/2012\/05\/DSC_0274-300x199.jpg 300w, https:\/\/www.ulisseland.com\/journal\/wp-content\/uploads\/2012\/05\/DSC_0274-1024x680.jpg 1024w\" sizes=\"auto, (max-width: 390px) 100vw, 390px\" \/><\/a>la Compagnia Irachena THEATRICAL NAKHEEL TROUPE, che ha presentato SUONATE LE CAMPANE, uno spettacolo attualissimo e di forte impatto, diretto dal regista Yusuf Hashim Abbas , nel quale \u00e8 narrato tutto il dramma della recente guerra con un linguaggio scenico scarno e al tempo stesso molto poetico;<\/p>\n<p>e la Compagnia teatrale Costellazione che, con GENTE DI PLASTICA, ha rappresentato l&#8217;Italia ma anche la cultura teatrale Europea in un contesto internazionale di cos\u00ec alto livello.<\/p>\n<p>Alla fine della rappresentazione dello spettacolo italiano, che ha avuto l&#8217;onore di inaugurare il Festival, grandissima l&#8217;emozione ricevuta dalla Standing Ovation tributata alla Compagnia Costellazione dal numerosissimo pubblico che gremiva il Teatro di Fez<\/p>\n<p>Al momento dei ringraziamenti, quando la regista Roberta Costantini ha consegnato al Direttore Artistico del Festival una targa con l\u2019emblema della citt\u00e0 di Formia, ed alcune prestigiose stampe e pubblicazioni inviate dal\u00a0 Sindaco Senatore Michele Forte per la citt\u00e0 di Fez,\u00a0 grandi sono stati l&#8217;entusiasmo\u00a0 e i ringraziamenti delle personalit\u00e0 presenti in sala: si \u00e8 cos\u00ec creato un ponte tra due realt\u00e0 culturali distanti nello spazio ma molto affini tra loro che prelude a futuri ed interessanti possibili scambi culturali tra le due storiche citt\u00e0.<\/p>\n<p>Dopo sette giorni di fermento artistico denso di straordinarie iniziative, la cerimonia di chiusura del Festival decretava vincitori:<\/p>\n<p><a href=\"https:\/\/www.ulisseland.com\/journal\/wp-content\/uploads\/2012\/05\/DSC_0289.jpg\"><img loading=\"lazy\" decoding=\"async\" class=\"alignleft  wp-image-2845\" title=\"DSC_0289\" src=\"https:\/\/www.ulisseland.com\/journal\/wp-content\/uploads\/2012\/05\/DSC_0289.jpg\" alt=\"\" width=\"312\" height=\"207\" srcset=\"https:\/\/www.ulisseland.com\/journal\/wp-content\/uploads\/2012\/05\/DSC_0289.jpg 3008w, https:\/\/www.ulisseland.com\/journal\/wp-content\/uploads\/2012\/05\/DSC_0289-300x199.jpg 300w, https:\/\/www.ulisseland.com\/journal\/wp-content\/uploads\/2012\/05\/DSC_0289-1024x680.jpg 1024w\" sizes=\"auto, (max-width: 312px) 100vw, 312px\" \/><\/a>MIGLIOR ATTORE: Juma Ali, attore dello spettacolo teatrale &#8220;Bahloul&#8221; presentato dalla compagnia degli Emirati Arabi Uniti a pari merito con l&#8217;attore egiziano Alaa Kouka, per il suo ruolo in \u00abChi ha paura di Virginia Woolf\u00bb.<\/p>\n<p>MIGLIOR ATTRICE: Shatha Salim\u00a0 dell&#8217;Iraq\u00a0 a pari merito con\u00a0 Manal Salama della compagnia dell&#8217;Egitto.<\/p>\n<p>MIGLIOR\u00a0 ATTORE NON PROTAGONISTA: Marinid Muffler del\u00a0 Regno del Marocco<\/p>\n<p>MIGLIOR TESTO: Jamal Salem\u00a0 degli Emirati Arabi Uniti<\/p>\n<p>MIGLIOR SCENOGRAFIA: Mohammed Hamid ALG degli\u00a0 Emirati Arabi Uniti<\/p>\n<p>PREMIO SPECIALE DELLA GIURIA : Iraq<\/p>\n<p>MIGLIOR REGIA: Yusuf Hashim Abbas dell&#8217; Iraq\u00a0 a pari merito con\u00a0 Habib Ghuloom Attar degli Emirati Arabi.<\/p>\n<p>Ma il premio pi\u00f9 importante, il\u00a0 GRAN PRIX al MIGLIOR SPETTACOLO \u00e8 stato per<\/p>\n<p>GENTE DI PLASTICA \u2013 ideazione drammaturgia e regia di ROBERTA COSTANTINI<\/p>\n<p>della Compagnia Teatrale Costellazione \u2013 Italia.<\/p>\n<p>Protagonisti i bravissimi attori: JANOS AGRESTI, SOLEDAD AGRESTI, ROSANNA BOSSO, VERUSCHKA COSSUTO, ROBERTO COSTANTINI, GIULIANA IANNOTTA, MARCO MARINO, NINO PAGLIUCA, GIANLUCA PAOLISSO.<\/p>\n<p>Disegno luci, elaborazioni audio e consulenza musicale a cura di MARCO MARINO.<\/p>\n<p>Costumi di ANDREJ VRHOVNIK<\/p>\n<p><a href=\"https:\/\/www.ulisseland.com\/journal\/wp-content\/uploads\/2012\/05\/Gente-Di-Plastica-29-Foto-di-Fabio-Marino1.jpg\"><img loading=\"lazy\" decoding=\"async\" class=\"alignright  wp-image-2842\" title=\"Gente Di Plastica-29 (Foto di Fabio Marino)\" src=\"https:\/\/www.ulisseland.com\/journal\/wp-content\/uploads\/2012\/05\/Gente-Di-Plastica-29-Foto-di-Fabio-Marino1.jpg\" alt=\"\" width=\"245\" height=\"245\" srcset=\"https:\/\/www.ulisseland.com\/journal\/wp-content\/uploads\/2012\/05\/Gente-Di-Plastica-29-Foto-di-Fabio-Marino1.jpg 500w, https:\/\/www.ulisseland.com\/journal\/wp-content\/uploads\/2012\/05\/Gente-Di-Plastica-29-Foto-di-Fabio-Marino1-150x150.jpg 150w, https:\/\/www.ulisseland.com\/journal\/wp-content\/uploads\/2012\/05\/Gente-Di-Plastica-29-Foto-di-Fabio-Marino1-300x300.jpg 300w, https:\/\/www.ulisseland.com\/journal\/wp-content\/uploads\/2012\/05\/Gente-Di-Plastica-29-Foto-di-Fabio-Marino1-50x50.jpg 50w\" sizes=\"auto, (max-width: 245px) 100vw, 245px\" \/><\/a>Dice la regista\u00a0 Roberta Costantini: \u201cIl teatro ama la gioia e la fatica del viaggio, i nuovi odori di citt\u00e0 e paesi sconosciuti, la mescolanza di linguaggi apparentemente differenti e contrapposti. Il teatro ama il nomadismo curioso di chi non si accontenta della propria terra, ama nuove sfumature da imprimere nella mente e nel cuore. Il teatro ama alla follia la vita. Qualcosa di sotterraneo e tenace ci unisce\u00a0 agli altri artisti e professionisti che ogni volta incontriamo: sono altri noi stessi sparsi nel mondo e impegnati a non farsi scorrere addosso la vita senza lasciarsene bagnare.\u201d<\/p>\n<p>GENTE DI PLASTICA continua cos\u00ec il suo viaggio denso di importanti riconoscimenti.: nato nel nostro territorio d\u2019origine per essere veicolato, come nella tradizione degli spettacoli della Compagnia, nell\u2019ambito di manifestazioni culturali Nazionali ed Internazionali dove\u00a0 orgogliosamente contunua a portare l&#8217;immagine della citt\u00e0 di Formia diffondendone la cultura.<\/p>\n<p>Lo spettacolo che accusa il voyerismo televisivo, la realt\u00e0 divenuta reality, i sentimenti plastificati, il business eretto a sistema che stravolge la verit\u00e0 e offende la dignit\u00e0 delle persone, sar\u00e0 infatti tra i\u00a0 54 spettacoli nazionali selezionati per l&#8217;Evento dell&#8217;Estate\u00a0 a Roma,\u00a0 la prima edizione del ROMA FRINGE FESTIVAL\u00a0 che\u00a0 si terr\u00e0 dal 23 giugno al 15 luglio nella Capitale. Ma non solo, la Compagnia formiana sar\u00e0 presente\u00a0 nella seconda met\u00e0 di agosto a LAMAMASPOLETOPEN 2012, sezione Fringe del Festival dei Due Mondi di Spoleto, \u00a0accrescendo la qualit\u00e0 e il prestigio di questa compagnia formiana.<\/p>\n<p>La Compagnia ringrazia l&#8217;Amministrazione del Comune di Formia, il Sindaco Senatore Michele Forte e l&#8217;Assessore alla Cultura Dott. Amato La Mura per il sostegno e l&#8217;attenzione auspicando una sempre maggiore crescita\u00a0 del Teatro e della Cultura della Citt\u00e0 di Formia.<\/p>\n<p>Un grande ringraziamento agli sponsor che hanno creduto e continuano a credere nella qualit\u00e0 artistica della Compagnia Costellazione e al pubblico che, entusiasta e sempre pi\u00f9 numeroso, segue gli spettacoli della Compagnia su tutto il territorio nazionale sostenendo con il suo calore, il cammino artistico di questa equipe formiana.<\/p>\n<p>&nbsp;<\/p>\n<p>Il Direttore<\/p>\n<p>Dott. Sergio Monforte<\/p>\n","protected":false},"excerpt":{"rendered":"<p>Secondo, strepitoso successo internazionale nel giro di soli 45 giorni per la Compagnia Teatrale Costellazione di Formia, che ha rappresentato l\u2019Italia e l\u2019Europa durante l&#8217;ottava edizione del &#8220;Festival International du Th\u00e9\u00e2tre Professionnel&#8221;di Fes, in Marocco dal 19 al 25 maggio. Dopo aver vinto all\u2019inizio di aprile, su 54 compagnie in concorso, il GRAN PRIX come<\/p>\n","protected":false},"author":1,"featured_media":0,"comment_status":"open","ping_status":"open","sticky":false,"template":"","format":"standard","meta":{"footnotes":""},"categories":[12,33],"tags":[],"class_list":["post-2841","post","type-post","status-publish","format-standard","hentry","category-cultura","category-teatro"],"_links":{"self":[{"href":"https:\/\/www.ulisseland.com\/journal\/wp-json\/wp\/v2\/posts\/2841","targetHints":{"allow":["GET"]}}],"collection":[{"href":"https:\/\/www.ulisseland.com\/journal\/wp-json\/wp\/v2\/posts"}],"about":[{"href":"https:\/\/www.ulisseland.com\/journal\/wp-json\/wp\/v2\/types\/post"}],"author":[{"embeddable":true,"href":"https:\/\/www.ulisseland.com\/journal\/wp-json\/wp\/v2\/users\/1"}],"replies":[{"embeddable":true,"href":"https:\/\/www.ulisseland.com\/journal\/wp-json\/wp\/v2\/comments?post=2841"}],"version-history":[{"count":5,"href":"https:\/\/www.ulisseland.com\/journal\/wp-json\/wp\/v2\/posts\/2841\/revisions"}],"predecessor-version":[{"id":2850,"href":"https:\/\/www.ulisseland.com\/journal\/wp-json\/wp\/v2\/posts\/2841\/revisions\/2850"}],"wp:attachment":[{"href":"https:\/\/www.ulisseland.com\/journal\/wp-json\/wp\/v2\/media?parent=2841"}],"wp:term":[{"taxonomy":"category","embeddable":true,"href":"https:\/\/www.ulisseland.com\/journal\/wp-json\/wp\/v2\/categories?post=2841"},{"taxonomy":"post_tag","embeddable":true,"href":"https:\/\/www.ulisseland.com\/journal\/wp-json\/wp\/v2\/tags?post=2841"}],"curies":[{"name":"wp","href":"https:\/\/api.w.org\/{rel}","templated":true}]}}