{"id":2755,"date":"2012-05-29T15:18:20","date_gmt":"2012-05-29T13:18:20","guid":{"rendered":"http:\/\/www.ulisseland.com\/journal\/?p=2755&#038;lang=it"},"modified":"2012-05-29T15:18:38","modified_gmt":"2012-05-29T13:18:38","slug":"emilia-romagna-terremoto-magnitudo-58-richter","status":"publish","type":"post","link":"https:\/\/www.ulisseland.com\/journal\/emilia-romagna-terremoto-magnitudo-58-richter\/","title":{"rendered":"EMILIA ROMAGNA \u2013 TERREMOTO magnitudo 5,8 Richter"},"content":{"rendered":"<p><strong><a href=\"https:\/\/www.ulisseland.com\/journal\/wp-content\/uploads\/2012\/05\/terremoto-emilia-romagna.jpg\"><img loading=\"lazy\" decoding=\"async\" class=\"alignleft  wp-image-2758\" title=\"terremoto-emilia-romagna\" src=\"https:\/\/www.ulisseland.com\/journal\/wp-content\/uploads\/2012\/05\/terremoto-emilia-romagna.jpg\" alt=\"\" width=\"320\" height=\"240\" srcset=\"https:\/\/www.ulisseland.com\/journal\/wp-content\/uploads\/2012\/05\/terremoto-emilia-romagna.jpg 400w, https:\/\/www.ulisseland.com\/journal\/wp-content\/uploads\/2012\/05\/terremoto-emilia-romagna-300x225.jpg 300w\" sizes=\"auto, (max-width: 320px) 100vw, 320px\" \/><\/a>29 MAGGIO<\/strong> \u2013 Una violenta <strong>scossa<\/strong> di <strong>magnitudo 5,8 Richter<\/strong>, localizzata tra i 5 e i 10 km profondit\u00e0, ha colpito alle 9.03 la fascia di territorio che da Modena citt\u00e0 si estende fino alla Bassa, con epicentro tra Medolla, Mirandola e Cavezzo. Diverse repliche di intensit\u00e0 notevole si sono succedute tra le 9.03 e le 10 AM.<\/p>\n<p><strong>Due morti<\/strong> e alcuni feriti si registrano a <strong>San Felice sul Panaro<\/strong>. Dei quattro operai intrappolati sotto le macerie a <strong>Mirandola, <\/strong>uno ha perso la vita.\u00a0Persone coinvolte nei crolli anche a Medolla: Tgcom24 conferma che alcuni operai sono ancora sepolti sotto macerie.<\/p>\n<p>Sono in corso le verifiche dei vigili del fuoco e della Protezione Civile. Si teme che la nuova scossa di terremoto abbia provocato nuove vittime nella zona dell\u2019epicentro, come riferito dai sindaci dei comuni colpiti che a SkyTG24 hanno parlato di \u201cpersone sotto le macerie\u201d.<\/p>\n<p>I comuni prossimi all\u2019epicentro sono Medolla, Mirandola, Cento e Cavezzo. Dopo la scossa, nuovi crolli si sono registrati a <strong>Mirandola<\/strong> (Duomo e capannoni industriali), <strong>Finale Emilia<\/strong> (Municipio e Torre del Castello) e <strong>San Felice sul Panaro<\/strong> (dove \u00e8 crollata la torre del Castello). A <strong>Cento<\/strong> crolla il Teatro Comunale. La situazione pi\u00f9 grave a <strong>Cavezzo<\/strong> dove il 75% del paese ha subito danni.<\/p>\n<p>Tutti i centri erano gi\u00e0 stati severamente colpiti dalla scossa del 20 maggio.<\/p>\n<p><strong><a href=\"https:\/\/www.ulisseland.com\/journal\/wp-content\/uploads\/2012\/05\/13173-terremoto-emilia-romagna-nuove-scosse-nella-notte-7-morti-e-.jpg\"><img loading=\"lazy\" decoding=\"async\" class=\"alignright  wp-image-2757\" title=\"emilia romagna\" src=\"https:\/\/www.ulisseland.com\/journal\/wp-content\/uploads\/2012\/05\/13173-terremoto-emilia-romagna-nuove-scosse-nella-notte-7-morti-e-.jpg\" alt=\"\" width=\"350\" height=\"233\" srcset=\"https:\/\/www.ulisseland.com\/journal\/wp-content\/uploads\/2012\/05\/13173-terremoto-emilia-romagna-nuove-scosse-nella-notte-7-morti-e-.jpg 500w, https:\/\/www.ulisseland.com\/journal\/wp-content\/uploads\/2012\/05\/13173-terremoto-emilia-romagna-nuove-scosse-nella-notte-7-morti-e--300x199.jpg 300w\" sizes=\"auto, (max-width: 350px) 100vw, 350px\" \/><\/a>PANICO DILAGANTE<\/strong> \u2013 La scossa \u00e8 stata percepita violentemente in Emilia Romagna, Veneto, Lombardia, Piemonte, Friuli Venezia Giulia, Trentino Alto Adige, Liguria, fino in Toscana. A Bologna alcuni edifici sono stati \u00a0prontamente evacuati. Anche a Milano alcuni palazzi, sede prevalentemente di uffici, sono stati fatti evacuare per motivi di sicurezza. A Fenonica (Mantova) il sindaco abbiamo rivissuto la stessa paura dell\u2019altra domenica.<\/p>\n<p>Per accertamenti in seguito alla scossa inoltre, \u00e8 stata sospesa la circolazione dei treni tra Padova-Bologna, Verona-Bologna-Milano-Bologna.<\/p>\n<p><strong>TEORIE GEOFISICHE<\/strong> \u2013 Il professor Boschi, esperto in Geofisica, parla di una situazione molto comune in Italia in quanto due scosse di magnitudo affine\u00a0si sono gi\u00e0 verificate ad intervalli di tempo irregolari nella medesima area sismogenetica.<\/p>\n<p>&nbsp;<\/p>\n<p>Dal web<\/p>\n<p>&nbsp;<\/p>\n","protected":false},"excerpt":{"rendered":"<p>29 MAGGIO \u2013 Una violenta scossa di magnitudo 5,8 Richter, localizzata tra i 5 e i 10 km profondit\u00e0, ha colpito alle 9.03 la fascia di territorio che da Modena citt\u00e0 si estende fino alla Bassa, con epicentro tra Medolla, Mirandola e Cavezzo. Diverse repliche di intensit\u00e0 notevole si sono succedute tra le 9.03 e<\/p>\n","protected":false},"author":1,"featured_media":0,"comment_status":"open","ping_status":"open","sticky":false,"template":"","format":"standard","meta":{"footnotes":""},"categories":[13],"tags":[],"class_list":["post-2755","post","type-post","status-publish","format-standard","hentry","category-cronaca"],"_links":{"self":[{"href":"https:\/\/www.ulisseland.com\/journal\/wp-json\/wp\/v2\/posts\/2755","targetHints":{"allow":["GET"]}}],"collection":[{"href":"https:\/\/www.ulisseland.com\/journal\/wp-json\/wp\/v2\/posts"}],"about":[{"href":"https:\/\/www.ulisseland.com\/journal\/wp-json\/wp\/v2\/types\/post"}],"author":[{"embeddable":true,"href":"https:\/\/www.ulisseland.com\/journal\/wp-json\/wp\/v2\/users\/1"}],"replies":[{"embeddable":true,"href":"https:\/\/www.ulisseland.com\/journal\/wp-json\/wp\/v2\/comments?post=2755"}],"version-history":[{"count":5,"href":"https:\/\/www.ulisseland.com\/journal\/wp-json\/wp\/v2\/posts\/2755\/revisions"}],"predecessor-version":[{"id":2765,"href":"https:\/\/www.ulisseland.com\/journal\/wp-json\/wp\/v2\/posts\/2755\/revisions\/2765"}],"wp:attachment":[{"href":"https:\/\/www.ulisseland.com\/journal\/wp-json\/wp\/v2\/media?parent=2755"}],"wp:term":[{"taxonomy":"category","embeddable":true,"href":"https:\/\/www.ulisseland.com\/journal\/wp-json\/wp\/v2\/categories?post=2755"},{"taxonomy":"post_tag","embeddable":true,"href":"https:\/\/www.ulisseland.com\/journal\/wp-json\/wp\/v2\/tags?post=2755"}],"curies":[{"name":"wp","href":"https:\/\/api.w.org\/{rel}","templated":true}]}}