{"id":2698,"date":"2012-05-28T10:26:27","date_gmt":"2012-05-28T08:26:27","guid":{"rendered":"http:\/\/www.ulisseland.com\/journal\/?p=2698&#038;lang=it"},"modified":"2012-05-28T12:12:25","modified_gmt":"2012-05-28T10:12:25","slug":"gaeta-listituto-nautico-caboto-di-gaeta-presente-alla-mille-vele-di-genova","status":"publish","type":"post","link":"https:\/\/www.ulisseland.com\/journal\/gaeta-listituto-nautico-caboto-di-gaeta-presente-alla-mille-vele-di-genova\/","title":{"rendered":"GAETA: L\u2019ISTITUTO NAUTICO \u201cCABOTO\u201d PRESENTE alla \u201cMILLE VELE\u201d di GENOVA"},"content":{"rendered":"<p><a href=\"https:\/\/www.ulisseland.com\/journal\/wp-content\/uploads\/2012\/05\/Barca-Caboto.jpg\"><img loading=\"lazy\" decoding=\"async\" class=\"alignleft  wp-image-2701\" title=\"Barca Caboto\" src=\"https:\/\/www.ulisseland.com\/journal\/wp-content\/uploads\/2012\/05\/Barca-Caboto-300x207.jpg\" alt=\"\" width=\"270\" height=\"186\" srcset=\"https:\/\/www.ulisseland.com\/journal\/wp-content\/uploads\/2012\/05\/Barca-Caboto-300x207.jpg 300w, https:\/\/www.ulisseland.com\/journal\/wp-content\/uploads\/2012\/05\/Barca-Caboto.jpg 640w\" sizes=\"auto, (max-width: 270px) 100vw, 270px\" \/><\/a>L\u2019imbarcazione \u201cCaboto\u201d, con un giovanissimo equipaggio formato da docenti e studenti dell\u2019omonimo Istituto Nautico di Gaeta, partir\u00e0, questa mattina, dal molo Sant\u2019Erasmo, alla volta di Genova, per partecipare, dopo aver percorso ben600 miglia, alla ventiseiesima edizione della famosa regata \u201cMille Vele\u201d, in programma il prossimo 2 Giugno, nelle acque del Capoluogo ligure. L\u2019evento \u00e8 stato presentato, sabato mattina, nell\u2019aula della \u201cMemoria\u201d dell\u2019Istituto Nautico Caboto, alla presenza di tanti ragazzi e di molte autorit\u00e0 civili e militari, tra cui il nuovo Sindaco di Gaeta, Cosimino Mitrano; il Colonnello della Guardia di Finanza, Mario Lupinelli; il Comandante Massimo Lombardi della Capitaneria di Porto; il Dott. Giacomo Bonelli, Presidente della Lega Navale; il Prof. Cicconardi, Presidente del Club Nautico; il Dott. Rino Cassetta della Confcommercio e, naturalmente, il Preside dell\u2019Istituto, Prof. Salvatore Di Tucci.<\/p>\n<p><a href=\"https:\/\/www.ulisseland.com\/journal\/wp-content\/uploads\/2012\/05\/nautico-12.jpg\"><img loading=\"lazy\" decoding=\"async\" class=\"alignright  wp-image-2699\" title=\"nautico-12\" src=\"https:\/\/www.ulisseland.com\/journal\/wp-content\/uploads\/2012\/05\/nautico-12-300x199.jpg\" alt=\"\" width=\"240\" height=\"159\" srcset=\"https:\/\/www.ulisseland.com\/journal\/wp-content\/uploads\/2012\/05\/nautico-12-300x199.jpg 300w, https:\/\/www.ulisseland.com\/journal\/wp-content\/uploads\/2012\/05\/nautico-12.jpg 900w\" sizes=\"auto, (max-width: 240px) 100vw, 240px\" \/><\/a>L\u2019equipaggio, comandato dal Prof. Silverio Schiano, sar\u00e0 composto da Fabio Monforte, Angelo De Santis, Marco Montagna, Giuseppe Tucciello, Francesco Di Rocco e dall\u2019Assistente tecnico Francesco Bonelli.<\/p>\n<p>Questa mattina, attorno alle 9,00, l\u2019imbarcazione \u201cCaboto\u201d dell\u2019Istituto Nautico di Gaeta moller\u00e0 gli ormeggi e spiegher\u00e0 le vele per iniziare una lunga traversata di300 migliache la condurr\u00e0 fino a Genova, dove sar\u00e0 ospitata dalla Guardia di Finanza e parteciper\u00e0 alla tradizionale Regata delle Millevele 2012.\u00a0 La grande festa della vela aperta a tutte le imbarcazioni organizzata dallo Yacht Club Italiano che si svolger\u00e0 il prossimo 2 giugno nel Capoluogo ligure, nel giorno della Festa della Repubblica e che ha raggiunto la quest\u2019anno la 26\u00b0 edizione.<\/p>\n<p><a href=\"https:\/\/www.ulisseland.com\/journal\/wp-content\/uploads\/2012\/05\/nautico-23.jpg\"><img loading=\"lazy\" decoding=\"async\" class=\"alignleft  wp-image-2700\" title=\"nautico-23\" src=\"https:\/\/www.ulisseland.com\/journal\/wp-content\/uploads\/2012\/05\/nautico-23-300x199.jpg\" alt=\"\" width=\"243\" height=\"161\" srcset=\"https:\/\/www.ulisseland.com\/journal\/wp-content\/uploads\/2012\/05\/nautico-23-300x199.jpg 300w, https:\/\/www.ulisseland.com\/journal\/wp-content\/uploads\/2012\/05\/nautico-23.jpg 900w\" sizes=\"auto, (max-width: 243px) 100vw, 243px\" \/><\/a>E\u2019 una veleggiata aperta a tutte le imbarcazioni a vela dai6,45 metriin su, suddivise in undici categorie in base alla lunghezza fuori tutto. La regata avr\u00e0 inizio alle 11 davanti al Lido di Albaro. I partecipanti si affronteranno su un nuovo percorso a triangolo lungo 12 miglia: dopo la partenza la flotta arriver\u00e0 fino a Quarto e si diriger\u00e0 quindi a girare una boa al largo nel Golfo di Genova per poi fare ritorno al Lido di Albaro per l\u2019arrivo. La veleggiata si svolger\u00e0 in tempo reale per tutte le categorie di imbarcazioni.<\/p>\n<p><a href=\"https:\/\/www.ulisseland.com\/journal\/wp-content\/uploads\/2012\/05\/nautico-2.jpg\"><img loading=\"lazy\" decoding=\"async\" class=\"alignright  wp-image-2702\" title=\"nautico-2\" src=\"https:\/\/www.ulisseland.com\/journal\/wp-content\/uploads\/2012\/05\/nautico-2-300x199.jpg\" alt=\"\" width=\"243\" height=\"161\" srcset=\"https:\/\/www.ulisseland.com\/journal\/wp-content\/uploads\/2012\/05\/nautico-2-300x199.jpg 300w, https:\/\/www.ulisseland.com\/journal\/wp-content\/uploads\/2012\/05\/nautico-2.jpg 900w\" sizes=\"auto, (max-width: 243px) 100vw, 243px\" \/><\/a>Per la prima volta saranno in mare anche gli equipaggi degli Istituti Nautici provenienti da tutta Italia per contendersi anche uno speciale trofeo a loro riservato, oltre a partecipare alle categorie assolute di appartenenza.<\/p>\n<p>La premiazione di Millevele 2012\u00a0 si svolger\u00e0 domenica 3 giugno alle ore 17 allo Yacht Club Italiano. Il \u201cTrofeo Millevele\u201d sar\u00e0 assegnato alla prima imbarcazione che taglier\u00e0 la linea di arrivo; in caso di riduzione del percorso, sar\u00e0 assegnato alla prima imbarcazione arrivata alla boa di riduzione del proprio percorso.<br \/>\nLa \u201cCoppa YCI\u201d sar\u00e0 assegnata alla prima imbarcazione arrivata in tempo reale tra le categorie V, VI, VII, VIII, IX. Il 24 maggio, quando ancora mancano 9 giorni alla chiusura delle iscrizioni,\u00a0 le barche iscritte sono 141 tra cui 6 Istituti Nautici.<\/p>\n<p><a href=\"https:\/\/www.ulisseland.com\/journal\/wp-content\/uploads\/2012\/05\/nautico-3.jpg\"><img loading=\"lazy\" decoding=\"async\" class=\"alignleft  wp-image-2703\" title=\"nautico-3\" src=\"https:\/\/www.ulisseland.com\/journal\/wp-content\/uploads\/2012\/05\/nautico-3-300x199.jpg\" alt=\"\" width=\"240\" height=\"159\" srcset=\"https:\/\/www.ulisseland.com\/journal\/wp-content\/uploads\/2012\/05\/nautico-3-300x199.jpg 300w, https:\/\/www.ulisseland.com\/journal\/wp-content\/uploads\/2012\/05\/nautico-3.jpg 900w\" sizes=\"auto, (max-width: 240px) 100vw, 240px\" \/><\/a>L\u2019equipaggio del \u201cCaboto\u201d, guidato dal Prof. Silverio Schiano, parteciper\u00e0 sostenuto dagli sponsor locali quali lo Y.C. \u201cEgerio Simeone\u201d,la Base Nautica\u201cFlavio Gioia\u201d, il Club Nautico,la Lega NavaleItaliana &#8211; Sez. di Gaeta,la Confcommerciodi Gaeta ela CCIAAdi Latina. \u201cUna partecipazione fortemente voluta dall\u2019Istituto dopo un lungo periodo di assenza dalle regate, che andr\u00e0 a rappresentare i colori gaetani\u201d, dichiara il Preside Salvatore Di Tucci, \u201cche vedr\u00e0 l\u2019Imbarcazione del nostro Istituto, dall\u2019alto dei suoi 36 anni d\u2019et\u00e0, sfidare le nuove flotte regatanti nel Mare Nostrum. La nostra speranza \u00e8 che questa partecipazione sia di buon auspicio per il futuro della formazione nautica dei nostri allievi\u201d. Il neoprimo cittadino, Cosimino Mitrano, ha invitato la cittadinanza ad accogliere festante i ragazzi del \u201cCaboto\u201d al loro ritorno il 5 giugno in quanto saranno comunque testimoni della cultura marinara gaetana in una delle capitali del lavoro marittimo e portuale.<\/p>\n<p>Buon Vento\u00a0 ragazzi.<\/p>\n<p><strong><a href=\"https:\/\/www.ulisseland.com\/journal\/wp-content\/uploads\/2012\/05\/nautico-4.jpg\"><img loading=\"lazy\" decoding=\"async\" class=\"alignright  wp-image-2704\" title=\"nautico-4\" src=\"https:\/\/www.ulisseland.com\/journal\/wp-content\/uploads\/2012\/05\/nautico-4-300x199.jpg\" alt=\"\" width=\"240\" height=\"159\" srcset=\"https:\/\/www.ulisseland.com\/journal\/wp-content\/uploads\/2012\/05\/nautico-4-300x199.jpg 300w, https:\/\/www.ulisseland.com\/journal\/wp-content\/uploads\/2012\/05\/nautico-4.jpg 900w\" sizes=\"auto, (max-width: 240px) 100vw, 240px\" \/><\/a>L\u2019Imbarcazione \u201cCaboto\u201d<\/strong><\/p>\n<p>La barca dell\u2019Istituto Nautico, la \u201cCaboto\u201d, \u00e8 stata acquistata dalla Provincia di Latina nell\u2019Anno 2000 dall\u2019Armatrice Serena Galvani, che la utilizzava come imbarcazione d\u2019appoggio per la pi\u00f9 antica \u201cArie\u201d. L\u2019imbarcazione, originariamente denominata \u201cAcaia\u201d, rappresenta il primo progetto realizzato per lo studio di progettazione Sparkman &amp; Stephens da un giovanissimo Dag Peterson, che negli anni successivi diventer\u00e0 una dei pi\u00f9 importanti nomi dell\u2019architettura navale mondiale, firmando progetti come Luna Rossa, Moro di Venezia, ecc.<\/p>\n<p>La \u201cCaboto\u201d \u00e8 stata realizzata dai Cantieri Se.Ri.Gi di Monfiascone in soli due esemplari nel 1976, il progetto \u201cMarengo46\u2019, ma trover\u00e0 maggiore fortuna nella formulazione del layout interno che\u00a0 prender\u00e0 il nome di Solaris47\u2019. Costruito con struttura in Vtr, in sandwich di balsa, presenta un peso notevole rispetto alle pari categorie moderne. Tuttavia questo non gli impedisce di avere eccellenti doti marine che sono apprezzate da tutti gli amanti del mare e della vela.<\/p>\n<p>Il Direttore<\/p>\n<p>Dott. Sergio Monforte<\/p>\n","protected":false},"excerpt":{"rendered":"<p>L\u2019imbarcazione \u201cCaboto\u201d, con un giovanissimo equipaggio formato da docenti e studenti dell\u2019omonimo Istituto Nautico di Gaeta, partir\u00e0, questa mattina, dal molo Sant\u2019Erasmo, alla volta di Genova, per partecipare, dopo aver percorso ben600 miglia, alla ventiseiesima edizione della famosa regata \u201cMille Vele\u201d, in programma il prossimo 2 Giugno, nelle acque del Capoluogo ligure. L\u2019evento \u00e8 stato<\/p>\n","protected":false},"author":1,"featured_media":0,"comment_status":"open","ping_status":"open","sticky":false,"template":"","format":"standard","meta":{"footnotes":""},"categories":[20,11],"tags":[],"class_list":["post-2698","post","type-post","status-publish","format-standard","hentry","category-comune-di-gaeta","category-enti"],"_links":{"self":[{"href":"https:\/\/www.ulisseland.com\/journal\/wp-json\/wp\/v2\/posts\/2698","targetHints":{"allow":["GET"]}}],"collection":[{"href":"https:\/\/www.ulisseland.com\/journal\/wp-json\/wp\/v2\/posts"}],"about":[{"href":"https:\/\/www.ulisseland.com\/journal\/wp-json\/wp\/v2\/types\/post"}],"author":[{"embeddable":true,"href":"https:\/\/www.ulisseland.com\/journal\/wp-json\/wp\/v2\/users\/1"}],"replies":[{"embeddable":true,"href":"https:\/\/www.ulisseland.com\/journal\/wp-json\/wp\/v2\/comments?post=2698"}],"version-history":[{"count":5,"href":"https:\/\/www.ulisseland.com\/journal\/wp-json\/wp\/v2\/posts\/2698\/revisions"}],"predecessor-version":[{"id":2751,"href":"https:\/\/www.ulisseland.com\/journal\/wp-json\/wp\/v2\/posts\/2698\/revisions\/2751"}],"wp:attachment":[{"href":"https:\/\/www.ulisseland.com\/journal\/wp-json\/wp\/v2\/media?parent=2698"}],"wp:term":[{"taxonomy":"category","embeddable":true,"href":"https:\/\/www.ulisseland.com\/journal\/wp-json\/wp\/v2\/categories?post=2698"},{"taxonomy":"post_tag","embeddable":true,"href":"https:\/\/www.ulisseland.com\/journal\/wp-json\/wp\/v2\/tags?post=2698"}],"curies":[{"name":"wp","href":"https:\/\/api.w.org\/{rel}","templated":true}]}}