{"id":2672,"date":"2012-05-28T09:40:05","date_gmt":"2012-05-28T07:40:05","guid":{"rendered":"http:\/\/www.ulisseland.com\/journal\/?p=2672&#038;lang=it"},"modified":"2012-06-18T10:55:07","modified_gmt":"2012-06-18T08:55:07","slug":"milano-premio-ecuador-italia-vittorio-sgarbi-e-il-nuovo-presidente-onorario","status":"publish","type":"post","link":"https:\/\/www.ulisseland.com\/journal\/milano-premio-ecuador-italia-vittorio-sgarbi-e-il-nuovo-presidente-onorario\/","title":{"rendered":"MILANO: Premio Ecuador-Italia \u2013  Vittorio Sgarbi \u00e8 il nuovo  Presidente onorario"},"content":{"rendered":"<figure id=\"attachment_2266\" aria-describedby=\"caption-attachment-2266\" style=\"width: 150px\" class=\"wp-caption alignleft\"><a href=\"http:\/\/www.CieliAltiPoesia.it\"><img loading=\"lazy\" decoding=\"async\" class=\" wp-image-2266 \" title=\"ninnj di stefano bus\u00e0\" src=\"https:\/\/www.ulisseland.com\/journal\/wp-content\/uploads\/2012\/05\/ninnj-di-stefano-bus\u00e0-150x150.jpg\" alt=\"\" width=\"150\" height=\"150\" srcset=\"https:\/\/www.ulisseland.com\/journal\/wp-content\/uploads\/2012\/05\/ninnj-di-stefano-bus\u00e0-150x150.jpg 150w, https:\/\/www.ulisseland.com\/journal\/wp-content\/uploads\/2012\/05\/ninnj-di-stefano-bus\u00e0-50x50.jpg 50w\" sizes=\"auto, (max-width: 150px) 100vw, 150px\" \/><\/a><figcaption id=\"caption-attachment-2266\" class=\"wp-caption-text\">Ninnj Di Stefano Bus\u00e0<\/figcaption><\/figure>\n<figure id=\"attachment_2673\" aria-describedby=\"caption-attachment-2673\" style=\"width: 150px\" class=\"wp-caption alignright\"><a href=\"https:\/\/www.ulisseland.com\/journal\/wp-content\/uploads\/2012\/05\/Vittorio-Sgarbi-neo-Presidente-Onorario-del-Premio.jpg\"><img loading=\"lazy\" decoding=\"async\" class=\"size-thumbnail wp-image-2673\" title=\"Vittorio Sgarbi - neo Presidente Onorario del Premio\" src=\"https:\/\/www.ulisseland.com\/journal\/wp-content\/uploads\/2012\/05\/Vittorio-Sgarbi-neo-Presidente-Onorario-del-Premio-150x150.jpg\" alt=\"\" width=\"150\" height=\"150\" srcset=\"https:\/\/www.ulisseland.com\/journal\/wp-content\/uploads\/2012\/05\/Vittorio-Sgarbi-neo-Presidente-Onorario-del-Premio-150x150.jpg 150w, https:\/\/www.ulisseland.com\/journal\/wp-content\/uploads\/2012\/05\/Vittorio-Sgarbi-neo-Presidente-Onorario-del-Premio-50x50.jpg 50w\" sizes=\"auto, (max-width: 150px) 100vw, 150px\" \/><\/a><figcaption id=\"caption-attachment-2673\" class=\"wp-caption-text\">Vittorio Sgarbi<\/figcaption><\/figure>\n<p>Concluso (26 maggio, 2012) con grandissimo successo di critica e di pubblico il Premio Ecuador-Italia: &#8220;<strong>L&#8217;Integrazione culturale attraverso\u00a0la Letteratura<\/strong>&#8221; 2012. La nuova sede rinnovata del Circolo della Stampa al civico 48 di Milano, era gremita fino all&#8217;inverosimile. La manifestazione riguardante\u00a0la II\u00b0 rassegna del Premio Intern.le promosso ai fini di un interscambio tra i popoli, come atto dovuto verso il patrimonio civile e umano di tutti, cerca un modo di produrre una ricca testimonianza di fede, di fratellanza e di collaborazione.<\/p>\n<p>La giuria: (Presidente) Ninnj Di Stefano Bus\u00e0, coadiuvata da Franco Loi, Corrado Calabr\u00f2, Mario Santagostini, Maurizio Cucchi, Davide Rondoni, Michelangelo Camelliti, Alessandro Quasimodo, Sveva Casati Modignani, Alessandro Vavassori, Guaman Allende, Haidar Hafez ha deliberata la rosa dei Vincitori e assegnato i riconoscimenti alla Cultura e alla Carriera a molte personalit\u00e0 dell&#8217;agone contemporaneo. Tra i presenti: Vittorio Sgarbi che diventa da questa edizione Presidente onorario del Premio. Sono stati conferiti premi al Sindaco Pisapia, Stefano Boeri Assessore alla Cultura del Comune, Elsa Fonda, Aldo Pirola, Fabrizio Arensi, Stefano Zurlo, Andrea Battistini, Flavio Ermini, Roberto Sarra, Giampiero Neri, Irma Dioli, Gregorio Giungi.<em>\u00a0\u201cIl nostro \u00e8 un progetto culturale d\u2019ampio respiro, che intende cogliere nel segno della partecipazione tra i popoli, con la piena consapevolezza di abbattere le frontiere dell\u2019odio e dell\u2019inimicizia e favorire un mondo migliore, sfruttando positivamente il patrimonio umano delle genti: la diversit\u00e0 non deve essere un impedimento, ma un avvicinamento e, semmai, un avvicendamento naturale della storia.\u201d<\/em>\u00a0Ha detto nella sua prolusione\u00a0la Presidente\u00a0Ninnj\u00a0Di Stefano Bus\u00e0 e ha aggiunto:<em> \u201ccrediamo in questa condivisione di valori, \u00e8 nostra finalit\u00e0 partecipare ad un processo evolutivo\u00a0\u00a0che realizzi un percorso comune, indicando una strada da seguire per il raggiungimento del bene di tutti i popoli. La promozione di questo programma va oltre le etnie, in una convivenza globalizzata ma umana tra civilt\u00e0, in un percorso di crescita e armonia che vada al di l\u00e0 di ogni supponibile differenza e diversit\u00e0. Un progetto che sappia aprire i cuori e le menti alla speranza del futuro.\u201d<\/em><\/p>\n<p>Calorosi gli applausi e gli interventi delle varie personalit\u00e0 convenute, in un\u2019atmosfera densa di mag\u00eca e di arricchenti significati culturali e umani.<\/p>\n<p>La Redazione<\/p>\n<p>&nbsp;<\/p>\n<div id='gallery-1' class='gallery galleryid-2672 gallery-columns-4 gallery-size-thumbnail'><figure class='gallery-item'>\n\t\t\t<div class='gallery-icon portrait'>\n\t\t\t\t<a href='https:\/\/www.ulisseland.com\/journal\/milano-premio-ecuador-italia-vittorio-sgarbi-e-il-nuovo-presidente-onorario\/vittorio-sgarbi-neo-presidente-onorario-del-premio\/'><img loading=\"lazy\" decoding=\"async\" width=\"150\" height=\"150\" src=\"https:\/\/www.ulisseland.com\/journal\/wp-content\/uploads\/2012\/05\/Vittorio-Sgarbi-neo-Presidente-Onorario-del-Premio-150x150.jpg\" class=\"attachment-thumbnail size-thumbnail\" alt=\"\" \/><\/a>\n\t\t\t<\/div><\/figure><figure class='gallery-item'>\n\t\t\t<div class='gallery-icon landscape'>\n\t\t\t\t<a href='https:\/\/www.ulisseland.com\/journal\/milano-premio-ecuador-italia-vittorio-sgarbi-e-il-nuovo-presidente-onorario\/img_2403\/'><img loading=\"lazy\" decoding=\"async\" width=\"150\" height=\"150\" src=\"https:\/\/www.ulisseland.com\/journal\/wp-content\/uploads\/2012\/05\/IMG_2403-150x150.jpg\" class=\"attachment-thumbnail size-thumbnail\" alt=\"\" \/><\/a>\n\t\t\t<\/div><\/figure><figure class='gallery-item'>\n\t\t\t<div class='gallery-icon landscape'>\n\t\t\t\t<a href='https:\/\/www.ulisseland.com\/journal\/milano-premio-ecuador-italia-vittorio-sgarbi-e-il-nuovo-presidente-onorario\/img_2218\/'><img loading=\"lazy\" decoding=\"async\" width=\"150\" height=\"150\" src=\"https:\/\/www.ulisseland.com\/journal\/wp-content\/uploads\/2012\/05\/IMG_2218-150x150.jpg\" class=\"attachment-thumbnail size-thumbnail\" alt=\"\" \/><\/a>\n\t\t\t<\/div><\/figure><figure class='gallery-item'>\n\t\t\t<div class='gallery-icon portrait'>\n\t\t\t\t<a href='https:\/\/www.ulisseland.com\/journal\/milano-premio-ecuador-italia-vittorio-sgarbi-e-il-nuovo-presidente-onorario\/img_2219\/'><img loading=\"lazy\" decoding=\"async\" width=\"150\" height=\"150\" src=\"https:\/\/www.ulisseland.com\/journal\/wp-content\/uploads\/2012\/05\/IMG_2219-150x150.jpg\" class=\"attachment-thumbnail size-thumbnail\" alt=\"\" \/><\/a>\n\t\t\t<\/div><\/figure><figure class='gallery-item'>\n\t\t\t<div class='gallery-icon portrait'>\n\t\t\t\t<a href='https:\/\/www.ulisseland.com\/journal\/milano-premio-ecuador-italia-vittorio-sgarbi-e-il-nuovo-presidente-onorario\/img_2223\/'><img loading=\"lazy\" decoding=\"async\" width=\"150\" height=\"150\" src=\"https:\/\/www.ulisseland.com\/journal\/wp-content\/uploads\/2012\/05\/IMG_2223-150x150.jpg\" class=\"attachment-thumbnail size-thumbnail\" alt=\"\" \/><\/a>\n\t\t\t<\/div><\/figure><figure class='gallery-item'>\n\t\t\t<div class='gallery-icon landscape'>\n\t\t\t\t<a href='https:\/\/www.ulisseland.com\/journal\/milano-premio-ecuador-italia-vittorio-sgarbi-e-il-nuovo-presidente-onorario\/img_2224\/'><img loading=\"lazy\" decoding=\"async\" width=\"150\" height=\"150\" src=\"https:\/\/www.ulisseland.com\/journal\/wp-content\/uploads\/2012\/05\/IMG_2224-150x150.jpg\" class=\"attachment-thumbnail size-thumbnail\" alt=\"\" \/><\/a>\n\t\t\t<\/div><\/figure><figure class='gallery-item'>\n\t\t\t<div class='gallery-icon landscape'>\n\t\t\t\t<a href='https:\/\/www.ulisseland.com\/journal\/milano-premio-ecuador-italia-vittorio-sgarbi-e-il-nuovo-presidente-onorario\/img_2228\/'><img loading=\"lazy\" decoding=\"async\" width=\"150\" height=\"150\" src=\"https:\/\/www.ulisseland.com\/journal\/wp-content\/uploads\/2012\/05\/IMG_2228-150x150.jpg\" class=\"attachment-thumbnail size-thumbnail\" alt=\"\" \/><\/a>\n\t\t\t<\/div><\/figure><figure class='gallery-item'>\n\t\t\t<div class='gallery-icon portrait'>\n\t\t\t\t<a href='https:\/\/www.ulisseland.com\/journal\/milano-premio-ecuador-italia-vittorio-sgarbi-e-il-nuovo-presidente-onorario\/img_2233\/'><img loading=\"lazy\" decoding=\"async\" width=\"150\" height=\"150\" src=\"https:\/\/www.ulisseland.com\/journal\/wp-content\/uploads\/2012\/05\/IMG_2233-150x150.jpg\" class=\"attachment-thumbnail size-thumbnail\" alt=\"\" \/><\/a>\n\t\t\t<\/div><\/figure><figure class='gallery-item'>\n\t\t\t<div class='gallery-icon portrait'>\n\t\t\t\t<a href='https:\/\/www.ulisseland.com\/journal\/milano-premio-ecuador-italia-vittorio-sgarbi-e-il-nuovo-presidente-onorario\/img_2234\/'><img loading=\"lazy\" decoding=\"async\" width=\"150\" height=\"150\" src=\"https:\/\/www.ulisseland.com\/journal\/wp-content\/uploads\/2012\/05\/IMG_2234-150x150.jpg\" class=\"attachment-thumbnail size-thumbnail\" alt=\"\" \/><\/a>\n\t\t\t<\/div><\/figure><figure class='gallery-item'>\n\t\t\t<div class='gallery-icon portrait'>\n\t\t\t\t<a href='https:\/\/www.ulisseland.com\/journal\/milano-premio-ecuador-italia-vittorio-sgarbi-e-il-nuovo-presidente-onorario\/img_2237\/'><img loading=\"lazy\" decoding=\"async\" width=\"150\" height=\"150\" src=\"https:\/\/www.ulisseland.com\/journal\/wp-content\/uploads\/2012\/05\/IMG_2237-150x150.jpg\" class=\"attachment-thumbnail size-thumbnail\" alt=\"\" \/><\/a>\n\t\t\t<\/div><\/figure><figure class='gallery-item'>\n\t\t\t<div class='gallery-icon landscape'>\n\t\t\t\t<a href='https:\/\/www.ulisseland.com\/journal\/milano-premio-ecuador-italia-vittorio-sgarbi-e-il-nuovo-presidente-onorario\/img_2243\/'><img loading=\"lazy\" decoding=\"async\" width=\"150\" height=\"150\" src=\"https:\/\/www.ulisseland.com\/journal\/wp-content\/uploads\/2012\/05\/IMG_2243-150x150.jpg\" class=\"attachment-thumbnail size-thumbnail\" alt=\"\" \/><\/a>\n\t\t\t<\/div><\/figure><figure class='gallery-item'>\n\t\t\t<div class='gallery-icon landscape'>\n\t\t\t\t<a href='https:\/\/www.ulisseland.com\/journal\/milano-premio-ecuador-italia-vittorio-sgarbi-e-il-nuovo-presidente-onorario\/img_2248\/'><img loading=\"lazy\" decoding=\"async\" width=\"150\" height=\"150\" src=\"https:\/\/www.ulisseland.com\/journal\/wp-content\/uploads\/2012\/05\/IMG_2248-150x150.jpg\" class=\"attachment-thumbnail size-thumbnail\" alt=\"\" \/><\/a>\n\t\t\t<\/div><\/figure><figure class='gallery-item'>\n\t\t\t<div class='gallery-icon landscape'>\n\t\t\t\t<a href='https:\/\/www.ulisseland.com\/journal\/milano-premio-ecuador-italia-vittorio-sgarbi-e-il-nuovo-presidente-onorario\/img_2266\/'><img loading=\"lazy\" decoding=\"async\" width=\"150\" height=\"150\" src=\"https:\/\/www.ulisseland.com\/journal\/wp-content\/uploads\/2012\/05\/IMG_2266-150x150.jpg\" class=\"attachment-thumbnail size-thumbnail\" alt=\"\" \/><\/a>\n\t\t\t<\/div><\/figure><figure class='gallery-item'>\n\t\t\t<div class='gallery-icon portrait'>\n\t\t\t\t<a href='https:\/\/www.ulisseland.com\/journal\/milano-premio-ecuador-italia-vittorio-sgarbi-e-il-nuovo-presidente-onorario\/img_2278\/'><img loading=\"lazy\" decoding=\"async\" width=\"150\" height=\"150\" src=\"https:\/\/www.ulisseland.com\/journal\/wp-content\/uploads\/2012\/05\/IMG_2278-150x150.jpg\" class=\"attachment-thumbnail size-thumbnail\" alt=\"\" \/><\/a>\n\t\t\t<\/div><\/figure><figure class='gallery-item'>\n\t\t\t<div class='gallery-icon landscape'>\n\t\t\t\t<a href='https:\/\/www.ulisseland.com\/journal\/milano-premio-ecuador-italia-vittorio-sgarbi-e-il-nuovo-presidente-onorario\/img_2280\/'><img loading=\"lazy\" decoding=\"async\" width=\"150\" height=\"150\" src=\"https:\/\/www.ulisseland.com\/journal\/wp-content\/uploads\/2012\/05\/IMG_2280-150x150.jpg\" class=\"attachment-thumbnail size-thumbnail\" alt=\"\" \/><\/a>\n\t\t\t<\/div><\/figure><figure class='gallery-item'>\n\t\t\t<div class='gallery-icon landscape'>\n\t\t\t\t<a href='https:\/\/www.ulisseland.com\/journal\/milano-premio-ecuador-italia-vittorio-sgarbi-e-il-nuovo-presidente-onorario\/img_2283\/'><img loading=\"lazy\" decoding=\"async\" width=\"150\" height=\"150\" src=\"https:\/\/www.ulisseland.com\/journal\/wp-content\/uploads\/2012\/05\/IMG_2283-150x150.jpg\" class=\"attachment-thumbnail size-thumbnail\" alt=\"\" \/><\/a>\n\t\t\t<\/div><\/figure><figure class='gallery-item'>\n\t\t\t<div class='gallery-icon landscape'>\n\t\t\t\t<a href='https:\/\/www.ulisseland.com\/journal\/milano-premio-ecuador-italia-vittorio-sgarbi-e-il-nuovo-presidente-onorario\/img_2285\/'><img loading=\"lazy\" decoding=\"async\" width=\"150\" height=\"150\" src=\"https:\/\/www.ulisseland.com\/journal\/wp-content\/uploads\/2012\/05\/IMG_2285-150x150.jpg\" class=\"attachment-thumbnail size-thumbnail\" alt=\"\" \/><\/a>\n\t\t\t<\/div><\/figure><figure class='gallery-item'>\n\t\t\t<div class='gallery-icon landscape'>\n\t\t\t\t<a href='https:\/\/www.ulisseland.com\/journal\/milano-premio-ecuador-italia-vittorio-sgarbi-e-il-nuovo-presidente-onorario\/img_2286\/'><img loading=\"lazy\" decoding=\"async\" width=\"150\" height=\"150\" src=\"https:\/\/www.ulisseland.com\/journal\/wp-content\/uploads\/2012\/05\/IMG_2286-150x150.jpg\" class=\"attachment-thumbnail size-thumbnail\" alt=\"\" \/><\/a>\n\t\t\t<\/div><\/figure><figure class='gallery-item'>\n\t\t\t<div class='gallery-icon portrait'>\n\t\t\t\t<a href='https:\/\/www.ulisseland.com\/journal\/milano-premio-ecuador-italia-vittorio-sgarbi-e-il-nuovo-presidente-onorario\/img_2292\/'><img loading=\"lazy\" decoding=\"async\" width=\"150\" height=\"150\" src=\"https:\/\/www.ulisseland.com\/journal\/wp-content\/uploads\/2012\/05\/IMG_2292-150x150.jpg\" class=\"attachment-thumbnail size-thumbnail\" alt=\"\" \/><\/a>\n\t\t\t<\/div><\/figure><figure class='gallery-item'>\n\t\t\t<div class='gallery-icon landscape'>\n\t\t\t\t<a href='https:\/\/www.ulisseland.com\/journal\/milano-premio-ecuador-italia-vittorio-sgarbi-e-il-nuovo-presidente-onorario\/img_2294\/'><img loading=\"lazy\" decoding=\"async\" width=\"150\" height=\"150\" src=\"https:\/\/www.ulisseland.com\/journal\/wp-content\/uploads\/2012\/05\/IMG_2294-150x150.jpg\" class=\"attachment-thumbnail size-thumbnail\" alt=\"\" \/><\/a>\n\t\t\t<\/div><\/figure><figure class='gallery-item'>\n\t\t\t<div class='gallery-icon portrait'>\n\t\t\t\t<a href='https:\/\/www.ulisseland.com\/journal\/milano-premio-ecuador-italia-vittorio-sgarbi-e-il-nuovo-presidente-onorario\/img_2297\/'><img loading=\"lazy\" decoding=\"async\" width=\"150\" height=\"150\" src=\"https:\/\/www.ulisseland.com\/journal\/wp-content\/uploads\/2012\/05\/IMG_2297-150x150.jpg\" class=\"attachment-thumbnail size-thumbnail\" alt=\"\" \/><\/a>\n\t\t\t<\/div><\/figure><figure class='gallery-item'>\n\t\t\t<div class='gallery-icon portrait'>\n\t\t\t\t<a href='https:\/\/www.ulisseland.com\/journal\/milano-premio-ecuador-italia-vittorio-sgarbi-e-il-nuovo-presidente-onorario\/img_2314\/'><img loading=\"lazy\" decoding=\"async\" width=\"150\" height=\"150\" src=\"https:\/\/www.ulisseland.com\/journal\/wp-content\/uploads\/2012\/05\/IMG_2314-150x150.jpg\" class=\"attachment-thumbnail size-thumbnail\" alt=\"\" \/><\/a>\n\t\t\t<\/div><\/figure><figure class='gallery-item'>\n\t\t\t<div class='gallery-icon portrait'>\n\t\t\t\t<a href='https:\/\/www.ulisseland.com\/journal\/milano-premio-ecuador-italia-vittorio-sgarbi-e-il-nuovo-presidente-onorario\/img_2315\/'><img loading=\"lazy\" decoding=\"async\" width=\"150\" height=\"150\" src=\"https:\/\/www.ulisseland.com\/journal\/wp-content\/uploads\/2012\/05\/IMG_2315-150x150.jpg\" class=\"attachment-thumbnail size-thumbnail\" alt=\"\" \/><\/a>\n\t\t\t<\/div><\/figure><figure class='gallery-item'>\n\t\t\t<div class='gallery-icon landscape'>\n\t\t\t\t<a href='https:\/\/www.ulisseland.com\/journal\/milano-premio-ecuador-italia-vittorio-sgarbi-e-il-nuovo-presidente-onorario\/img_2319\/'><img loading=\"lazy\" decoding=\"async\" width=\"150\" height=\"150\" src=\"https:\/\/www.ulisseland.com\/journal\/wp-content\/uploads\/2012\/05\/IMG_2319-150x150.jpg\" class=\"attachment-thumbnail size-thumbnail\" alt=\"\" \/><\/a>\n\t\t\t<\/div><\/figure><figure class='gallery-item'>\n\t\t\t<div class='gallery-icon portrait'>\n\t\t\t\t<a href='https:\/\/www.ulisseland.com\/journal\/milano-premio-ecuador-italia-vittorio-sgarbi-e-il-nuovo-presidente-onorario\/img_2322\/'><img loading=\"lazy\" decoding=\"async\" width=\"150\" height=\"150\" src=\"https:\/\/www.ulisseland.com\/journal\/wp-content\/uploads\/2012\/05\/IMG_2322-150x150.jpg\" class=\"attachment-thumbnail size-thumbnail\" alt=\"\" \/><\/a>\n\t\t\t<\/div><\/figure><figure class='gallery-item'>\n\t\t\t<div class='gallery-icon portrait'>\n\t\t\t\t<a href='https:\/\/www.ulisseland.com\/journal\/milano-premio-ecuador-italia-vittorio-sgarbi-e-il-nuovo-presidente-onorario\/img_2328\/'><img loading=\"lazy\" decoding=\"async\" width=\"150\" height=\"150\" src=\"https:\/\/www.ulisseland.com\/journal\/wp-content\/uploads\/2012\/05\/IMG_2328-150x150.jpg\" class=\"attachment-thumbnail size-thumbnail\" alt=\"\" \/><\/a>\n\t\t\t<\/div><\/figure><figure class='gallery-item'>\n\t\t\t<div class='gallery-icon portrait'>\n\t\t\t\t<a href='https:\/\/www.ulisseland.com\/journal\/milano-premio-ecuador-italia-vittorio-sgarbi-e-il-nuovo-presidente-onorario\/img_2332\/'><img loading=\"lazy\" decoding=\"async\" width=\"150\" height=\"150\" src=\"https:\/\/www.ulisseland.com\/journal\/wp-content\/uploads\/2012\/05\/IMG_2332-150x150.jpg\" class=\"attachment-thumbnail size-thumbnail\" alt=\"\" \/><\/a>\n\t\t\t<\/div><\/figure><figure class='gallery-item'>\n\t\t\t<div class='gallery-icon portrait'>\n\t\t\t\t<a href='https:\/\/www.ulisseland.com\/journal\/milano-premio-ecuador-italia-vittorio-sgarbi-e-il-nuovo-presidente-onorario\/img_2333\/'><img loading=\"lazy\" decoding=\"async\" width=\"150\" height=\"150\" src=\"https:\/\/www.ulisseland.com\/journal\/wp-content\/uploads\/2012\/05\/IMG_2333-150x150.jpg\" class=\"attachment-thumbnail size-thumbnail\" alt=\"\" \/><\/a>\n\t\t\t<\/div><\/figure><figure class='gallery-item'>\n\t\t\t<div class='gallery-icon portrait'>\n\t\t\t\t<a href='https:\/\/www.ulisseland.com\/journal\/milano-premio-ecuador-italia-vittorio-sgarbi-e-il-nuovo-presidente-onorario\/img_2334\/'><img loading=\"lazy\" decoding=\"async\" width=\"150\" height=\"150\" src=\"https:\/\/www.ulisseland.com\/journal\/wp-content\/uploads\/2012\/05\/IMG_2334-150x150.jpg\" class=\"attachment-thumbnail size-thumbnail\" alt=\"\" \/><\/a>\n\t\t\t<\/div><\/figure><figure class='gallery-item'>\n\t\t\t<div class='gallery-icon portrait'>\n\t\t\t\t<a href='https:\/\/www.ulisseland.com\/journal\/milano-premio-ecuador-italia-vittorio-sgarbi-e-il-nuovo-presidente-onorario\/img_2336\/'><img loading=\"lazy\" decoding=\"async\" width=\"150\" height=\"150\" src=\"https:\/\/www.ulisseland.com\/journal\/wp-content\/uploads\/2012\/05\/IMG_2336-150x150.jpg\" class=\"attachment-thumbnail size-thumbnail\" alt=\"\" \/><\/a>\n\t\t\t<\/div><\/figure><figure class='gallery-item'>\n\t\t\t<div class='gallery-icon portrait'>\n\t\t\t\t<a href='https:\/\/www.ulisseland.com\/journal\/milano-premio-ecuador-italia-vittorio-sgarbi-e-il-nuovo-presidente-onorario\/img_2337\/'><img loading=\"lazy\" decoding=\"async\" width=\"150\" height=\"150\" src=\"https:\/\/www.ulisseland.com\/journal\/wp-content\/uploads\/2012\/05\/IMG_2337-150x150.jpg\" class=\"attachment-thumbnail size-thumbnail\" alt=\"\" \/><\/a>\n\t\t\t<\/div><\/figure><figure class='gallery-item'>\n\t\t\t<div class='gallery-icon portrait'>\n\t\t\t\t<a href='https:\/\/www.ulisseland.com\/journal\/milano-premio-ecuador-italia-vittorio-sgarbi-e-il-nuovo-presidente-onorario\/img_2338\/'><img loading=\"lazy\" decoding=\"async\" width=\"150\" height=\"150\" src=\"https:\/\/www.ulisseland.com\/journal\/wp-content\/uploads\/2012\/05\/IMG_2338-150x150.jpg\" class=\"attachment-thumbnail size-thumbnail\" alt=\"\" \/><\/a>\n\t\t\t<\/div><\/figure><figure class='gallery-item'>\n\t\t\t<div class='gallery-icon portrait'>\n\t\t\t\t<a href='https:\/\/www.ulisseland.com\/journal\/milano-premio-ecuador-italia-vittorio-sgarbi-e-il-nuovo-presidente-onorario\/img_2339\/'><img loading=\"lazy\" decoding=\"async\" width=\"150\" height=\"150\" src=\"https:\/\/www.ulisseland.com\/journal\/wp-content\/uploads\/2012\/05\/IMG_2339-150x150.jpg\" class=\"attachment-thumbnail size-thumbnail\" alt=\"\" \/><\/a>\n\t\t\t<\/div><\/figure><figure class='gallery-item'>\n\t\t\t<div class='gallery-icon portrait'>\n\t\t\t\t<a href='https:\/\/www.ulisseland.com\/journal\/milano-premio-ecuador-italia-vittorio-sgarbi-e-il-nuovo-presidente-onorario\/img_2340\/'><img loading=\"lazy\" decoding=\"async\" width=\"150\" height=\"150\" src=\"https:\/\/www.ulisseland.com\/journal\/wp-content\/uploads\/2012\/05\/IMG_2340-150x150.jpg\" class=\"attachment-thumbnail size-thumbnail\" alt=\"\" \/><\/a>\n\t\t\t<\/div><\/figure><figure class='gallery-item'>\n\t\t\t<div class='gallery-icon portrait'>\n\t\t\t\t<a href='https:\/\/www.ulisseland.com\/journal\/milano-premio-ecuador-italia-vittorio-sgarbi-e-il-nuovo-presidente-onorario\/img_2342\/'><img loading=\"lazy\" decoding=\"async\" width=\"150\" height=\"150\" src=\"https:\/\/www.ulisseland.com\/journal\/wp-content\/uploads\/2012\/05\/IMG_2342-150x150.jpg\" class=\"attachment-thumbnail size-thumbnail\" alt=\"\" \/><\/a>\n\t\t\t<\/div><\/figure><figure class='gallery-item'>\n\t\t\t<div class='gallery-icon portrait'>\n\t\t\t\t<a href='https:\/\/www.ulisseland.com\/journal\/milano-premio-ecuador-italia-vittorio-sgarbi-e-il-nuovo-presidente-onorario\/img_2343\/'><img loading=\"lazy\" decoding=\"async\" width=\"150\" height=\"150\" src=\"https:\/\/www.ulisseland.com\/journal\/wp-content\/uploads\/2012\/05\/IMG_2343-150x150.jpg\" class=\"attachment-thumbnail size-thumbnail\" alt=\"\" \/><\/a>\n\t\t\t<\/div><\/figure><figure class='gallery-item'>\n\t\t\t<div class='gallery-icon portrait'>\n\t\t\t\t<a href='https:\/\/www.ulisseland.com\/journal\/milano-premio-ecuador-italia-vittorio-sgarbi-e-il-nuovo-presidente-onorario\/img_2344\/'><img loading=\"lazy\" decoding=\"async\" width=\"150\" height=\"150\" src=\"https:\/\/www.ulisseland.com\/journal\/wp-content\/uploads\/2012\/05\/IMG_2344-150x150.jpg\" class=\"attachment-thumbnail size-thumbnail\" alt=\"\" \/><\/a>\n\t\t\t<\/div><\/figure><figure class='gallery-item'>\n\t\t\t<div class='gallery-icon landscape'>\n\t\t\t\t<a href='https:\/\/www.ulisseland.com\/journal\/milano-premio-ecuador-italia-vittorio-sgarbi-e-il-nuovo-presidente-onorario\/img_2345\/'><img loading=\"lazy\" decoding=\"async\" width=\"150\" height=\"150\" src=\"https:\/\/www.ulisseland.com\/journal\/wp-content\/uploads\/2012\/05\/IMG_2345-150x150.jpg\" class=\"attachment-thumbnail size-thumbnail\" alt=\"\" \/><\/a>\n\t\t\t<\/div><\/figure><figure class='gallery-item'>\n\t\t\t<div class='gallery-icon landscape'>\n\t\t\t\t<a href='https:\/\/www.ulisseland.com\/journal\/milano-premio-ecuador-italia-vittorio-sgarbi-e-il-nuovo-presidente-onorario\/img_2346\/'><img loading=\"lazy\" decoding=\"async\" width=\"150\" height=\"150\" src=\"https:\/\/www.ulisseland.com\/journal\/wp-content\/uploads\/2012\/05\/IMG_2346-150x150.jpg\" class=\"attachment-thumbnail size-thumbnail\" alt=\"\" \/><\/a>\n\t\t\t<\/div><\/figure><figure class='gallery-item'>\n\t\t\t<div class='gallery-icon portrait'>\n\t\t\t\t<a href='https:\/\/www.ulisseland.com\/journal\/milano-premio-ecuador-italia-vittorio-sgarbi-e-il-nuovo-presidente-onorario\/img_2363\/'><img loading=\"lazy\" decoding=\"async\" width=\"150\" height=\"150\" src=\"https:\/\/www.ulisseland.com\/journal\/wp-content\/uploads\/2012\/05\/IMG_2363-150x150.jpg\" class=\"attachment-thumbnail size-thumbnail\" alt=\"\" \/><\/a>\n\t\t\t<\/div><\/figure><figure class='gallery-item'>\n\t\t\t<div class='gallery-icon portrait'>\n\t\t\t\t<a href='https:\/\/www.ulisseland.com\/journal\/milano-premio-ecuador-italia-vittorio-sgarbi-e-il-nuovo-presidente-onorario\/img_2364\/'><img loading=\"lazy\" decoding=\"async\" width=\"150\" height=\"150\" src=\"https:\/\/www.ulisseland.com\/journal\/wp-content\/uploads\/2012\/05\/IMG_2364-150x150.jpg\" class=\"attachment-thumbnail size-thumbnail\" alt=\"\" \/><\/a>\n\t\t\t<\/div><\/figure><figure class='gallery-item'>\n\t\t\t<div class='gallery-icon portrait'>\n\t\t\t\t<a href='https:\/\/www.ulisseland.com\/journal\/milano-premio-ecuador-italia-vittorio-sgarbi-e-il-nuovo-presidente-onorario\/img_2365\/'><img loading=\"lazy\" decoding=\"async\" width=\"150\" height=\"150\" src=\"https:\/\/www.ulisseland.com\/journal\/wp-content\/uploads\/2012\/05\/IMG_2365-150x150.jpg\" class=\"attachment-thumbnail size-thumbnail\" alt=\"\" \/><\/a>\n\t\t\t<\/div><\/figure><figure class='gallery-item'>\n\t\t\t<div class='gallery-icon landscape'>\n\t\t\t\t<a href='https:\/\/www.ulisseland.com\/journal\/milano-premio-ecuador-italia-vittorio-sgarbi-e-il-nuovo-presidente-onorario\/img_2366\/'><img loading=\"lazy\" decoding=\"async\" width=\"150\" height=\"150\" src=\"https:\/\/www.ulisseland.com\/journal\/wp-content\/uploads\/2012\/05\/IMG_2366-150x150.jpg\" class=\"attachment-thumbnail size-thumbnail\" alt=\"\" \/><\/a>\n\t\t\t<\/div><\/figure><figure class='gallery-item'>\n\t\t\t<div class='gallery-icon landscape'>\n\t\t\t\t<a href='https:\/\/www.ulisseland.com\/journal\/milano-premio-ecuador-italia-vittorio-sgarbi-e-il-nuovo-presidente-onorario\/img_2367\/'><img loading=\"lazy\" decoding=\"async\" width=\"150\" height=\"150\" src=\"https:\/\/www.ulisseland.com\/journal\/wp-content\/uploads\/2012\/05\/IMG_2367-150x150.jpg\" class=\"attachment-thumbnail size-thumbnail\" alt=\"\" \/><\/a>\n\t\t\t<\/div><\/figure><figure class='gallery-item'>\n\t\t\t<div class='gallery-icon landscape'>\n\t\t\t\t<a href='https:\/\/www.ulisseland.com\/journal\/milano-premio-ecuador-italia-vittorio-sgarbi-e-il-nuovo-presidente-onorario\/img_2368\/'><img loading=\"lazy\" decoding=\"async\" width=\"150\" height=\"150\" src=\"https:\/\/www.ulisseland.com\/journal\/wp-content\/uploads\/2012\/05\/IMG_2368-150x150.jpg\" class=\"attachment-thumbnail size-thumbnail\" alt=\"\" \/><\/a>\n\t\t\t<\/div><\/figure><figure class='gallery-item'>\n\t\t\t<div class='gallery-icon landscape'>\n\t\t\t\t<a href='https:\/\/www.ulisseland.com\/journal\/milano-premio-ecuador-italia-vittorio-sgarbi-e-il-nuovo-presidente-onorario\/img_2370\/'><img loading=\"lazy\" decoding=\"async\" width=\"150\" height=\"150\" src=\"https:\/\/www.ulisseland.com\/journal\/wp-content\/uploads\/2012\/05\/IMG_2370-150x150.jpg\" class=\"attachment-thumbnail size-thumbnail\" alt=\"\" \/><\/a>\n\t\t\t<\/div><\/figure><figure class='gallery-item'>\n\t\t\t<div class='gallery-icon landscape'>\n\t\t\t\t<a href='https:\/\/www.ulisseland.com\/journal\/milano-premio-ecuador-italia-vittorio-sgarbi-e-il-nuovo-presidente-onorario\/img_2371\/'><img loading=\"lazy\" decoding=\"async\" width=\"150\" height=\"150\" src=\"https:\/\/www.ulisseland.com\/journal\/wp-content\/uploads\/2012\/05\/IMG_2371-150x150.jpg\" class=\"attachment-thumbnail size-thumbnail\" alt=\"\" \/><\/a>\n\t\t\t<\/div><\/figure><figure class='gallery-item'>\n\t\t\t<div class='gallery-icon landscape'>\n\t\t\t\t<a href='https:\/\/www.ulisseland.com\/journal\/milano-premio-ecuador-italia-vittorio-sgarbi-e-il-nuovo-presidente-onorario\/img_2376\/'><img loading=\"lazy\" decoding=\"async\" width=\"150\" height=\"150\" src=\"https:\/\/www.ulisseland.com\/journal\/wp-content\/uploads\/2012\/05\/IMG_2376-150x150.jpg\" class=\"attachment-thumbnail size-thumbnail\" alt=\"\" \/><\/a>\n\t\t\t<\/div><\/figure><figure class='gallery-item'>\n\t\t\t<div class='gallery-icon portrait'>\n\t\t\t\t<a href='https:\/\/www.ulisseland.com\/journal\/milano-premio-ecuador-italia-vittorio-sgarbi-e-il-nuovo-presidente-onorario\/img_2383\/'><img loading=\"lazy\" decoding=\"async\" width=\"150\" height=\"150\" src=\"https:\/\/www.ulisseland.com\/journal\/wp-content\/uploads\/2012\/05\/IMG_2383-150x150.jpg\" class=\"attachment-thumbnail size-thumbnail\" alt=\"\" \/><\/a>\n\t\t\t<\/div><\/figure><figure class='gallery-item'>\n\t\t\t<div class='gallery-icon landscape'>\n\t\t\t\t<a href='https:\/\/www.ulisseland.com\/journal\/milano-premio-ecuador-italia-vittorio-sgarbi-e-il-nuovo-presidente-onorario\/img_2387\/'><img loading=\"lazy\" decoding=\"async\" width=\"150\" height=\"150\" src=\"https:\/\/www.ulisseland.com\/journal\/wp-content\/uploads\/2012\/05\/IMG_2387-150x150.jpg\" class=\"attachment-thumbnail size-thumbnail\" alt=\"\" \/><\/a>\n\t\t\t<\/div><\/figure><figure class='gallery-item'>\n\t\t\t<div class='gallery-icon landscape'>\n\t\t\t\t<a href='https:\/\/www.ulisseland.com\/journal\/milano-premio-ecuador-italia-vittorio-sgarbi-e-il-nuovo-presidente-onorario\/img_2393\/'><img loading=\"lazy\" decoding=\"async\" width=\"150\" height=\"150\" src=\"https:\/\/www.ulisseland.com\/journal\/wp-content\/uploads\/2012\/05\/IMG_2393-150x150.jpg\" class=\"attachment-thumbnail size-thumbnail\" alt=\"\" \/><\/a>\n\t\t\t<\/div><\/figure><figure class='gallery-item'>\n\t\t\t<div class='gallery-icon landscape'>\n\t\t\t\t<a href='https:\/\/www.ulisseland.com\/journal\/milano-premio-ecuador-italia-vittorio-sgarbi-e-il-nuovo-presidente-onorario\/img_2397\/'><img loading=\"lazy\" decoding=\"async\" width=\"150\" height=\"150\" src=\"https:\/\/www.ulisseland.com\/journal\/wp-content\/uploads\/2012\/05\/IMG_2397-150x150.jpg\" class=\"attachment-thumbnail size-thumbnail\" alt=\"\" \/><\/a>\n\t\t\t<\/div><\/figure><figure class='gallery-item'>\n\t\t\t<div class='gallery-icon landscape'>\n\t\t\t\t<a href='https:\/\/www.ulisseland.com\/journal\/milano-premio-ecuador-italia-vittorio-sgarbi-e-il-nuovo-presidente-onorario\/img_2398\/'><img loading=\"lazy\" decoding=\"async\" width=\"150\" height=\"150\" src=\"https:\/\/www.ulisseland.com\/journal\/wp-content\/uploads\/2012\/05\/IMG_2398-150x150.jpg\" class=\"attachment-thumbnail size-thumbnail\" alt=\"\" \/><\/a>\n\t\t\t<\/div><\/figure><figure class='gallery-item'>\n\t\t\t<div class='gallery-icon landscape'>\n\t\t\t\t<a href='https:\/\/www.ulisseland.com\/journal\/milano-premio-ecuador-italia-vittorio-sgarbi-e-il-nuovo-presidente-onorario\/img_2399\/'><img loading=\"lazy\" decoding=\"async\" width=\"150\" height=\"150\" src=\"https:\/\/www.ulisseland.com\/journal\/wp-content\/uploads\/2012\/05\/IMG_2399-150x150.jpg\" class=\"attachment-thumbnail size-thumbnail\" alt=\"\" \/><\/a>\n\t\t\t<\/div><\/figure>\n\t\t<\/div>\n\n","protected":false},"excerpt":{"rendered":"<p>Concluso (26 maggio, 2012) con grandissimo successo di critica e di pubblico il Premio Ecuador-Italia: &#8220;L&#8217;Integrazione culturale attraverso\u00a0la Letteratura&#8221; 2012. La nuova sede rinnovata del Circolo della Stampa al civico 48 di Milano, era gremita fino all&#8217;inverosimile. La manifestazione riguardante\u00a0la II\u00b0 rassegna del Premio Intern.le promosso ai fini di un interscambio tra i popoli, come<\/p>\n","protected":false},"author":1,"featured_media":0,"comment_status":"open","ping_status":"open","sticky":false,"template":"","format":"standard","meta":{"footnotes":""},"categories":[32,12,31],"tags":[],"class_list":["post-2672","post","type-post","status-publish","format-standard","hentry","category-autori","category-cultura","category-libri"],"_links":{"self":[{"href":"https:\/\/www.ulisseland.com\/journal\/wp-json\/wp\/v2\/posts\/2672","targetHints":{"allow":["GET"]}}],"collection":[{"href":"https:\/\/www.ulisseland.com\/journal\/wp-json\/wp\/v2\/posts"}],"about":[{"href":"https:\/\/www.ulisseland.com\/journal\/wp-json\/wp\/v2\/types\/post"}],"author":[{"embeddable":true,"href":"https:\/\/www.ulisseland.com\/journal\/wp-json\/wp\/v2\/users\/1"}],"replies":[{"embeddable":true,"href":"https:\/\/www.ulisseland.com\/journal\/wp-json\/wp\/v2\/comments?post=2672"}],"version-history":[{"count":7,"href":"https:\/\/www.ulisseland.com\/journal\/wp-json\/wp\/v2\/posts\/2672\/revisions"}],"predecessor-version":[{"id":3358,"href":"https:\/\/www.ulisseland.com\/journal\/wp-json\/wp\/v2\/posts\/2672\/revisions\/3358"}],"wp:attachment":[{"href":"https:\/\/www.ulisseland.com\/journal\/wp-json\/wp\/v2\/media?parent=2672"}],"wp:term":[{"taxonomy":"category","embeddable":true,"href":"https:\/\/www.ulisseland.com\/journal\/wp-json\/wp\/v2\/categories?post=2672"},{"taxonomy":"post_tag","embeddable":true,"href":"https:\/\/www.ulisseland.com\/journal\/wp-json\/wp\/v2\/tags?post=2672"}],"curies":[{"name":"wp","href":"https:\/\/api.w.org\/{rel}","templated":true}]}}