{"id":2662,"date":"2012-05-25T10:50:29","date_gmt":"2012-05-25T08:50:29","guid":{"rendered":"http:\/\/www.ulisseland.com\/journal\/?p=2662&#038;lang=it"},"modified":"2012-05-25T10:50:29","modified_gmt":"2012-05-25T08:50:29","slug":"ventotene-atto-ufficiale-di-gemellaggio-tra-il-comune-di-ventotene-ed-il-i-municipio-centro-storico-di-roma","status":"publish","type":"post","link":"https:\/\/www.ulisseland.com\/journal\/ventotene-atto-ufficiale-di-gemellaggio-tra-il-comune-di-ventotene-ed-il-i-municipio-centro-storico-di-roma\/","title":{"rendered":"VENTOTENE: atto ufficiale di gemellaggio tra il Comune di Ventotene ed il I\u00b0 Municipio Centro Storico di Roma"},"content":{"rendered":"<p><a href=\"https:\/\/www.ulisseland.com\/journal\/wp-content\/uploads\/2012\/05\/Ventotene2.jpg\"><img loading=\"lazy\" decoding=\"async\" class=\"alignleft size-medium wp-image-2667\" title=\"Ventotene2\" src=\"https:\/\/www.ulisseland.com\/journal\/wp-content\/uploads\/2012\/05\/Ventotene2-300x215.jpg\" alt=\"\" width=\"300\" height=\"215\" srcset=\"https:\/\/www.ulisseland.com\/journal\/wp-content\/uploads\/2012\/05\/Ventotene2-300x215.jpg 300w, https:\/\/www.ulisseland.com\/journal\/wp-content\/uploads\/2012\/05\/Ventotene2.jpg 720w\" sizes=\"auto, (max-width: 300px) 100vw, 300px\" \/><\/a>Domenica 20 maggio, \u00e8 stato firmato a Ventotene, l\u2019atto ufficiale di gemellaggio tra il Comune di Ventotene ed il I\u00b0 Municipio Centro Storico di Roma.<\/p>\n<p>Tale Gemellaggio nasce da un rapporto di\u00a0 collaborazione, coltivato sin dal 2007 e che si \u00e8 gi\u00e0 concretizzato con la stipula di un\u00a0 Protocollo d\u2019Intesa, il 14 dicembre del2011, aRoma. E\u2019 un rapporto che riunisce tasselli importanti della storia\u00a0 di Ventotene con la storia di Roma, nelle figure di tanti, romani e non, che hanno trascorso una parte importante della loro vita confinati nella piccola Isola e che hanno continuato, dopola Liberazione, ad impegnarsi per la costruzione di una democrazia compiuta sia a livello nazionale sia a livello europeo.<\/p>\n<p>I territori rispettivamente amministrati dal Comune di Ventotene e dal Municipio di Roma Centro Storico sono stati e continuano ad essere testimonianza di avvenimenti storici drammatici ed allo stesso tempo simboli della lotta antifascista, elemento fondante della nostra democrazia e libert\u00e0.<\/p>\n<p><a href=\"https:\/\/www.ulisseland.com\/journal\/wp-content\/uploads\/2012\/05\/Ventotene1.jpg\"><img loading=\"lazy\" decoding=\"async\" class=\"alignright  wp-image-2666\" title=\"Ventotene1\" src=\"https:\/\/www.ulisseland.com\/journal\/wp-content\/uploads\/2012\/05\/Ventotene1-300x205.jpg\" alt=\"\" width=\"240\" height=\"164\" srcset=\"https:\/\/www.ulisseland.com\/journal\/wp-content\/uploads\/2012\/05\/Ventotene1-300x205.jpg 300w, https:\/\/www.ulisseland.com\/journal\/wp-content\/uploads\/2012\/05\/Ventotene1.jpg 694w\" sizes=\"auto, (max-width: 240px) 100vw, 240px\" \/><\/a>Il Comune di Ventotene ospit\u00f2, come luogo di confino, gli oppositori al regime fascista , autori nel 1941 del \u201c<em>Manifesto per un\u2019Europa Libera ed Unita\u201d <\/em>il cosiddetto <em>\u201cManifesto di Ventotene<\/em>\u201d, documento fondatore della lotta dei movimenti per l\u2019unificazione federale europea, in cui Altiero Spinelli, le cui ceneri sono custodite nel cimitero dell\u2019Isola, si impegn\u00f2 per tutta la vita.<\/p>\n<p>Il I\u00b0 Municipio di Roma ha, tra le testimonianze storiche degli avvenimenti nel medesimo periodo: il <em>Ghetto Ebraico<\/em> in cui il 16 ottobre1943 vennero razziati 1022 ebrei romani deportati nei campi di concentramento; <em>Via Tasso <\/em>sede del comando della polizia tedesca e <em>Piazza di Porta Pia<\/em>, teatro di uno degli episodi pi\u00f9 drammatici della Resistenza.<\/p>\n<p><a href=\"https:\/\/www.ulisseland.com\/journal\/wp-content\/uploads\/2012\/05\/Municipio-Roma.gif\"><img loading=\"lazy\" decoding=\"async\" class=\"alignleft  wp-image-2664\" title=\"Municipio Roma\" src=\"https:\/\/www.ulisseland.com\/journal\/wp-content\/uploads\/2012\/05\/Municipio-Roma-300x291.gif\" alt=\"\" width=\"210\" height=\"204\" srcset=\"https:\/\/www.ulisseland.com\/journal\/wp-content\/uploads\/2012\/05\/Municipio-Roma-300x291.gif 300w, https:\/\/www.ulisseland.com\/journal\/wp-content\/uploads\/2012\/05\/Municipio-Roma-50x50.gif 50w, https:\/\/www.ulisseland.com\/journal\/wp-content\/uploads\/2012\/05\/Municipio-Roma.gif 335w\" sizes=\"auto, (max-width: 210px) 100vw, 210px\" \/><\/a>Il ricordo di tali avvenimenti ha lo scopo di mantenere viva, soprattutto nelle nuove generazioni, la memoria di importanti vicende storiche del nostro Paese, celebrando i valori e gli ideali che hanno contribuito alla nascita della nostra democrazia.<\/p>\n<p>L\u2019iniziativa del Gemellaggio ha come obiettivo generale la promozione della cultura e la valorizzazione del territorio. In particolare, la finalit\u00e0 \u00e8 quella della conservazione della memoria collettiva attraverso la conoscenza dei luoghi simbolo della resistenza e la promozione di iniziative di interscambio culturale, turistico e sociale tra le due comunit\u00e0.<\/p>\n<p><a href=\"https:\/\/www.ulisseland.com\/journal\/wp-content\/uploads\/2012\/05\/Ventotene-firma-gemellaggio.jpg\"><img loading=\"lazy\" decoding=\"async\" class=\"alignright size-medium wp-image-2665\" title=\"Ventotene firma gemellaggio\" src=\"https:\/\/www.ulisseland.com\/journal\/wp-content\/uploads\/2012\/05\/Ventotene-firma-gemellaggio-300x216.jpg\" alt=\"\" width=\"300\" height=\"216\" srcset=\"https:\/\/www.ulisseland.com\/journal\/wp-content\/uploads\/2012\/05\/Ventotene-firma-gemellaggio-300x216.jpg 300w, https:\/\/www.ulisseland.com\/journal\/wp-content\/uploads\/2012\/05\/Ventotene-firma-gemellaggio.jpg 893w\" sizes=\"auto, (max-width: 300px) 100vw, 300px\" \/><\/a>In tale ottica, il Comune di Ventotene ha ospitato, da venerd\u00ec a domenica, una delegazione di\u00a0 alunni di una scuola media del I\u00b0 Municipio di Roma, i quali hanno visitato l\u2019isola e le sue bellezze naturalistiche, storiche ed archeologiche, grazie alla collaborazione dell\u2019Istituto Scolastico \u201cAltiero Spinelli\u201d,la\u00a0 Riserva NaturaleStatale ed Area Marina Protetta, l\u2019Associazione Terra Maris.<\/p>\n<p>Nella stessa giornata di domenica, nell\u2019ambito delle celebrazioni per il Gemellaggio, hanno avuto luogo anche due manifestazioni collaterali: l\u2019intitolazione della Biblioteca comunale al patriota triestino Mario Maovaz, confinato a Ventotene dal \u201936 al \u201943 <em>\u201c\u2026 un bel tipo Maovaz, vecchio repubblicano triestino ha, a settant\u2019anni, l\u2019abilit\u00e0 di un giovanotto \u2026 lavoratore instancabile, del resto, \u00e8 in biblioteca elemento preziosissimo \u2026 ha un\u2019ambizione: quella di legare il suo nome alla biblioteca confinaria.\u201d<\/em>. Si \u00e8 voluto, in tal modo, onorare la memoria di uno dei combattenti per la libert\u00e0 confinati a Ventotene, legando il suo nome\u00a0 alla Biblioteca di un paese libero e democratico che Maovaz ha contribuito a costruire. Il secondo evento \u00e8 stato l\u2019inaugurazione di uno spazio espositivo contenente il plastico della Citt\u00e0 confinaria, oggi non pi\u00f9 leggibile sul territorio, in modo che tutti possano capire la dura realt\u00e0 del Confino.<\/p>\n<p><a href=\"https:\/\/www.ulisseland.com\/journal\/wp-content\/uploads\/2012\/05\/Ventotene3.jpg\"><img loading=\"lazy\" decoding=\"async\" class=\"alignleft size-medium wp-image-2663\" title=\"Ventotene3\" src=\"https:\/\/www.ulisseland.com\/journal\/wp-content\/uploads\/2012\/05\/Ventotene3-300x200.jpg\" alt=\"\" width=\"300\" height=\"200\" srcset=\"https:\/\/www.ulisseland.com\/journal\/wp-content\/uploads\/2012\/05\/Ventotene3-300x200.jpg 300w, https:\/\/www.ulisseland.com\/journal\/wp-content\/uploads\/2012\/05\/Ventotene3.jpg 636w\" sizes=\"auto, (max-width: 300px) 100vw, 300px\" \/><\/a>Il Presidente della Repubblica Giorgio Napolitano, sempre molto vicino alla nostra comunit\u00e0 e che ci ha onorato della sua presenza il 20 maggio 2006 \u2013 in occasione della cerimonia commemorativa del 20\u00b0 anniversario della morte di Altiero Spinelli \u2013 come sua prima uscita ufficiale da Presidente, ci ha trasmesso una graditissima lettera esprimendo tutto il suo consenso all\u2019 iniziativa intrapresa che\u00a0 contribuir\u00e0 \u201c<em>a tener vivo soprattutto presso le giovani generazioni il ricordo delle atrocit\u00e0 del passato, affinch\u00e9 esse non abbiano mai a ripetersi<\/em>\u201d.<\/p>\n<p>In un momento di declino del legame sociale indotto dalle tante difficolt\u00e0 che il paese sta attraversando, ci sembra che sottolineare con forza\u00a0 i valori che sono alla base del nostro Stato democratico sia cosa giusta e necessaria, cos\u00ec come ritornare alla fonte di quel pensiero europeo democratico e federalista forte che \u00e8 stato elaborato a Ventotene, all\u2019interno della comunit\u00e0 dei confinati, che ha avuto in Spinelli Rossi e Colorni gli interpreti pi\u00f9 conosciuti e pi\u00f9 alti.<\/p>\n<p>Il Direttore<\/p>\n<p>Dott. Sergio Monforte<\/p>\n<p>&nbsp;<\/p>\n<p>&nbsp;<\/p>\n","protected":false},"excerpt":{"rendered":"<p>Domenica 20 maggio, \u00e8 stato firmato a Ventotene, l\u2019atto ufficiale di gemellaggio tra il Comune di Ventotene ed il I\u00b0 Municipio Centro Storico di Roma. Tale Gemellaggio nasce da un rapporto di\u00a0 collaborazione, coltivato sin dal 2007 e che si \u00e8 gi\u00e0 concretizzato con la stipula di un\u00a0 Protocollo d\u2019Intesa, il 14 dicembre del2011, aRoma.<\/p>\n","protected":false},"author":1,"featured_media":0,"comment_status":"open","ping_status":"open","sticky":false,"template":"","format":"standard","meta":{"footnotes":""},"categories":[38,11],"tags":[],"class_list":["post-2662","post","type-post","status-publish","format-standard","hentry","category-comune-di-ventotene","category-enti"],"_links":{"self":[{"href":"https:\/\/www.ulisseland.com\/journal\/wp-json\/wp\/v2\/posts\/2662","targetHints":{"allow":["GET"]}}],"collection":[{"href":"https:\/\/www.ulisseland.com\/journal\/wp-json\/wp\/v2\/posts"}],"about":[{"href":"https:\/\/www.ulisseland.com\/journal\/wp-json\/wp\/v2\/types\/post"}],"author":[{"embeddable":true,"href":"https:\/\/www.ulisseland.com\/journal\/wp-json\/wp\/v2\/users\/1"}],"replies":[{"embeddable":true,"href":"https:\/\/www.ulisseland.com\/journal\/wp-json\/wp\/v2\/comments?post=2662"}],"version-history":[{"count":3,"href":"https:\/\/www.ulisseland.com\/journal\/wp-json\/wp\/v2\/posts\/2662\/revisions"}],"predecessor-version":[{"id":2671,"href":"https:\/\/www.ulisseland.com\/journal\/wp-json\/wp\/v2\/posts\/2662\/revisions\/2671"}],"wp:attachment":[{"href":"https:\/\/www.ulisseland.com\/journal\/wp-json\/wp\/v2\/media?parent=2662"}],"wp:term":[{"taxonomy":"category","embeddable":true,"href":"https:\/\/www.ulisseland.com\/journal\/wp-json\/wp\/v2\/categories?post=2662"},{"taxonomy":"post_tag","embeddable":true,"href":"https:\/\/www.ulisseland.com\/journal\/wp-json\/wp\/v2\/tags?post=2662"}],"curies":[{"name":"wp","href":"https:\/\/api.w.org\/{rel}","templated":true}]}}