{"id":2555,"date":"2012-05-21T13:30:32","date_gmt":"2012-05-21T11:30:32","guid":{"rendered":"http:\/\/www.ulisseland.com\/journal\/?p=2555&#038;lang=it"},"modified":"2012-05-21T14:59:44","modified_gmt":"2012-05-21T12:59:44","slug":"melito-di-porto-salvo-manifestazione-rhighion-solidale-con-il-popolo-greco-organizzata-dallassociazione-apodiafazzi-con-la-provincia-di-reggio-calabriaa","status":"publish","type":"post","link":"https:\/\/www.ulisseland.com\/journal\/melito-di-porto-salvo-manifestazione-rhighion-solidale-con-il-popolo-greco-organizzata-dallassociazione-apodiafazzi-con-la-provincia-di-reggio-calabriaa\/","title":{"rendered":"MELITO DI PORTO SALVO: MANIFESTAZIONE \u201dRHIGHION SOLIDALE CON IL POPOLO GRECO!\u201d ORGANIZZATA DALL\u2019ASSOCIAZIONE APODIAFAZZI CON LA PROVINCIA DI REGGIO CALABRIA"},"content":{"rendered":"<p><a href=\"https:\/\/www.ulisseland.com\/journal\/wp-content\/uploads\/2012\/05\/Immagine058_800x533_thumb_thumb11.jpg\"><img loading=\"lazy\" decoding=\"async\" class=\"alignleft  wp-image-2556\" title=\"Immagine058_800x533_thumb_thumb1[1]\" src=\"https:\/\/www.ulisseland.com\/journal\/wp-content\/uploads\/2012\/05\/Immagine058_800x533_thumb_thumb11.jpg\" alt=\"\" width=\"241\" height=\"163\" srcset=\"https:\/\/www.ulisseland.com\/journal\/wp-content\/uploads\/2012\/05\/Immagine058_800x533_thumb_thumb11.jpg 670w, https:\/\/www.ulisseland.com\/journal\/wp-content\/uploads\/2012\/05\/Immagine058_800x533_thumb_thumb11-300x202.jpg 300w\" sizes=\"auto, (max-width: 241px) 100vw, 241px\" \/><\/a>Un\u2019amica greca, conosciuta in Italia, l\u2019architetto Marianna Savrami della Sovrintendenza Bizantina di Atene scrive queste parole che suonano come un grido di dolore dalla Grecia:<\/p>\n<p>\u201cE questo il\u2026 paradiso in cui viviamo, cari amici, in Grecia i vari &#8220;poteri bancari&#8221; sono riusciti a trasformare la nostra vita quotidiana in un inferno\u2026<\/p>\n<p>si caro Daniele, le cose stanno peggiorando non solo da noi ma anche\u00a0 da voi\u2026qui si dice che i diavoli &#8220;Mood\u2019ys&#8221; \u2026. hanno declassate molte banche vostre\u2026proprio cos\u00ec \u00e8 cominciata da noi questa storia.. e poi la grande discesa\u2026\u2026verso l\u2019inferno\u2026 tu sai, che quest\u2019anno in Grecia, con lo stesso reddito dell\u2019anno scorso, mi fanno pagare il triplo di tasse? e come si fa a pagare dal momento in cui tutte le cose che abbiamo bisogno per la nostra sopravvivenza sono aumentate due volte e intanto tutti gli altri stipendi sono diminuiti di circa il 40%, aggiungi che la disoccupazione cammina con ritmi ..folli\u2026due su tre dei nostri giovani non trovano lavoro e se lo trovano lavorano per un mese\u00a0 e alla fine del mese o non si paga e si licenzia o si fa lavorare oltre le 8 ore per giorno e si paga ogni tre o quattro mesi\u2026la situazione e fuori controllo\u2026ma \u00e8 questo che vogliono i tedeschi\u2026abbassare tanto i prezzi ..per portarli ai livelli dell\u2019 Africa\u2026.sempre per\u00f2 dentro la Comunit\u00e0 Europea.. e cosi avranno delle mani per lavorare per le loro industrie \u2026con costo.. zero\u2026.credi ci vogliono ridurre tutti come &#8220;operai&#8221; per il &#8220;grande loro Stato &#8220;\u2026dobbiamo reagire e resistere in tutti i modi \u2026e una guerra senza regole questa\u2026e un inferno\u2026ma dobbiamo stare attenti di non essere bruciati noi stessi ma fare &#8220;bruciare loro&#8221;\u2026 con metodi democratici ma con fermezza\u2026<\/p>\n<p>\u2026 ma non sar\u00e0 facile per loro\u2026 Sentiranno una volta ancora il \u201cvenite a prendere Thermopiles\u201d di Leonidas lo Spartano\u2026.lo sentiranno da tutti noi \u2026 diventeremo noi tutti oggi come\u2026. i 300 soldati di Leonida&#8230; la citt\u00e0 di Thermopiles &#8230; sono e ci saranno qui per sempre!!!!!!!!!!!!!!!!!!!!!!!!\u2026<\/p>\n<p>Questa \u00e8 Hellas, la Grecia, la nostra patria! Questo \u00e8 il nostro paese meraviglioso! Ecco il motivo per cui vogliono prendere la nostra patria\u2026 per\u2026un \u2026 niente!<\/p>\n<p>Credetemi vale la pena di dedicare certi minuti\u2026 a un sogno\u2026 che pu\u00f2 diventare realt\u00e0 per tutti\u2026 vogliamo la vostra solidariet\u00e0&#8230; e vi ringraziamo per quella mostrata fino adesso. W Hellas!!!<\/p>\n<p>Bene Marianna noi ti regaliamo un momento di solidariet\u00e0 verso la Grecia\u2026<\/p>\n<p style=\"text-align: center;\"><span style=\"font-size: small;\"><strong>L\u2019Amministrazione Provinciale di Reggio Calabria\u00a0e il Circolo di Cultura Greca Apodiafazzi<\/strong><\/span><\/p>\n<p style=\"text-align: center;\"><span style=\"font-size: small;\"><strong>Organizzano\u00a0LA MANIFESTAZIONE:\u00a0\u201cSul Partenone \u00e8 nata la nostra cultura, la nostra filosofia, la nostra prima idea di politica e di democrazia!\u201d<\/strong><\/span><\/p>\n<p style=\"text-align: center;\"><span style=\"font-size: small;\"><strong>RIGHION SOLIDALE CON IL POPOLO GRECO!<\/strong><\/span><\/p>\n<p style=\"text-align: center;\"><span style=\"font-size: small;\"><strong>REGGIO CALABRIA<\/strong><\/span><\/p>\n<p style=\"text-align: center;\"><span style=\"font-size: small;\"><strong>Venerd\u00ec 18 maggio \u2013 ore 17<\/strong><\/span><\/p>\n<p style=\"text-align: center;\"><strong style=\"font-size: small;\"><br \/>\nIntervengono: Istituzioni<\/strong><span style=\"font-size: small;\"><strong>Sala Conferenze Palazzo della Provincia<\/strong><\/span><\/p>\n<p style=\"text-align: center;\"><span style=\"font-size: small;\"><strong>Sindaci Area Calabrogreca<\/strong><\/span><\/p>\n<p style=\"text-align: center;\"><span style=\"font-size: small;\"><strong>Associazioni di Cultura Greca<\/strong><\/span><\/p>\n<p style=\"text-align: center;\"><span style=\"font-size: small;\"><strong>Organizzazioni Sociali, Professionali e Imprenditoriali<\/strong><\/span><\/p>\n<p style=\"text-align: center;\"><span style=\"font-size: small;\"><strong>La popolazione, gli amici del popolo greco, quanti hanno a cuore la democrazia sono invitati a partecipare.<\/strong><\/span><\/p>\n<p><img loading=\"lazy\" decoding=\"async\" class=\"alignright size-medium wp-image-2567\" title=\"DSCF6051_800x600_thumb[1]\" src=\"https:\/\/www.ulisseland.com\/journal\/wp-content\/uploads\/2012\/05\/DSCF6051_800x600_thumb1-300x225.jpg\" alt=\"\" width=\"300\" height=\"225\" srcset=\"https:\/\/www.ulisseland.com\/journal\/wp-content\/uploads\/2012\/05\/DSCF6051_800x600_thumb1-300x225.jpg 300w, https:\/\/www.ulisseland.com\/journal\/wp-content\/uploads\/2012\/05\/DSCF6051_800x600_thumb1.jpg 674w\" sizes=\"auto, (max-width: 300px) 100vw, 300px\" \/><\/p>\n<p>Oggi mi sono recato alle ore 17.00 a Reggio Calabria ad una manifestazione: \u201dRIGHION SOLIDALE CON IL POPOLO GRECO!\u201d organizzata dal Circolo di cultura Greca \u201cApodiafazzi\u201d e dalla Provincia di Reggio Calabria, \u201cSul Partenone \u00e8 nata la nostra cultura, la nostra filosofia, la nostra prima idea di politica e di democrazia!\u201d . Nella sala del Palazzo della Provincia erano presenti membri dell\u2019Associazione di Cultura Greca Apodiafazzi con il suo Presidente Dr. Giuseppe Carmelo Nucera, la Comunit\u00e0 ellenica dello Stretto col suo Presidente Carmelo Micalizzi e il Segretario Daniele Macris, il Segretario dell\u2019Associazione Jal\u00f2 tu Vu\u00e0, Dr. Tito Squillaci, la Provincia di Reggio Calabria era rappresentata dall\u2019assessore alla Cultura, Dr. Edoardo Lamberti Castronuovo, inoltre erano presenti i Consiglieri regionali: On.le Giovanni Nucera,\u00a0 On.le Pasquale Tripodi\u00a0 il gi\u00e0 Assessore Regionale Francesco Costantino, il prof. Franco Mosino, filelleno, il prof. Domenico Minuto, scrittore e tanti altri simpatizzanti tra cui il Dr. Giacomo Oliva membro del Comitato permanente per gli incontri di Studi Bizantini.<\/p>\n<p>La Preside Carmelina Siclari.<\/p>\n<p>I lavori sono stati introdotti dal Dr. Carmelo Giuseppe Nucera.<\/p>\n<p>Brillanti gli interventi dell\u2019On.le Pasquale Tripodi e dell\u2019On.le Giovanni Nucera del Presidente della Comunit\u00e0 ellenica dello Stretto.<\/p>\n<p>Del Prof. Franco Mosino, filelleno, del Dr. Tito Squillaci del Segretario della Comunit\u00e0 Ellenica dello Stretto Daniele Macris, infine gli interventi del Dr. Mollica e dell\u2019Assessore alla Cultura Dr. Edoardo Lamberti Castronuovo.<\/p>\n<p>Tutti gli interventi sono stati incentrati sulle difficolt\u00e0 che sta attraversando il popolo greco e sulla solidariet\u00e0 delle popolazioni grecaniche della costa ionica meridionale nonch\u00e9 dei calabresi tutti.<\/p>\n<p>daniele dattola<\/p>\n<div id='gallery-1' class='gallery galleryid-2555 gallery-columns-4 gallery-size-thumbnail'><figure class='gallery-item'>\n\t\t\t<div class='gallery-icon landscape'>\n\t\t\t\t<a href='https:\/\/www.ulisseland.com\/journal\/melito-di-porto-salvo-manifestazione-rhighion-solidale-con-il-popolo-greco-organizzata-dallassociazione-apodiafazzi-con-la-provincia-di-reggio-calabriaa\/immagine058_800x533_thumb_thumb11\/'><img loading=\"lazy\" decoding=\"async\" width=\"150\" height=\"150\" src=\"https:\/\/www.ulisseland.com\/journal\/wp-content\/uploads\/2012\/05\/Immagine058_800x533_thumb_thumb11-150x150.jpg\" class=\"attachment-thumbnail size-thumbnail\" alt=\"\" \/><\/a>\n\t\t\t<\/div><\/figure><figure class='gallery-item'>\n\t\t\t<div class='gallery-icon portrait'>\n\t\t\t\t<a href='https:\/\/www.ulisseland.com\/journal\/melito-di-porto-salvo-manifestazione-rhighion-solidale-con-il-popolo-greco-organizzata-dallassociazione-apodiafazzi-con-la-provincia-di-reggio-calabriaa\/dscf5934_450x600_thumb1\/'><img loading=\"lazy\" decoding=\"async\" width=\"150\" height=\"150\" src=\"https:\/\/www.ulisseland.com\/journal\/wp-content\/uploads\/2012\/05\/DSCF5934_450x600_thumb1-150x150.jpg\" class=\"attachment-thumbnail size-thumbnail\" alt=\"\" \/><\/a>\n\t\t\t<\/div><\/figure><figure class='gallery-item'>\n\t\t\t<div class='gallery-icon landscape'>\n\t\t\t\t<a href='https:\/\/www.ulisseland.com\/journal\/melito-di-porto-salvo-manifestazione-rhighion-solidale-con-il-popolo-greco-organizzata-dallassociazione-apodiafazzi-con-la-provincia-di-reggio-calabriaa\/dscf5946_800x600_thumb1\/'><img loading=\"lazy\" decoding=\"async\" width=\"150\" height=\"150\" src=\"https:\/\/www.ulisseland.com\/journal\/wp-content\/uploads\/2012\/05\/DSCF5946_800x600_thumb1-150x150.jpg\" class=\"attachment-thumbnail size-thumbnail\" alt=\"\" \/><\/a>\n\t\t\t<\/div><\/figure><figure class='gallery-item'>\n\t\t\t<div class='gallery-icon portrait'>\n\t\t\t\t<a href='https:\/\/www.ulisseland.com\/journal\/melito-di-porto-salvo-manifestazione-rhighion-solidale-con-il-popolo-greco-organizzata-dallassociazione-apodiafazzi-con-la-provincia-di-reggio-calabriaa\/dscf5949_450x600_thumb1\/'><img loading=\"lazy\" decoding=\"async\" width=\"150\" height=\"150\" src=\"https:\/\/www.ulisseland.com\/journal\/wp-content\/uploads\/2012\/05\/DSCF5949_450x600_thumb1-150x150.jpg\" class=\"attachment-thumbnail size-thumbnail\" alt=\"\" \/><\/a>\n\t\t\t<\/div><\/figure><figure class='gallery-item'>\n\t\t\t<div class='gallery-icon portrait'>\n\t\t\t\t<a href='https:\/\/www.ulisseland.com\/journal\/melito-di-porto-salvo-manifestazione-rhighion-solidale-con-il-popolo-greco-organizzata-dallassociazione-apodiafazzi-con-la-provincia-di-reggio-calabriaa\/dscf5950_450x600_thumb1\/'><img loading=\"lazy\" decoding=\"async\" width=\"150\" height=\"150\" src=\"https:\/\/www.ulisseland.com\/journal\/wp-content\/uploads\/2012\/05\/DSCF5950_450x600_thumb1-150x150.jpg\" class=\"attachment-thumbnail size-thumbnail\" alt=\"\" \/><\/a>\n\t\t\t<\/div><\/figure><figure class='gallery-item'>\n\t\t\t<div class='gallery-icon landscape'>\n\t\t\t\t<a href='https:\/\/www.ulisseland.com\/journal\/melito-di-porto-salvo-manifestazione-rhighion-solidale-con-il-popolo-greco-organizzata-dallassociazione-apodiafazzi-con-la-provincia-di-reggio-calabriaa\/dscf5959_800x600_thumb1\/'><img loading=\"lazy\" decoding=\"async\" width=\"150\" height=\"150\" src=\"https:\/\/www.ulisseland.com\/journal\/wp-content\/uploads\/2012\/05\/DSCF5959_800x600_thumb1-150x150.jpg\" class=\"attachment-thumbnail size-thumbnail\" alt=\"\" \/><\/a>\n\t\t\t<\/div><\/figure><figure class='gallery-item'>\n\t\t\t<div class='gallery-icon landscape'>\n\t\t\t\t<a href='https:\/\/www.ulisseland.com\/journal\/melito-di-porto-salvo-manifestazione-rhighion-solidale-con-il-popolo-greco-organizzata-dallassociazione-apodiafazzi-con-la-provincia-di-reggio-calabriaa\/dscf5965_800x600_thumb1\/'><img loading=\"lazy\" decoding=\"async\" width=\"150\" height=\"150\" src=\"https:\/\/www.ulisseland.com\/journal\/wp-content\/uploads\/2012\/05\/DSCF5965_800x600_thumb1-150x150.jpg\" class=\"attachment-thumbnail size-thumbnail\" alt=\"\" \/><\/a>\n\t\t\t<\/div><\/figure><figure class='gallery-item'>\n\t\t\t<div class='gallery-icon portrait'>\n\t\t\t\t<a href='https:\/\/www.ulisseland.com\/journal\/melito-di-porto-salvo-manifestazione-rhighion-solidale-con-il-popolo-greco-organizzata-dallassociazione-apodiafazzi-con-la-provincia-di-reggio-calabriaa\/dscf5979_800x600_thumb1\/'><img loading=\"lazy\" decoding=\"async\" width=\"150\" height=\"150\" src=\"https:\/\/www.ulisseland.com\/journal\/wp-content\/uploads\/2012\/05\/DSCF5979_800x600_thumb1-150x150.jpg\" class=\"attachment-thumbnail size-thumbnail\" alt=\"\" \/><\/a>\n\t\t\t<\/div><\/figure><figure class='gallery-item'>\n\t\t\t<div class='gallery-icon landscape'>\n\t\t\t\t<a href='https:\/\/www.ulisseland.com\/journal\/melito-di-porto-salvo-manifestazione-rhighion-solidale-con-il-popolo-greco-organizzata-dallassociazione-apodiafazzi-con-la-provincia-di-reggio-calabriaa\/dscf6005_800x600_thumb1\/'><img loading=\"lazy\" decoding=\"async\" width=\"150\" height=\"150\" src=\"https:\/\/www.ulisseland.com\/journal\/wp-content\/uploads\/2012\/05\/DSCF6005_800x600_thumb1-150x150.jpg\" class=\"attachment-thumbnail size-thumbnail\" alt=\"\" \/><\/a>\n\t\t\t<\/div><\/figure><figure class='gallery-item'>\n\t\t\t<div class='gallery-icon portrait'>\n\t\t\t\t<a href='https:\/\/www.ulisseland.com\/journal\/melito-di-porto-salvo-manifestazione-rhighion-solidale-con-il-popolo-greco-organizzata-dallassociazione-apodiafazzi-con-la-provincia-di-reggio-calabriaa\/dscf6034_450x600_thumb1\/'><img loading=\"lazy\" decoding=\"async\" width=\"150\" height=\"150\" src=\"https:\/\/www.ulisseland.com\/journal\/wp-content\/uploads\/2012\/05\/DSCF6034_450x600_thumb1-150x150.jpg\" class=\"attachment-thumbnail size-thumbnail\" alt=\"\" \/><\/a>\n\t\t\t<\/div><\/figure><figure class='gallery-item'>\n\t\t\t<div class='gallery-icon portrait'>\n\t\t\t\t<a href='https:\/\/www.ulisseland.com\/journal\/melito-di-porto-salvo-manifestazione-rhighion-solidale-con-il-popolo-greco-organizzata-dallassociazione-apodiafazzi-con-la-provincia-di-reggio-calabriaa\/dscf6035_450x600_thumb1\/'><img loading=\"lazy\" decoding=\"async\" width=\"150\" height=\"150\" src=\"https:\/\/www.ulisseland.com\/journal\/wp-content\/uploads\/2012\/05\/DSCF6035_450x600_thumb1-150x150.jpg\" class=\"attachment-thumbnail size-thumbnail\" alt=\"\" \/><\/a>\n\t\t\t<\/div><\/figure><figure class='gallery-item'>\n\t\t\t<div class='gallery-icon landscape'>\n\t\t\t\t<a href='https:\/\/www.ulisseland.com\/journal\/melito-di-porto-salvo-manifestazione-rhighion-solidale-con-il-popolo-greco-organizzata-dallassociazione-apodiafazzi-con-la-provincia-di-reggio-calabriaa\/dscf6051_800x600_thumb1\/'><img loading=\"lazy\" decoding=\"async\" width=\"150\" height=\"150\" src=\"https:\/\/www.ulisseland.com\/journal\/wp-content\/uploads\/2012\/05\/DSCF6051_800x600_thumb1-150x150.jpg\" class=\"attachment-thumbnail size-thumbnail\" alt=\"\" \/><\/a>\n\t\t\t<\/div><\/figure><figure class='gallery-item'>\n\t\t\t<div class='gallery-icon landscape'>\n\t\t\t\t<a href='https:\/\/www.ulisseland.com\/journal\/melito-di-porto-salvo-manifestazione-rhighion-solidale-con-il-popolo-greco-organizzata-dallassociazione-apodiafazzi-con-la-provincia-di-reggio-calabriaa\/dscf6149_800x600_thumb1\/'><img loading=\"lazy\" decoding=\"async\" width=\"150\" height=\"150\" src=\"https:\/\/www.ulisseland.com\/journal\/wp-content\/uploads\/2012\/05\/DSCF6149_800x600_thumb1-150x150.jpg\" class=\"attachment-thumbnail size-thumbnail\" alt=\"\" \/><\/a>\n\t\t\t<\/div><\/figure><figure class='gallery-item'>\n\t\t\t<div class='gallery-icon landscape'>\n\t\t\t\t<a href='https:\/\/www.ulisseland.com\/journal\/melito-di-porto-salvo-manifestazione-rhighion-solidale-con-il-popolo-greco-organizzata-dallassociazione-apodiafazzi-con-la-provincia-di-reggio-calabriaa\/dscf6186_800x600_thumb1\/'><img loading=\"lazy\" decoding=\"async\" width=\"150\" height=\"150\" src=\"https:\/\/www.ulisseland.com\/journal\/wp-content\/uploads\/2012\/05\/DSCF6186_800x600_thumb1-150x150.jpg\" class=\"attachment-thumbnail size-thumbnail\" alt=\"\" \/><\/a>\n\t\t\t<\/div><\/figure><figure class='gallery-item'>\n\t\t\t<div class='gallery-icon landscape'>\n\t\t\t\t<a href='https:\/\/www.ulisseland.com\/journal\/melito-di-porto-salvo-manifestazione-rhighion-solidale-con-il-popolo-greco-organizzata-dallassociazione-apodiafazzi-con-la-provincia-di-reggio-calabriaa\/dscf6206_800x600_thumb1\/'><img loading=\"lazy\" decoding=\"async\" width=\"150\" height=\"150\" src=\"https:\/\/www.ulisseland.com\/journal\/wp-content\/uploads\/2012\/05\/DSCF6206_800x600_thumb1-150x150.jpg\" class=\"attachment-thumbnail size-thumbnail\" alt=\"\" \/><\/a>\n\t\t\t<\/div><\/figure><figure class='gallery-item'>\n\t\t\t<div class='gallery-icon landscape'>\n\t\t\t\t<a href='https:\/\/www.ulisseland.com\/journal\/melito-di-porto-salvo-manifestazione-rhighion-solidale-con-il-popolo-greco-organizzata-dallassociazione-apodiafazzi-con-la-provincia-di-reggio-calabriaa\/dscf6215_800x600_thumb1\/'><img loading=\"lazy\" decoding=\"async\" width=\"150\" height=\"150\" src=\"https:\/\/www.ulisseland.com\/journal\/wp-content\/uploads\/2012\/05\/DSCF6215_800x600_thumb1-150x150.jpg\" class=\"attachment-thumbnail size-thumbnail\" alt=\"\" \/><\/a>\n\t\t\t<\/div><\/figure><figure class='gallery-item'>\n\t\t\t<div class='gallery-icon landscape'>\n\t\t\t\t<a href='https:\/\/www.ulisseland.com\/journal\/melito-di-porto-salvo-manifestazione-rhighion-solidale-con-il-popolo-greco-organizzata-dallassociazione-apodiafazzi-con-la-provincia-di-reggio-calabriaa\/dscf6218_800x600_thumb1\/'><img loading=\"lazy\" decoding=\"async\" width=\"150\" height=\"150\" src=\"https:\/\/www.ulisseland.com\/journal\/wp-content\/uploads\/2012\/05\/DSCF6218_800x600_thumb1-150x150.jpg\" class=\"attachment-thumbnail size-thumbnail\" alt=\"\" \/><\/a>\n\t\t\t<\/div><\/figure><figure class='gallery-item'>\n\t\t\t<div class='gallery-icon landscape'>\n\t\t\t\t<a href='https:\/\/www.ulisseland.com\/journal\/melito-di-porto-salvo-manifestazione-rhighion-solidale-con-il-popolo-greco-organizzata-dallassociazione-apodiafazzi-con-la-provincia-di-reggio-calabriaa\/dscf6228_800x600_thumb1\/'><img loading=\"lazy\" decoding=\"async\" width=\"150\" height=\"150\" src=\"https:\/\/www.ulisseland.com\/journal\/wp-content\/uploads\/2012\/05\/DSCF6228_800x600_thumb1-150x150.jpg\" class=\"attachment-thumbnail size-thumbnail\" alt=\"\" \/><\/a>\n\t\t\t<\/div><\/figure><figure class='gallery-item'>\n\t\t\t<div class='gallery-icon landscape'>\n\t\t\t\t<a href='https:\/\/www.ulisseland.com\/journal\/melito-di-porto-salvo-manifestazione-rhighion-solidale-con-il-popolo-greco-organizzata-dallassociazione-apodiafazzi-con-la-provincia-di-reggio-calabriaa\/dscf6237_800x600_thumb1\/'><img loading=\"lazy\" decoding=\"async\" width=\"150\" height=\"150\" src=\"https:\/\/www.ulisseland.com\/journal\/wp-content\/uploads\/2012\/05\/DSCF6237_800x600_thumb1-150x150.jpg\" class=\"attachment-thumbnail size-thumbnail\" alt=\"\" \/><\/a>\n\t\t\t<\/div><\/figure>\n\t\t<\/div>\n\n<div align= \"center\">\n<object width=\"560\" height=\"315\"><param name=\"movie\" value=\"http:\/\/www.youtube.com\/v\/s3qMlsAylD4?version=3&amp;hl=it_IT\"><\/param><param name=\"allowFullScreen\" value=\"true\"><\/param><param name=\"allowscriptaccess\" value=\"always\"><\/param><embed src=\"http:\/\/www.youtube.com\/v\/s3qMlsAylD4?version=3&amp;hl=it_IT\" type=\"application\/x-shockwave-flash\" width=\"560\" height=\"315\" allowscriptaccess=\"always\" allowfullscreen=\"true\"><\/embed><\/object>\n<\/div>\n<div align= \"center\">\n<object width=\"560\" height=\"315\"><param name=\"movie\" value=\"http:\/\/www.youtube.com\/v\/BbVuftwDvI4?version=3&amp;hl=it_IT\"><\/param><param name=\"allowFullScreen\" value=\"true\"><\/param><param name=\"allowscriptaccess\" value=\"always\"><\/param><embed src=\"http:\/\/www.youtube.com\/v\/BbVuftwDvI4?version=3&amp;hl=it_IT\" type=\"application\/x-shockwave-flash\" width=\"560\" height=\"315\" allowscriptaccess=\"always\" allowfullscreen=\"true\"><\/embed><\/object>\n<\/div>\n<div align= \"center\">\n<object width=\"560\" height=\"315\"><param name=\"movie\" value=\"http:\/\/www.youtube.com\/v\/Nl3bIjqVpaA?version=3&amp;hl=it_IT\"><\/param><param name=\"allowFullScreen\" value=\"true\"><\/param><param name=\"allowscriptaccess\" value=\"always\"><\/param><embed src=\"http:\/\/www.youtube.com\/v\/Nl3bIjqVpaA?version=3&amp;hl=it_IT\" type=\"application\/x-shockwave-flash\" width=\"560\" height=\"315\" allowscriptaccess=\"always\" allowfullscreen=\"true\"><\/embed><\/object>\n<\/div>\n<div align= \"center\">\n<object width=\"560\" height=\"315\"><param name=\"movie\" value=\"http:\/\/www.youtube.com\/v\/phb0m1MfJ44?version=3&amp;hl=it_IT\"><\/param><param name=\"allowFullScreen\" value=\"true\"><\/param><param name=\"allowscriptaccess\" value=\"always\"><\/param><embed src=\"http:\/\/www.youtube.com\/v\/phb0m1MfJ44?version=3&amp;hl=it_IT\" type=\"application\/x-shockwave-flash\" width=\"560\" height=\"315\" allowscriptaccess=\"always\" allowfullscreen=\"true\"><\/embed><\/object>\n<\/div>\n","protected":false},"excerpt":{"rendered":"<p>Un\u2019amica greca, conosciuta in Italia, l\u2019architetto Marianna Savrami della Sovrintendenza Bizantina di Atene scrive queste parole che suonano come un grido di dolore dalla Grecia: \u201cE questo il\u2026 paradiso in cui viviamo, cari amici, in Grecia i vari &#8220;poteri bancari&#8221; sono riusciti a trasformare la nostra vita quotidiana in un inferno\u2026 si caro Daniele, le<\/p>\n","protected":false},"author":1,"featured_media":0,"comment_status":"open","ping_status":"open","sticky":false,"template":"","format":"standard","meta":{"footnotes":""},"categories":[36,11],"tags":[],"class_list":["post-2555","post","type-post","status-publish","format-standard","hentry","category-comune-di-melito-di-porto-salvo","category-enti"],"_links":{"self":[{"href":"https:\/\/www.ulisseland.com\/journal\/wp-json\/wp\/v2\/posts\/2555","targetHints":{"allow":["GET"]}}],"collection":[{"href":"https:\/\/www.ulisseland.com\/journal\/wp-json\/wp\/v2\/posts"}],"about":[{"href":"https:\/\/www.ulisseland.com\/journal\/wp-json\/wp\/v2\/types\/post"}],"author":[{"embeddable":true,"href":"https:\/\/www.ulisseland.com\/journal\/wp-json\/wp\/v2\/users\/1"}],"replies":[{"embeddable":true,"href":"https:\/\/www.ulisseland.com\/journal\/wp-json\/wp\/v2\/comments?post=2555"}],"version-history":[{"count":9,"href":"https:\/\/www.ulisseland.com\/journal\/wp-json\/wp\/v2\/posts\/2555\/revisions"}],"predecessor-version":[{"id":2585,"href":"https:\/\/www.ulisseland.com\/journal\/wp-json\/wp\/v2\/posts\/2555\/revisions\/2585"}],"wp:attachment":[{"href":"https:\/\/www.ulisseland.com\/journal\/wp-json\/wp\/v2\/media?parent=2555"}],"wp:term":[{"taxonomy":"category","embeddable":true,"href":"https:\/\/www.ulisseland.com\/journal\/wp-json\/wp\/v2\/categories?post=2555"},{"taxonomy":"post_tag","embeddable":true,"href":"https:\/\/www.ulisseland.com\/journal\/wp-json\/wp\/v2\/tags?post=2555"}],"curies":[{"name":"wp","href":"https:\/\/api.w.org\/{rel}","templated":true}]}}