{"id":2534,"date":"2012-05-17T14:55:39","date_gmt":"2012-05-17T12:55:39","guid":{"rendered":"http:\/\/www.ulisseland.com\/journal\/?p=2534&#038;lang=it"},"modified":"2012-05-17T15:21:57","modified_gmt":"2012-05-17T13:21:57","slug":"formia-gente-di-plastica-finalista-al-festival-international-du-theatre-professionnel-a-fes-in-marocco-8a-edizione","status":"publish","type":"post","link":"https:\/\/www.ulisseland.com\/journal\/formia-gente-di-plastica-finalista-al-festival-international-du-theatre-professionnel-a-fes-in-marocco-8a-edizione\/","title":{"rendered":"FORMIA: GENTE DI PLASTICA finalista al Festival International du Th\u00e9\u00e2tre Professionnel \u00e0 F\u00e8s in Marocco &#8211; 8\u00aa edizione"},"content":{"rendered":"<p style=\"text-align: justify;\"><a href=\"http:\/\/www.costellazioneteatro.it\/index.php?option=com_content&amp;view=article&amp;id=8&amp;Itemid=8\"><img loading=\"lazy\" decoding=\"async\" class=\"alignleft  wp-image-2536\" title=\"Gente Di Plastica-29 (Foto di Fabio Marino)\" src=\"https:\/\/www.ulisseland.com\/journal\/wp-content\/uploads\/2012\/05\/Gente-Di-Plastica-29-Foto-di-Fabio-Marino.jpg\" alt=\"\" width=\"300\" height=\"300\" srcset=\"https:\/\/www.ulisseland.com\/journal\/wp-content\/uploads\/2012\/05\/Gente-Di-Plastica-29-Foto-di-Fabio-Marino.jpg 500w, https:\/\/www.ulisseland.com\/journal\/wp-content\/uploads\/2012\/05\/Gente-Di-Plastica-29-Foto-di-Fabio-Marino-150x150.jpg 150w, https:\/\/www.ulisseland.com\/journal\/wp-content\/uploads\/2012\/05\/Gente-Di-Plastica-29-Foto-di-Fabio-Marino-300x300.jpg 300w, https:\/\/www.ulisseland.com\/journal\/wp-content\/uploads\/2012\/05\/Gente-Di-Plastica-29-Foto-di-Fabio-Marino-50x50.jpg 50w\" sizes=\"auto, (max-width: 300px) 100vw, 300px\" \/><\/a><span style=\"font-size: large;\"><strong>COMUNICATO STAMPA<\/strong><\/span><br \/>\nGENTE DI PLASTICA finalista al Festival International du Th\u00e9\u00e2tre Professionnel \u00e0 F\u00e8s in Marocco &#8211; 8\u00aa edizione<br \/>\nAltra grandissima affermazione internazionale per la Compagnia Teatrale Costellazione: il suo spettacolo GENTE DI PLASTICA, ideazione-drammaturgia e regia di Roberta Costantini, rappresenter\u00e0 l&#8217;Italia durante l&#8217; 8\u00aa edizione del Festival International du Th\u00e9\u00e2tre Professionnel \u00e0 F\u00e8s in Marocco che si terr\u00e0 dal 19 al 25 maggio.<br \/>\nDopo aver vinto, soltanto un mese fa, il premio per il MIGLIOR SPETTACOLO al Festival Internazionale di Teatro FACES WITHOUT MASKS 2012, conclusosi il 6 aprile scorso a Skopje, in Macedonia GENTE DI PLASTICA \u00e8 nuovamente in finale in un prestigioso Festival Internazionale.<br \/>\nLo spettacolo, suggestivo e visionario che affronta i temi sempre vivi e attuali dello strapotere dei media, dell&#8217;omologazione culturale, dell&#8217;incomunicabilit\u00e0 e della falsit\u00e0 dei rapporti umani, continua a raccogliere importanti riconoscimenti sia in Italia che all&#8217;Estero.<br \/>\nUn particolare ringraziamento all&#8217;Amministrazione del Comune di Formia per il sostegno e l&#8217;attenzione nei confronti di questo progetto che ha preso vita nel nostro territorio d\u2019origine. Caratterizzato dalla collaborazione in un unico spettacolo di artisti di origine formiana provenienti da realt\u00e0 teatrali nazionali diversificate, GENTE DI PLASTICA continua a divulgare la cultura e l&#8217;arte di Formia (LT), come nella tradizione degli spettacoli della Compagnia Costellazione, nell\u2019ambito di grandi manifestazioni culturali.<br \/>\nOrganizzata dall&#8217;Unione Nazionale dei Professionisti del Teatro di Fez in collaborazione con il Ministero marocchino della Cultura e con il Comune di Fez , l&#8217; 8\u00aa edizione del Festival International du Th\u00e9\u00e2tre Professionnel in Marocco si inserisce nella tradizione culturale e artistica della pi\u00f9 grande citt\u00e0 imperiale marocchina per promuovere uno dei suoi importanti patrimoni culturali: il Teatro.<\/p>\n<p style=\"text-align: justify;\">Dedicato al grande drammaturgo, il defunto Ahmed Zaki Al Alawi, che ha lasciato la sua impronta sulla storia classica del teatro del Marocco, attraverso un programma ricco e variegato che unisce performance, seminari e produzioni di affermate compagnie nazionali ed estere, il Festival permetter\u00e0 al pubblico, nei sette giorni di programmazione, di esplorare la bellezza e la ricchezza dell&#8217;arte teatrale internazionale, contribuendo nel contempo allo sviluppo del teatro di qualit\u00e0 attraverso lo scambio di esperienze tra il Marocco e professionisti stranieri<\/p>\n<p style=\"text-align: justify;\">GENTE DI PLASTICA , che accusa il voyerismo televisivo, la realt\u00e0 divenuta reality, i sentimenti plastificati, il business eretto a sistema che stravolge la verit\u00e0 e offende la dignit\u00e0 delle persone, unico spettacolo italiano in concorso, \u00e8 perfettamente inserito in questa edizione del Festival che ha come tema \u201c Il Teatro e l&#8217;Azione Sociale\u201d.<\/p>\n<p>Spettacolo caratterizzato da uno stile aperto alle contaminazioni fra i diversi linguaggi espressivi, dalla ricerca e dalla sperimentazione teatrale, si propone al pubblico internazionale come un\u2019offerta culturale, tesa a ristabilire un rapporto fra tradizione e innovazione.<br \/>\nGli attori Gianluca Paolisso, Giuliana Janotta, Janos Agresti, Marco Marino, Nino Pagliuca, Roberto Costantini, Rosanna Bosso, Soledad Agresti e Veruschka Cossuto , diretti dalla regista Roberta Costantini, concorreranno con le dieci compagnie finaliste partecipanti al Festival , per il Premio al miglior spettacolo internazionale, il .Premio per la migliore scrittura, il Premio per la migliore scenografia, per il miglior attore .e la migliore attrice.<\/p>\n<p style=\"text-align: justify;\">Dice la regista \u201c Ed ecco un nuova, straordinaria avventura che ci attende. D&#8217;altra parte il teatro ama la gioia e la fatica del viaggio, i nuovi odori di citt\u00e0 e paesi sconosciuti, la mescolanza di linguaggi apparentemente differenti e contrapposti. Il teatro ama il nomadismo curioso di chi non si accontenta della propria terra, ama nuove sfumature da imprimere nella mente e nel cuore. Il teatro ama alla follia la vita. Qualcosa di sotterraneo e tenace ci unisce agli altri artisti e professionisti che ogni volta incontriamo: sono altri noi stessi sparsi nel mondo e impegnati a non farsi scorrere addosso la vita senza lasciarsene bagnare.\u201d<\/p>\n<p style=\"text-align: justify;\">Al ritorno dall&#8217;esperienza marocchina altre importanti occasioni attendono questa prestigiosa Compagnia formiana: GENTE DI PLASTICA sar\u00e0 tra i 54 spettacoli nazionali selezionati per l&#8217;Evento dell&#8217;Estate a Roma, la prima edizione del ROMA FRINGE FESTIVAL che si terr\u00e0 dal 23 giugno al 15 luglio nella Capitale. Ma non solo, la Compagnia formiana sar\u00e0 anche presente nella seconda met\u00e0 di agosto a LAMAMASPOLETOPEN 2012 , sezione Fringe del Festival dei Due Mondi di Spoleto.<\/p>\n<p style=\"text-align: justify;\">GENTE DI PLASTICA<\/p>\n<p style=\"text-align: justify;\">Da un&#8217;idea liberamente ispirato a<br \/>\nLA PESTE (Camus) IL GIOCO DELL\u2019EPIDEMIA (Ionesco) QUINTO POTERE (Chayefsky)<\/p>\n<p style=\"text-align: justify;\">Ideazione, drammaturgia e regia<br \/>\nROBERTA COSTANTINI<\/p>\n<p style=\"text-align: justify;\">Disegno luci, elaborazioni audio e consulenza musicale<br \/>\nMARCO MARINO<\/p>\n<p style=\"text-align: justify;\">Costumi<br \/>\nANDREJ VRHOVNIK<br \/>\nTecnico<br \/>\nMIRKO TOMMASINO<\/p>\n<p style=\"text-align: justify;\">con<br \/>\nGianluca Paolisso, Giuliana Jannotta, Janos Agresti, Marco Marino, Nino Pagliuca, Roberto Costantini, Rosanna Bosso, Soledad Agresti, Veruschka Cossuto.<\/p>\n<p style=\"text-align: justify;\">INFO:<br \/>\nCOMPAGNIA TEATRALE COSTELLAZONE<br \/>\n<a href=\"mailto:info@costellazioneteatro.it\">info@costellazioneteatro.it<\/a><br \/>\n<a href=\"http:\/\/www.costellazioneteatro.it\/index.php?option=com_content&amp;view=article&amp;id=8&amp;Itemid=8\">www.costellazioneteatro.it<\/a><\/p>\n<div id='gallery-1' class='gallery galleryid-2534 gallery-columns-4 gallery-size-thumbnail'><figure class='gallery-item'>\n\t\t\t<div class='gallery-icon landscape'>\n\t\t\t\t<a href='https:\/\/www.ulisseland.com\/journal\/formia-gente-di-plastica-finalista-al-festival-international-du-theatre-professionnel-a-fes-in-marocco-8a-edizione\/gente-di-plastica-29-foto-di-fabio-marino\/'><img loading=\"lazy\" decoding=\"async\" width=\"150\" height=\"150\" src=\"https:\/\/www.ulisseland.com\/journal\/wp-content\/uploads\/2012\/05\/Gente-Di-Plastica-29-Foto-di-Fabio-Marino-150x150.jpg\" class=\"attachment-thumbnail size-thumbnail\" alt=\"\" \/><\/a>\n\t\t\t<\/div><\/figure><figure class='gallery-item'>\n\t\t\t<div class='gallery-icon landscape'>\n\t\t\t\t<a href='https:\/\/www.ulisseland.com\/journal\/formia-gente-di-plastica-finalista-al-festival-international-du-theatre-professionnel-a-fes-in-marocco-8a-edizione\/gente-di-plastica-10-foto-di-roberto-costantini\/'><img loading=\"lazy\" decoding=\"async\" width=\"150\" height=\"150\" src=\"https:\/\/www.ulisseland.com\/journal\/wp-content\/uploads\/2012\/05\/Gente-di-Plastica-10-Foto-di-Roberto-Costantini-150x150.jpg\" class=\"attachment-thumbnail size-thumbnail\" alt=\"\" \/><\/a>\n\t\t\t<\/div><\/figure><figure class='gallery-item'>\n\t\t\t<div class='gallery-icon portrait'>\n\t\t\t\t<a href='https:\/\/www.ulisseland.com\/journal\/formia-gente-di-plastica-finalista-al-festival-international-du-theatre-professionnel-a-fes-in-marocco-8a-edizione\/gente-di-plastica-11-foto-di-roberto-costantini\/'><img loading=\"lazy\" decoding=\"async\" width=\"150\" height=\"150\" src=\"https:\/\/www.ulisseland.com\/journal\/wp-content\/uploads\/2012\/05\/Gente-di-Plastica-11-Foto-di-Roberto-Costantini-150x150.jpg\" class=\"attachment-thumbnail size-thumbnail\" alt=\"\" \/><\/a>\n\t\t\t<\/div><\/figure><figure class='gallery-item'>\n\t\t\t<div class='gallery-icon portrait'>\n\t\t\t\t<a href='https:\/\/www.ulisseland.com\/journal\/formia-gente-di-plastica-finalista-al-festival-international-du-theatre-professionnel-a-fes-in-marocco-8a-edizione\/gente-di-plastica-05-foto-di-mirko-tommasino\/'><img loading=\"lazy\" decoding=\"async\" width=\"150\" height=\"150\" src=\"https:\/\/www.ulisseland.com\/journal\/wp-content\/uploads\/2012\/05\/Gente-Di-Plastica-05-Foto-di-Mirko-Tommasino-150x150.jpg\" class=\"attachment-thumbnail size-thumbnail\" alt=\"\" \/><\/a>\n\t\t\t<\/div><\/figure><figure class='gallery-item'>\n\t\t\t<div class='gallery-icon landscape'>\n\t\t\t\t<a href='https:\/\/www.ulisseland.com\/journal\/formia-gente-di-plastica-finalista-al-festival-international-du-theatre-professionnel-a-fes-in-marocco-8a-edizione\/gente-di-plastica-12-foto-di-fabio-marino\/'><img loading=\"lazy\" decoding=\"async\" width=\"150\" height=\"150\" src=\"https:\/\/www.ulisseland.com\/journal\/wp-content\/uploads\/2012\/05\/Gente-Di-Plastica-12-Foto-di-Fabio-Marino-150x150.jpg\" class=\"attachment-thumbnail size-thumbnail\" alt=\"\" \/><\/a>\n\t\t\t<\/div><\/figure><figure class='gallery-item'>\n\t\t\t<div class='gallery-icon landscape'>\n\t\t\t\t<a href='https:\/\/www.ulisseland.com\/journal\/formia-gente-di-plastica-finalista-al-festival-international-du-theatre-professionnel-a-fes-in-marocco-8a-edizione\/gente-di-plastica-26-foto-di-fabio-marino\/'><img loading=\"lazy\" decoding=\"async\" width=\"150\" height=\"150\" src=\"https:\/\/www.ulisseland.com\/journal\/wp-content\/uploads\/2012\/05\/Gente-Di-Plastica-26-Foto-di-Fabio-Marino-150x150.jpg\" class=\"attachment-thumbnail size-thumbnail\" alt=\"\" \/><\/a>\n\t\t\t<\/div><\/figure>\n\t\t<\/div>\n\n","protected":false},"excerpt":{"rendered":"<p>COMUNICATO STAMPA GENTE DI PLASTICA finalista al Festival International du Th\u00e9\u00e2tre Professionnel \u00e0 F\u00e8s in Marocco &#8211; 8\u00aa edizione Altra grandissima affermazione internazionale per la Compagnia Teatrale Costellazione: il suo spettacolo GENTE DI PLASTICA, ideazione-drammaturgia e regia di Roberta Costantini, rappresenter\u00e0 l&#8217;Italia durante l&#8217; 8\u00aa edizione del Festival International du Th\u00e9\u00e2tre Professionnel \u00e0 F\u00e8s in<\/p>\n","protected":false},"author":1,"featured_media":0,"comment_status":"open","ping_status":"open","sticky":false,"template":"","format":"standard","meta":{"footnotes":""},"categories":[12,33],"tags":[],"class_list":["post-2534","post","type-post","status-publish","format-standard","hentry","category-cultura","category-teatro"],"_links":{"self":[{"href":"https:\/\/www.ulisseland.com\/journal\/wp-json\/wp\/v2\/posts\/2534","targetHints":{"allow":["GET"]}}],"collection":[{"href":"https:\/\/www.ulisseland.com\/journal\/wp-json\/wp\/v2\/posts"}],"about":[{"href":"https:\/\/www.ulisseland.com\/journal\/wp-json\/wp\/v2\/types\/post"}],"author":[{"embeddable":true,"href":"https:\/\/www.ulisseland.com\/journal\/wp-json\/wp\/v2\/users\/1"}],"replies":[{"embeddable":true,"href":"https:\/\/www.ulisseland.com\/journal\/wp-json\/wp\/v2\/comments?post=2534"}],"version-history":[{"count":5,"href":"https:\/\/www.ulisseland.com\/journal\/wp-json\/wp\/v2\/posts\/2534\/revisions"}],"predecessor-version":[{"id":2543,"href":"https:\/\/www.ulisseland.com\/journal\/wp-json\/wp\/v2\/posts\/2534\/revisions\/2543"}],"wp:attachment":[{"href":"https:\/\/www.ulisseland.com\/journal\/wp-json\/wp\/v2\/media?parent=2534"}],"wp:term":[{"taxonomy":"category","embeddable":true,"href":"https:\/\/www.ulisseland.com\/journal\/wp-json\/wp\/v2\/categories?post=2534"},{"taxonomy":"post_tag","embeddable":true,"href":"https:\/\/www.ulisseland.com\/journal\/wp-json\/wp\/v2\/tags?post=2534"}],"curies":[{"name":"wp","href":"https:\/\/api.w.org\/{rel}","templated":true}]}}