{"id":2530,"date":"2012-05-17T12:43:24","date_gmt":"2012-05-17T10:43:24","guid":{"rendered":"http:\/\/www.ulisseland.com\/journal\/?p=2530&#038;lang=it"},"modified":"2012-05-17T12:43:24","modified_gmt":"2012-05-17T10:43:24","slug":"formia-68-anniversario-della-liberazione-di-formia-la-citta-ricorda-e-commemora","status":"publish","type":"post","link":"https:\/\/www.ulisseland.com\/journal\/formia-68-anniversario-della-liberazione-di-formia-la-citta-ricorda-e-commemora\/","title":{"rendered":"FORMIA: 68\u00b0 Anniversario della Liberazione di Formia, la citt\u00e0 ricorda e commemora"},"content":{"rendered":"<p>La Citt\u00e0 Formia celebra venerd\u00ec 18 maggio il 68\u00b0 Anniversario della sua liberazione.<\/p>\n<p>\u201cUna data quella del 18 maggio 1944 \u2013 afferma il sindaco Forte &#8211; che pose fine alla distruzione di una citt\u00e0 e alle sofferenze di una popolazione, decimata dal fuoco nemico e da terrificanti bombardamenti.<\/p>\n<p>All\u2019alba del 18 maggio la collina di Montecassino era in mano alleata, la lunga battaglia di sfondamento della linea Gustav era conclusa e la strada verso Roma per le truppe alleate finalmente era aperta. In successione vengono liberati paesi e citt\u00e0 del Lazio meridionale. La 85\u00b0 divisione americana entra alle porte di \u00a0Formia la sera del 17 maggio ed il giorno successivo libera la citt\u00e0. E\u2019 la liberazione, la ritrovata libert\u00e0, l\u2019inizio di un ciclo nuovo per la democrazia ed il futuro del nostro paese.<\/p>\n<p>La commemorazione di questa data \u2013 continua il sindaco &#8211; assume un valore ed un significato sofferto, una riflessione per meglio capire e comprendere la tragedia della guerra. Un momento collettivo di risveglio, orgoglio e di riscatto per ripartire tutti insieme, \u00a0in uno spirito unitario di solidariet\u00e0 e partecipazione nazionale.<\/p>\n<p>Il Comune di Formia ricorda e commemora quel 18 maggio nell\u2019anno delle celebrazioni\u00a0 dei 150 anni della istituzione del Comune di Formia. Una tappa fondamentale nella storia di una Comunit\u00e0 che ha saputo rimboccarsi le maniche e ricostruire dalle macerie edifici, fabbriche, \u00a0ponti, \u00a0scuole e \u00a0piazze. Un Risorgimento formiano frutto di sacrifici e speranze; una crescita sociale e culturale per ricucire e ricomporre tenacemente il tessuto urbano e sociale. la ripresa economica e commerciale, il rilancio di attivit\u00e0 e servizi. Il boom degli anni 60\u2019con la ripresa e la crescita economica, lo sviluppo turistico, le prime infrastrutture portuali e viarie, ha consolidato e concluso il lungo percorso di ricostruzione. Oggi possiamo affermare con soddisfazione di aver lottato e creduto per la rinascita e la consacrazione della nostra citt\u00e0 nel panorama dei Comuni d\u2019Italia.<\/p>\n<p>Tutto questo fa parte della nostra memoria storica. Valori, ideali e tradizione che dobbiamo rispettare e difendere nel ricordo di quegli anni bui, di dolore e dramma, miseria e fame. I nostri padri seppero reagire e voltare pagina, la ricostruzione nel\u00a0 motto fedele \u201c Post Fata Resurgo\u201d alla fine venne completata e realizzata.<\/p>\n<p>A testimonianza del nostro lungo percorso, per far rivivere le tappe della nostra storia, l\u2019assessorato alla cultura ha organizzato presso la Biblioteca Comunale\u00a0 una mostra fotografica documentaria che sar\u00e0 inaugurata luned\u00ec 21 maggio.<\/p>\n<p>La corona che depositeremo ai piedi del Monumento ai Caduti \u2013 conclude il sindaco &#8211; vuole significare e rappresentare il doveroso omaggio della citt\u00e0 ai suoi figli caduti. Un gesto di riconoscenza e di affetto nel ricordo degli ideali di libert\u00e0 e di amore per la propria Patria. Sono questi i sentimenti che ci spingono oggi\u00a0 a ricordare, commemorare e festeggiare dopo 68 anni una pagina esaltante della nostra storia di citt\u00e0 e di popolo\u201d.<\/p>\n<p>Il Direttore<\/p>\n<p>Dott. Sergio Monforte<\/p>\n<p style=\"text-align: center;\"><a href=\"https:\/\/www.ulisseland.com\/journal\/wp-content\/uploads\/2012\/05\/w18-Maggio-2012-aprile2012.jpg\"><img loading=\"lazy\" decoding=\"async\" class=\"aligncenter  wp-image-2531\" title=\"w18 Maggio 2012 aprile2012\" src=\"https:\/\/www.ulisseland.com\/journal\/wp-content\/uploads\/2012\/05\/w18-Maggio-2012-aprile2012.jpg\" alt=\"\" width=\"579\" height=\"847\" srcset=\"https:\/\/www.ulisseland.com\/journal\/wp-content\/uploads\/2012\/05\/w18-Maggio-2012-aprile2012.jpg 1969w, https:\/\/www.ulisseland.com\/journal\/wp-content\/uploads\/2012\/05\/w18-Maggio-2012-aprile2012-699x1024.jpg 699w\" sizes=\"auto, (max-width: 579px) 100vw, 579px\" \/><\/a><\/p>\n","protected":false},"excerpt":{"rendered":"<p>La Citt\u00e0 Formia celebra venerd\u00ec 18 maggio il 68\u00b0 Anniversario della sua liberazione. \u201cUna data quella del 18 maggio 1944 \u2013 afferma il sindaco Forte &#8211; che pose fine alla distruzione di una citt\u00e0 e alle sofferenze di una popolazione, decimata dal fuoco nemico e da terrificanti bombardamenti. All\u2019alba del 18 maggio la collina di<\/p>\n","protected":false},"author":1,"featured_media":0,"comment_status":"open","ping_status":"open","sticky":false,"template":"","format":"standard","meta":{"footnotes":""},"categories":[14,11],"tags":[],"class_list":["post-2530","post","type-post","status-publish","format-standard","hentry","category-comune-di-formia","category-enti"],"_links":{"self":[{"href":"https:\/\/www.ulisseland.com\/journal\/wp-json\/wp\/v2\/posts\/2530","targetHints":{"allow":["GET"]}}],"collection":[{"href":"https:\/\/www.ulisseland.com\/journal\/wp-json\/wp\/v2\/posts"}],"about":[{"href":"https:\/\/www.ulisseland.com\/journal\/wp-json\/wp\/v2\/types\/post"}],"author":[{"embeddable":true,"href":"https:\/\/www.ulisseland.com\/journal\/wp-json\/wp\/v2\/users\/1"}],"replies":[{"embeddable":true,"href":"https:\/\/www.ulisseland.com\/journal\/wp-json\/wp\/v2\/comments?post=2530"}],"version-history":[{"count":2,"href":"https:\/\/www.ulisseland.com\/journal\/wp-json\/wp\/v2\/posts\/2530\/revisions"}],"predecessor-version":[{"id":2533,"href":"https:\/\/www.ulisseland.com\/journal\/wp-json\/wp\/v2\/posts\/2530\/revisions\/2533"}],"wp:attachment":[{"href":"https:\/\/www.ulisseland.com\/journal\/wp-json\/wp\/v2\/media?parent=2530"}],"wp:term":[{"taxonomy":"category","embeddable":true,"href":"https:\/\/www.ulisseland.com\/journal\/wp-json\/wp\/v2\/categories?post=2530"},{"taxonomy":"post_tag","embeddable":true,"href":"https:\/\/www.ulisseland.com\/journal\/wp-json\/wp\/v2\/tags?post=2530"}],"curies":[{"name":"wp","href":"https:\/\/api.w.org\/{rel}","templated":true}]}}