{"id":2424,"date":"2012-05-15T10:50:58","date_gmt":"2012-05-15T08:50:58","guid":{"rendered":"http:\/\/www.ulisseland.com\/journal\/?p=2424&#038;lang=it"},"modified":"2012-05-17T10:24:39","modified_gmt":"2012-05-17T08:24:39","slug":"melito-di-porto-salvo-convegno-fidapa-bergamotto","status":"publish","type":"post","link":"https:\/\/www.ulisseland.com\/journal\/melito-di-porto-salvo-convegno-fidapa-bergamotto\/","title":{"rendered":"MELITO DI PORTO SALVO: Convegno Fidapa Bergamotto"},"content":{"rendered":"<p>Si \u00e8 svolto a Melito P.S, domenica 13 maggio alle ore 17,30, in via del Fortino, un interessante Convegno organizzato dalla F.I.D.A.P.A. con il patrocino del Comune di Melito P.S. dal tema: \u201dSUA ECCELLENZA IL BERGAMOTTO\u201d.<\/p>\n<p><a href=\"https:\/\/www.ulisseland.com\/journal\/wp-content\/uploads\/2012\/05\/DSCF5744_400x600_thumb.jpg\"><img loading=\"lazy\" decoding=\"async\" class=\"alignleft  wp-image-2501\" title=\"DSCF5744_400x600_thumb\" src=\"https:\/\/www.ulisseland.com\/journal\/wp-content\/uploads\/2012\/05\/DSCF5744_400x600_thumb-201x300.jpg\" alt=\"\" width=\"141\" height=\"210\" srcset=\"https:\/\/www.ulisseland.com\/journal\/wp-content\/uploads\/2012\/05\/DSCF5744_400x600_thumb-201x300.jpg 201w, https:\/\/www.ulisseland.com\/journal\/wp-content\/uploads\/2012\/05\/DSCF5744_400x600_thumb.jpg 321w\" sizes=\"auto, (max-width: 141px) 100vw, 141px\" \/><\/a>Tosca Pizzi, ha letto 3 poesie della poetessa Natina Pizzi.<\/p>\n<p>La stessa poetessa\u00a0ha consegnato una pergamena a Ezio Pizzi Presidente del Consorzio di tutela del Bergamotto, presente al Convegno.<\/p>\n<p>La Presidente della Fidapa di Melito P.S. Luisella Marra\u00a0ha portato i saluti della Fidapa a tutte le Autorit\u00e0 presenti e ai partecipanti.<\/p>\n<p><a href=\"https:\/\/www.ulisseland.com\/journal\/wp-content\/uploads\/2012\/05\/DSCF5665_800x533_thumb.jpg\"><img loading=\"lazy\" decoding=\"async\" class=\"alignright  wp-image-2490\" title=\"DSCF5665_800x533_thumb\" src=\"https:\/\/www.ulisseland.com\/journal\/wp-content\/uploads\/2012\/05\/DSCF5665_800x533_thumb-300x200.jpg\" alt=\"\" width=\"210\" height=\"140\" srcset=\"https:\/\/www.ulisseland.com\/journal\/wp-content\/uploads\/2012\/05\/DSCF5665_800x533_thumb-300x200.jpg 300w, https:\/\/www.ulisseland.com\/journal\/wp-content\/uploads\/2012\/05\/DSCF5665_800x533_thumb.jpg 689w\" sizes=\"auto, (max-width: 210px) 100vw, 210px\" \/><\/a>Il Convegno \u00e8 stato introdotto e coordinato da Patrizia Bognoni\u00a0che oltre a introdurre i partecipanti, ha ricordato il Prof. Antonio Familiari che si \u00e8 sempre occupato di questa materia con grande professionalit\u00e0.<\/p>\n<p>E\u2019 intervenuto il Sindaco del Comune di Melito P.S. Gesualdo Costantino che ha salutato i presenti ed ha augurato buon lavoro a nome del Comune di Melito P.S.<\/p>\n<p>Subito dopo ha relazionato il Presidente del Consorzio di tutela del Bergamotto Ezio Pizzi su:\u201dRealt\u00e0 e prospettive di sviluppo Economico-Sociale\u201d.<\/p>\n<p>Ha fatto un excursus sulle modalit\u00e0 di gestione dell\u2019essenza nel passato, ha parlato dei protocolli promossi, deii prezzi di mercato dell\u2019essenza ieri e oggi. Ha chiarito che dal punto di vista commerciale l\u2019essenza del bergamotto \u00e8 nella nostra Provincia il primo prodotto venduto a parit\u00e0 di condizione. La politica deve dare un pizzico in pi\u00f9 di attenzione a questo settore. Oggi al Consorzio di tutela del Bergamotto risultano iscritte 346 imprese agricole.<\/p>\n<p>Per essere competitivi \u00e8 necessario evitare le falsificazioni riducendole al massimo. Sono di seguito riportati in appositi video gli interventi pi\u00f9 interessanti.<\/p>\n<p><a href=\"https:\/\/www.ulisseland.com\/journal\/wp-content\/uploads\/2012\/05\/DSCF5680_800x533_thumb.jpg\"><img loading=\"lazy\" decoding=\"async\" class=\"alignleft  wp-image-2493\" title=\"DSCF5680_800x533_thumb\" src=\"https:\/\/www.ulisseland.com\/journal\/wp-content\/uploads\/2012\/05\/DSCF5680_800x533_thumb-300x200.jpg\" alt=\"\" width=\"210\" height=\"140\" srcset=\"https:\/\/www.ulisseland.com\/journal\/wp-content\/uploads\/2012\/05\/DSCF5680_800x533_thumb-300x200.jpg 300w, https:\/\/www.ulisseland.com\/journal\/wp-content\/uploads\/2012\/05\/DSCF5680_800x533_thumb.jpg 695w\" sizes=\"auto, (max-width: 210px) 100vw, 210px\" \/><\/a>Dopo il presidente Pizzi hanno preso la parola la Responsabile del Distretto Meridionale della Fidapa.<\/p>\n<p>L\u2019Aula era gremita.\u00a0In prima fila i Sindaci e Autorit\u00e0 Varie.<\/p>\n<p>Giovanni Sindona Prof. Ord. di Chimica Organica dell\u2019Universit\u00e0 della Calabria \u00e8 intervenuto sul tema:\u201dRICERCA SCIENTIFICA E BERGAMOTTO: LE NUOVE FRONTIERE\u201d.<\/p>\n<p>Giovanni Bisignani Direttore dell\u2019U.O. di Cardiologia dell\u2019Ospedale di Castrovillari ha relazionato sul tema:\u201dIL BERGAMOTTO, AMICO DEL CUORE\u201d.<\/p>\n<p>Subito dopo \u00e8 intervenuto Natale Barbera Prof. Ordinario di Medicina Interna dell\u2019Universit\u00e0 di Messina su: BERGAMOTTO, CLIMA, AMBIENTE\u201d.<\/p>\n<p>Alla fine del Convegno vi \u00e8 stata una degustazione di prodotti al bergamotto curato dall\u2019Istituto Alberghiero \u201cDea Persefone\u201d di Condofuri Marina,\u00a0i cui allievi erano guidati dal Presidente dell\u2019Associazione \u201cIal\u00f2 tu Vua\u201d di Bova Marina Antonella Casile.<\/p>\n<p>daniele dattola<\/p>\n<div id='gallery-1' class='gallery galleryid-2424 gallery-columns-4 gallery-size-thumbnail'><figure class='gallery-item'>\n\t\t\t<div class='gallery-icon landscape'>\n\t\t\t\t<a href='https:\/\/www.ulisseland.com\/journal\/melito-di-porto-salvo-convegno-fidapa-bergamotto\/dscf5882_800x533_thumb\/'><img loading=\"lazy\" decoding=\"async\" width=\"150\" height=\"150\" src=\"https:\/\/www.ulisseland.com\/journal\/wp-content\/uploads\/2012\/05\/DSCF5882_800x533_thumb-150x150.jpg\" class=\"attachment-thumbnail size-thumbnail\" alt=\"\" \/><\/a>\n\t\t\t<\/div><\/figure><figure class='gallery-item'>\n\t\t\t<div class='gallery-icon landscape'>\n\t\t\t\t<a href='https:\/\/www.ulisseland.com\/journal\/melito-di-porto-salvo-convegno-fidapa-bergamotto\/dscf5665_800x533_thumb\/'><img loading=\"lazy\" decoding=\"async\" width=\"150\" height=\"150\" src=\"https:\/\/www.ulisseland.com\/journal\/wp-content\/uploads\/2012\/05\/DSCF5665_800x533_thumb-150x150.jpg\" class=\"attachment-thumbnail size-thumbnail\" alt=\"\" \/><\/a>\n\t\t\t<\/div><\/figure><figure class='gallery-item'>\n\t\t\t<div class='gallery-icon landscape'>\n\t\t\t\t<a href='https:\/\/www.ulisseland.com\/journal\/melito-di-porto-salvo-convegno-fidapa-bergamotto\/dscf5675_800x533_thumb\/'><img loading=\"lazy\" decoding=\"async\" width=\"150\" height=\"150\" src=\"https:\/\/www.ulisseland.com\/journal\/wp-content\/uploads\/2012\/05\/DSCF5675_800x533_thumb-150x150.jpg\" class=\"attachment-thumbnail size-thumbnail\" alt=\"\" \/><\/a>\n\t\t\t<\/div><\/figure><figure class='gallery-item'>\n\t\t\t<div class='gallery-icon landscape'>\n\t\t\t\t<a href='https:\/\/www.ulisseland.com\/journal\/melito-di-porto-salvo-convegno-fidapa-bergamotto\/dscf5679_800x533_thumb\/'><img loading=\"lazy\" decoding=\"async\" width=\"150\" height=\"150\" src=\"https:\/\/www.ulisseland.com\/journal\/wp-content\/uploads\/2012\/05\/DSCF5679_800x533_thumb-150x150.jpg\" class=\"attachment-thumbnail size-thumbnail\" alt=\"\" \/><\/a>\n\t\t\t<\/div><\/figure><figure class='gallery-item'>\n\t\t\t<div class='gallery-icon landscape'>\n\t\t\t\t<a href='https:\/\/www.ulisseland.com\/journal\/melito-di-porto-salvo-convegno-fidapa-bergamotto\/dscf5680_800x533_thumb\/'><img loading=\"lazy\" decoding=\"async\" width=\"150\" height=\"150\" src=\"https:\/\/www.ulisseland.com\/journal\/wp-content\/uploads\/2012\/05\/DSCF5680_800x533_thumb-150x150.jpg\" class=\"attachment-thumbnail size-thumbnail\" alt=\"\" \/><\/a>\n\t\t\t<\/div><\/figure><figure class='gallery-item'>\n\t\t\t<div class='gallery-icon landscape'>\n\t\t\t\t<a href='https:\/\/www.ulisseland.com\/journal\/melito-di-porto-salvo-convegno-fidapa-bergamotto\/dscf5694_800x533_thumb\/'><img loading=\"lazy\" decoding=\"async\" width=\"150\" height=\"150\" src=\"https:\/\/www.ulisseland.com\/journal\/wp-content\/uploads\/2012\/05\/DSCF5694_800x533_thumb-150x150.jpg\" class=\"attachment-thumbnail size-thumbnail\" alt=\"\" \/><\/a>\n\t\t\t<\/div><\/figure><figure class='gallery-item'>\n\t\t\t<div class='gallery-icon landscape'>\n\t\t\t\t<a href='https:\/\/www.ulisseland.com\/journal\/melito-di-porto-salvo-convegno-fidapa-bergamotto\/dscf5696_800x533_thumb\/'><img loading=\"lazy\" decoding=\"async\" width=\"150\" height=\"150\" src=\"https:\/\/www.ulisseland.com\/journal\/wp-content\/uploads\/2012\/05\/DSCF5696_800x533_thumb-150x150.jpg\" class=\"attachment-thumbnail size-thumbnail\" alt=\"\" \/><\/a>\n\t\t\t<\/div><\/figure><figure class='gallery-item'>\n\t\t\t<div class='gallery-icon landscape'>\n\t\t\t\t<a href='https:\/\/www.ulisseland.com\/journal\/melito-di-porto-salvo-convegno-fidapa-bergamotto\/dscf5700_800x533_thumb\/'><img loading=\"lazy\" decoding=\"async\" width=\"150\" height=\"150\" src=\"https:\/\/www.ulisseland.com\/journal\/wp-content\/uploads\/2012\/05\/DSCF5700_800x533_thumb-150x150.jpg\" class=\"attachment-thumbnail size-thumbnail\" alt=\"\" \/><\/a>\n\t\t\t<\/div><\/figure><figure class='gallery-item'>\n\t\t\t<div class='gallery-icon landscape'>\n\t\t\t\t<a href='https:\/\/www.ulisseland.com\/journal\/melito-di-porto-salvo-convegno-fidapa-bergamotto\/dscf5702_800x533_thumb\/'><img loading=\"lazy\" decoding=\"async\" width=\"150\" height=\"150\" src=\"https:\/\/www.ulisseland.com\/journal\/wp-content\/uploads\/2012\/05\/DSCF5702_800x533_thumb-150x150.jpg\" class=\"attachment-thumbnail size-thumbnail\" alt=\"\" \/><\/a>\n\t\t\t<\/div><\/figure><figure class='gallery-item'>\n\t\t\t<div class='gallery-icon landscape'>\n\t\t\t\t<a href='https:\/\/www.ulisseland.com\/journal\/melito-di-porto-salvo-convegno-fidapa-bergamotto\/dscf5707_800x533_thumb\/'><img loading=\"lazy\" decoding=\"async\" width=\"150\" height=\"150\" src=\"https:\/\/www.ulisseland.com\/journal\/wp-content\/uploads\/2012\/05\/DSCF5707_800x533_thumb-150x150.jpg\" class=\"attachment-thumbnail size-thumbnail\" alt=\"\" \/><\/a>\n\t\t\t<\/div><\/figure><figure class='gallery-item'>\n\t\t\t<div class='gallery-icon landscape'>\n\t\t\t\t<a href='https:\/\/www.ulisseland.com\/journal\/melito-di-porto-salvo-convegno-fidapa-bergamotto\/dscf5709_800x533_thumb\/'><img loading=\"lazy\" decoding=\"async\" width=\"150\" height=\"150\" src=\"https:\/\/www.ulisseland.com\/journal\/wp-content\/uploads\/2012\/05\/DSCF5709_800x533_thumb-150x150.jpg\" class=\"attachment-thumbnail size-thumbnail\" alt=\"\" \/><\/a>\n\t\t\t<\/div><\/figure><figure class='gallery-item'>\n\t\t\t<div class='gallery-icon landscape'>\n\t\t\t\t<a href='https:\/\/www.ulisseland.com\/journal\/melito-di-porto-salvo-convegno-fidapa-bergamotto\/dscf5737_800x533_thumb\/'><img loading=\"lazy\" decoding=\"async\" width=\"150\" height=\"150\" src=\"https:\/\/www.ulisseland.com\/journal\/wp-content\/uploads\/2012\/05\/DSCF5737_800x533_thumb-150x150.jpg\" class=\"attachment-thumbnail size-thumbnail\" alt=\"\" \/><\/a>\n\t\t\t<\/div><\/figure><figure class='gallery-item'>\n\t\t\t<div class='gallery-icon portrait'>\n\t\t\t\t<a href='https:\/\/www.ulisseland.com\/journal\/melito-di-porto-salvo-convegno-fidapa-bergamotto\/dscf5744_400x600_thumb\/'><img loading=\"lazy\" decoding=\"async\" width=\"150\" height=\"150\" src=\"https:\/\/www.ulisseland.com\/journal\/wp-content\/uploads\/2012\/05\/DSCF5744_400x600_thumb-150x150.jpg\" class=\"attachment-thumbnail size-thumbnail\" alt=\"\" \/><\/a>\n\t\t\t<\/div><\/figure><figure class='gallery-item'>\n\t\t\t<div class='gallery-icon landscape'>\n\t\t\t\t<a href='https:\/\/www.ulisseland.com\/journal\/melito-di-porto-salvo-convegno-fidapa-bergamotto\/dscf5770_800x533_thumb\/'><img loading=\"lazy\" decoding=\"async\" width=\"150\" height=\"150\" src=\"https:\/\/www.ulisseland.com\/journal\/wp-content\/uploads\/2012\/05\/DSCF5770_800x533_thumb-150x150.jpg\" class=\"attachment-thumbnail size-thumbnail\" alt=\"\" \/><\/a>\n\t\t\t<\/div><\/figure><figure class='gallery-item'>\n\t\t\t<div class='gallery-icon landscape'>\n\t\t\t\t<a href='https:\/\/www.ulisseland.com\/journal\/melito-di-porto-salvo-convegno-fidapa-bergamotto\/dscf5842_800x533_thumb\/'><img loading=\"lazy\" decoding=\"async\" width=\"150\" height=\"150\" src=\"https:\/\/www.ulisseland.com\/journal\/wp-content\/uploads\/2012\/05\/DSCF5842_800x533_thumb-150x150.jpg\" class=\"attachment-thumbnail size-thumbnail\" alt=\"\" \/><\/a>\n\t\t\t<\/div><\/figure><figure class='gallery-item'>\n\t\t\t<div class='gallery-icon portrait'>\n\t\t\t\t<a href='https:\/\/www.ulisseland.com\/journal\/melito-di-porto-salvo-convegno-fidapa-bergamotto\/dscf5848_800x533_thumb\/'><img loading=\"lazy\" decoding=\"async\" width=\"150\" height=\"150\" src=\"https:\/\/www.ulisseland.com\/journal\/wp-content\/uploads\/2012\/05\/DSCF5848_800x533_thumb-150x150.jpg\" class=\"attachment-thumbnail size-thumbnail\" alt=\"\" \/><\/a>\n\t\t\t<\/div><\/figure>\n\t\t<\/div>\n\n<div align=\"center\">\n<object width=\"560\" height=\"315\"><param name=\"movie\" value=\"http:\/\/www.youtube.com\/v\/wZ-Dxs5zNDE?version=3&amp;hl=it_IT\"><\/param><param name=\"allowFullScreen\" value=\"true\"><\/param><param name=\"allowscriptaccess\" value=\"always\"><\/param><embed src=\"http:\/\/www.youtube.com\/v\/wZ-Dxs5zNDE?version=3&amp;hl=it_IT\" type=\"application\/x-shockwave-flash\" width=\"560\" height=\"315\" allowscriptaccess=\"always\" allowfullscreen=\"true\"><\/embed><\/object>\n<\/div>\n<div align=\"center\">\n<object width=\"560\" height=\"315\"><param name=\"movie\" value=\"http:\/\/www.youtube.com\/v\/5qwkI1vitko?version=3&amp;hl=it_IT\"><\/param><param name=\"allowFullScreen\" value=\"true\"><\/param><param name=\"allowscriptaccess\" value=\"always\"><\/param><embed src=\"http:\/\/www.youtube.com\/v\/5qwkI1vitko?version=3&amp;hl=it_IT\" type=\"application\/x-shockwave-flash\" width=\"560\" height=\"315\" allowscriptaccess=\"always\" allowfullscreen=\"true\"><\/embed><\/object>\n<\/div>\n<div align=\"center\">\n<object width=\"560\" height=\"315\"><param name=\"movie\" value=\"http:\/\/www.youtube.com\/v\/2MKIlTHjgMk?version=3&amp;hl=it_IT\"><\/param><param name=\"allowFullScreen\" value=\"true\"><\/param><param name=\"allowscriptaccess\" value=\"always\"><\/param><embed src=\"http:\/\/www.youtube.com\/v\/2MKIlTHjgMk?version=3&amp;hl=it_IT\" type=\"application\/x-shockwave-flash\" width=\"560\" height=\"315\" allowscriptaccess=\"always\" allowfullscreen=\"true\"><\/embed><\/object>\n<\/div>\n<div align=\"center\">\n<object width=\"560\" height=\"315\"><param name=\"movie\" value=\"http:\/\/www.youtube.com\/v\/dw3XiN1fX-Q?version=3&amp;hl=it_IT\"><\/param><param name=\"allowFullScreen\" value=\"true\"><\/param><param name=\"allowscriptaccess\" value=\"always\"><\/param><embed src=\"http:\/\/www.youtube.com\/v\/dw3XiN1fX-Q?version=3&amp;hl=it_IT\" type=\"application\/x-shockwave-flash\" width=\"560\" height=\"315\" allowscriptaccess=\"always\" allowfullscreen=\"true\"><\/embed><\/object>\n<\/div>\n","protected":false},"excerpt":{"rendered":"<p>Si \u00e8 svolto a Melito P.S, domenica 13 maggio alle ore 17,30, in via del Fortino, un interessante Convegno organizzato dalla F.I.D.A.P.A. con il patrocino del Comune di Melito P.S. dal tema: \u201dSUA ECCELLENZA IL BERGAMOTTO\u201d. Tosca Pizzi, ha letto 3 poesie della poetessa Natina Pizzi. La stessa poetessa\u00a0ha consegnato una pergamena a Ezio Pizzi<\/p>\n","protected":false},"author":1,"featured_media":0,"comment_status":"open","ping_status":"open","sticky":false,"template":"","format":"standard","meta":{"footnotes":""},"categories":[36,11],"tags":[],"class_list":["post-2424","post","type-post","status-publish","format-standard","hentry","category-comune-di-melito-di-porto-salvo","category-enti"],"_links":{"self":[{"href":"https:\/\/www.ulisseland.com\/journal\/wp-json\/wp\/v2\/posts\/2424","targetHints":{"allow":["GET"]}}],"collection":[{"href":"https:\/\/www.ulisseland.com\/journal\/wp-json\/wp\/v2\/posts"}],"about":[{"href":"https:\/\/www.ulisseland.com\/journal\/wp-json\/wp\/v2\/types\/post"}],"author":[{"embeddable":true,"href":"https:\/\/www.ulisseland.com\/journal\/wp-json\/wp\/v2\/users\/1"}],"replies":[{"embeddable":true,"href":"https:\/\/www.ulisseland.com\/journal\/wp-json\/wp\/v2\/comments?post=2424"}],"version-history":[{"count":6,"href":"https:\/\/www.ulisseland.com\/journal\/wp-json\/wp\/v2\/posts\/2424\/revisions"}],"predecessor-version":[{"id":2426,"href":"https:\/\/www.ulisseland.com\/journal\/wp-json\/wp\/v2\/posts\/2424\/revisions\/2426"}],"wp:attachment":[{"href":"https:\/\/www.ulisseland.com\/journal\/wp-json\/wp\/v2\/media?parent=2424"}],"wp:term":[{"taxonomy":"category","embeddable":true,"href":"https:\/\/www.ulisseland.com\/journal\/wp-json\/wp\/v2\/categories?post=2424"},{"taxonomy":"post_tag","embeddable":true,"href":"https:\/\/www.ulisseland.com\/journal\/wp-json\/wp\/v2\/tags?post=2424"}],"curies":[{"name":"wp","href":"https:\/\/api.w.org\/{rel}","templated":true}]}}