{"id":2420,"date":"2012-05-15T10:36:17","date_gmt":"2012-05-15T08:36:17","guid":{"rendered":"http:\/\/www.ulisseland.com\/journal\/?p=2420&#038;lang=it"},"modified":"2012-05-15T10:36:17","modified_gmt":"2012-05-15T08:36:17","slug":"minturno-un-intervento-del-candidato-sindaco-paolo-graziano","status":"publish","type":"post","link":"https:\/\/www.ulisseland.com\/journal\/minturno-un-intervento-del-candidato-sindaco-paolo-graziano\/","title":{"rendered":"MINTURNO: UN INTERVENTO DEL CANDIDATO SINDACO PAOLO GRAZIANO"},"content":{"rendered":"<p><img loading=\"lazy\" decoding=\"async\" class=\"alignleft size-medium wp-image-2421\" title=\"Paolo-Graziano\" src=\"https:\/\/www.ulisseland.com\/journal\/wp-content\/uploads\/2012\/05\/Paolo-Graziano-200x300.jpg\" alt=\"\" width=\"200\" height=\"300\" srcset=\"https:\/\/www.ulisseland.com\/journal\/wp-content\/uploads\/2012\/05\/Paolo-Graziano-200x300.jpg 200w, https:\/\/www.ulisseland.com\/journal\/wp-content\/uploads\/2012\/05\/Paolo-Graziano.jpg 300w\" sizes=\"auto, (max-width: 200px) 100vw, 200px\" \/><\/p>\n<p>Il tema principale che la prossima amministrazione dovr\u00e0 affrontare \u00e8 quello del rilancio economico di Minturno.<\/p>\n<p>La ricetta che io propongo passa attraverso la riqualificazione del territorio e un adeguato supporto a imprenditori e investitori. Su quest\u2019ultimo aspetto le istituzioni comunali possono fare molto, impedendo che la macchina burocratica soffochi le iniziative economiche e produttive. Personalmente ho gi\u00e0 agito sul fronte provinciale, promuovendo i \u2018Patti Territoriali per il Turismo\u2019, un sistema in grado di semplificare le procedure per la realizzazione di investimenti, trovando appoggio e condivisione da parte dell&#8217;allora Assessore al Turismo e dell\u2019ex Sindaco Galasso.<\/p>\n<p>Nei comuni aderenti al programma, gli imprenditori trasmettono i propri progetti all\u2019amministrazione locale che supporta la loro realizzazione in concerto conla Provinciaela Regione, dopo averne valutato il potenziale di crescita per il territorio e le migliori modalit\u00e0 di realizzazione, che devono comunque conformarsi ai piani generali di sviluppo locale. \u00a0In caso di vittoria daremo grande risalto a questo strumento facilitatore per gli investimenti.<\/p>\n<p>Accanto ai citati Patti Territoriali, credo che la futura amministrazione debba riproporre con forza all&#8217;attenzione della Giunta Regionale il tema della tutela del mare del Golfo di Gaeta e della bonifica ambientale. Ritengo che debba essere ripristinato nei rispettivi capitoli di spesa il milione e mezzo di euro gi\u00e0 stanziato per l\u2019adeguamento dei depuratori di Itri, Formia e Gaeta, previsti dalla delibera dell\u2019Area Sensibile (n. 116 del 19 Febbraio 2010) che con la finanziaria del 2011la Regione Lazioha stornato penalizzando pesantemente la nostra comunit\u00e0, nell\u2019indifferenza dei rappresentanti regionali eletti nel Golfo di Gaeta.<\/p>\n<p><strong><br \/>\nPaolo Graziano &#8211; Candidato sindaco Comune di Minturno<\/strong>Personalmente ho gi\u00e0 contribuito alla tutela del mare dotando il Comune dell\u2019unico depuratore del Golfo realmente adeguato, come sembrano confermare ultimissimi dati sulla balneabilit\u00e0 delle acque pubblicati dalla Regione Lazio, che giudicano \u2018eccellente\u2019 la qualit\u00e0 del mare di Minturno in relazione alla concentrazione di streptococchi fecali e degli escherichia coli. Tuttavia a quanti fanno il bagno sulle nostre spiagge appare chiaro che questo parametro non \u00e8 ancora sufficiente per parlare di una effettiva salubrit\u00e0 del mare e che la battaglia per il suo miglioramento richiede un impegno reale pi\u00f9 che facili proclami sensazionalistici.<\/p>\n<p>&nbsp;<\/p>\n<p>Il Direttore<\/p>\n<p>Dott. Sergio Monforte<\/p>\n","protected":false},"excerpt":{"rendered":"<p>Il tema principale che la prossima amministrazione dovr\u00e0 affrontare \u00e8 quello del rilancio economico di Minturno. La ricetta che io propongo passa attraverso la riqualificazione del territorio e un adeguato supporto a imprenditori e investitori. Su quest\u2019ultimo aspetto le istituzioni comunali possono fare molto, impedendo che la macchina burocratica soffochi le iniziative economiche e produttive.<\/p>\n","protected":false},"author":1,"featured_media":0,"comment_status":"open","ping_status":"open","sticky":false,"template":"","format":"standard","meta":{"footnotes":""},"categories":[27,11],"tags":[],"class_list":["post-2420","post","type-post","status-publish","format-standard","hentry","category-comune-di-minturno","category-enti"],"_links":{"self":[{"href":"https:\/\/www.ulisseland.com\/journal\/wp-json\/wp\/v2\/posts\/2420","targetHints":{"allow":["GET"]}}],"collection":[{"href":"https:\/\/www.ulisseland.com\/journal\/wp-json\/wp\/v2\/posts"}],"about":[{"href":"https:\/\/www.ulisseland.com\/journal\/wp-json\/wp\/v2\/types\/post"}],"author":[{"embeddable":true,"href":"https:\/\/www.ulisseland.com\/journal\/wp-json\/wp\/v2\/users\/1"}],"replies":[{"embeddable":true,"href":"https:\/\/www.ulisseland.com\/journal\/wp-json\/wp\/v2\/comments?post=2420"}],"version-history":[{"count":2,"href":"https:\/\/www.ulisseland.com\/journal\/wp-json\/wp\/v2\/posts\/2420\/revisions"}],"predecessor-version":[{"id":2423,"href":"https:\/\/www.ulisseland.com\/journal\/wp-json\/wp\/v2\/posts\/2420\/revisions\/2423"}],"wp:attachment":[{"href":"https:\/\/www.ulisseland.com\/journal\/wp-json\/wp\/v2\/media?parent=2420"}],"wp:term":[{"taxonomy":"category","embeddable":true,"href":"https:\/\/www.ulisseland.com\/journal\/wp-json\/wp\/v2\/categories?post=2420"},{"taxonomy":"post_tag","embeddable":true,"href":"https:\/\/www.ulisseland.com\/journal\/wp-json\/wp\/v2\/tags?post=2420"}],"curies":[{"name":"wp","href":"https:\/\/api.w.org\/{rel}","templated":true}]}}