{"id":2411,"date":"2012-05-15T10:28:01","date_gmt":"2012-05-15T08:28:01","guid":{"rendered":"http:\/\/www.ulisseland.com\/journal\/?p=2411&#038;lang=it"},"modified":"2012-05-15T10:28:01","modified_gmt":"2012-05-15T08:28:01","slug":"sperlonga-lo-sguardo-sullantico","status":"publish","type":"post","link":"https:\/\/www.ulisseland.com\/journal\/sperlonga-lo-sguardo-sullantico\/","title":{"rendered":"SPERLONGA: Lo sguardo sull\u2019antico"},"content":{"rendered":"<p><a href=\"https:\/\/www.ulisseland.com\/journal\/wp-content\/uploads\/2012\/05\/foto-mostra-Sguardo-sullantico.jpg\"><img loading=\"lazy\" decoding=\"async\" class=\"alignleft size-medium wp-image-2412\" title=\"foto mostra Sguardo sull'antico\" src=\"https:\/\/www.ulisseland.com\/journal\/wp-content\/uploads\/2012\/05\/foto-mostra-Sguardo-sullantico-300x225.jpg\" alt=\"\" width=\"300\" height=\"225\" srcset=\"https:\/\/www.ulisseland.com\/journal\/wp-content\/uploads\/2012\/05\/foto-mostra-Sguardo-sullantico-300x225.jpg 300w, https:\/\/www.ulisseland.com\/journal\/wp-content\/uploads\/2012\/05\/foto-mostra-Sguardo-sullantico.jpg 320w\" sizes=\"auto, (max-width: 300px) 100vw, 300px\" \/><\/a>La mostra \u201cLo sguardo sull\u2019antico\u201d, inaugurata lo scorso 1\u00b0 maggio presso il Museo Archeologico Nazionale di Sperlonga, espone opere di artisti contemporanei che si sono ispirati all\u2019immenso patrimonio archeologico del territorio, e non solo, per le loro creazioni. Gli artisti, noti al grande pubblico, hanno inteso sottolineare come le espressioni delle culture passate necessitino sempre di nuove interpretazioni e letture nel presente. Metabolizzata l\u2019esperienza culturale che viene dallo sguardo sul passato, l\u2019arte ha la capacit\u00e0 di catturare una possibile identit\u00e0 futura e di diventare testimone della civilt\u00e0, della tradizione, delle trasformazioni sociali, dell\u2019identit\u00e0 stessa dei popoli. Il recupero dei valori artistici del mondo antico \u00e8 quindi il recupero dei valori assoluti e universali che l\u2019arte contemporanea elabora e trasmette alle generazioni future.<\/p>\n<p>Dopo il successo della mostra \u201cDialoghi con l\u2019antico\u201d, tenutasi nel2011 aVilla Adriana a Tivoli, questa seconda esposizione di arte contemporanea vuole confermare e manifestare ancora una volta la vitalit\u00e0 del messaggio che proviene dal mondo classico. Per questo \u00e8 stato chiesto a quindici artisti di esporre opere\u00a0 che hanno tratto ispirazione da sculture, architetture, miti del passato cos\u00ec radicati nella Riviera di Ulisse. Gli artisti sono: Salvatore Bartolomeo, Corrado Bonicatti, Vincenzo Cacace, Salvatore Dell\u2019Anno, Franco De Luca, Giuseppe de\u2019 Spagnolis, Giuseppe Di Lelio, Antonio Di Palma, Pierluigi Isola, Ana Kapor, Ugo Levita, Vladimir Pajevic, Umberto Passeretti, Normanno Soscia, Sashs Zelenkevich.<\/p>\n<p>La mostra, nata dalla collaborazione trala Soprintendenzaper i Beni Archeologici del Lazio,la Pinacotecacomunale di arte contemporanea di Gaeta, il Comune di Sperlonga e il Comune di Gaeta, \u00e8 curata dal prof. Giorgio Agnisola e rimarr\u00e0 esposta nelle sale del Museo Archeologico Nazionale di Sperlonga fino alla fine di giugno.<\/p>\n<p>&nbsp;<\/p>\n<p>Il Direttore<\/p>\n<p>Dott. Sergio Monforte<\/p>\n","protected":false},"excerpt":{"rendered":"<p>La mostra \u201cLo sguardo sull\u2019antico\u201d, inaugurata lo scorso 1\u00b0 maggio presso il Museo Archeologico Nazionale di Sperlonga, espone opere di artisti contemporanei che si sono ispirati all\u2019immenso patrimonio archeologico del territorio, e non solo, per le loro creazioni. Gli artisti, noti al grande pubblico, hanno inteso sottolineare come le espressioni delle culture passate necessitino sempre<\/p>\n","protected":false},"author":1,"featured_media":0,"comment_status":"open","ping_status":"open","sticky":false,"template":"","format":"standard","meta":{"footnotes":""},"categories":[24,11],"tags":[],"class_list":["post-2411","post","type-post","status-publish","format-standard","hentry","category-comunedisperlonga","category-enti"],"_links":{"self":[{"href":"https:\/\/www.ulisseland.com\/journal\/wp-json\/wp\/v2\/posts\/2411","targetHints":{"allow":["GET"]}}],"collection":[{"href":"https:\/\/www.ulisseland.com\/journal\/wp-json\/wp\/v2\/posts"}],"about":[{"href":"https:\/\/www.ulisseland.com\/journal\/wp-json\/wp\/v2\/types\/post"}],"author":[{"embeddable":true,"href":"https:\/\/www.ulisseland.com\/journal\/wp-json\/wp\/v2\/users\/1"}],"replies":[{"embeddable":true,"href":"https:\/\/www.ulisseland.com\/journal\/wp-json\/wp\/v2\/comments?post=2411"}],"version-history":[{"count":2,"href":"https:\/\/www.ulisseland.com\/journal\/wp-json\/wp\/v2\/posts\/2411\/revisions"}],"predecessor-version":[{"id":2414,"href":"https:\/\/www.ulisseland.com\/journal\/wp-json\/wp\/v2\/posts\/2411\/revisions\/2414"}],"wp:attachment":[{"href":"https:\/\/www.ulisseland.com\/journal\/wp-json\/wp\/v2\/media?parent=2411"}],"wp:term":[{"taxonomy":"category","embeddable":true,"href":"https:\/\/www.ulisseland.com\/journal\/wp-json\/wp\/v2\/categories?post=2411"},{"taxonomy":"post_tag","embeddable":true,"href":"https:\/\/www.ulisseland.com\/journal\/wp-json\/wp\/v2\/tags?post=2411"}],"curies":[{"name":"wp","href":"https:\/\/api.w.org\/{rel}","templated":true}]}}