{"id":2402,"date":"2012-05-15T10:26:29","date_gmt":"2012-05-15T08:26:29","guid":{"rendered":"http:\/\/www.ulisseland.com\/journal\/?p=2402&#038;lang=it"},"modified":"2012-05-15T10:26:29","modified_gmt":"2012-05-15T08:26:29","slug":"formia-un-intervento-del-coordinatore-del-circolo-pd-francesco-carta","status":"publish","type":"post","link":"https:\/\/www.ulisseland.com\/journal\/formia-un-intervento-del-coordinatore-del-circolo-pd-francesco-carta\/","title":{"rendered":"FORMIA: UN INTERVENTO DEL COORDINATORE DEL CIRCOLO PD, FRANCESCO CARTA"},"content":{"rendered":"<p><a href=\"https:\/\/www.ulisseland.com\/journal\/wp-content\/uploads\/2012\/05\/IMG_4683.jpg\"><img loading=\"lazy\" decoding=\"async\" class=\"alignleft  wp-image-2403\" title=\"IMG_4683\" src=\"https:\/\/www.ulisseland.com\/journal\/wp-content\/uploads\/2012\/05\/IMG_4683-300x225.jpg\" alt=\"\" width=\"240\" height=\"180\" srcset=\"https:\/\/www.ulisseland.com\/journal\/wp-content\/uploads\/2012\/05\/IMG_4683-300x225.jpg 300w, https:\/\/www.ulisseland.com\/journal\/wp-content\/uploads\/2012\/05\/IMG_4683.jpg 1024w\" sizes=\"auto, (max-width: 240px) 100vw, 240px\" \/><\/a>Per\u00a0 uscire dalla crisi \u00e8 indispensabile che tutti facciano la propria parte. Innanzitutto l\u2019amministrazione comunale dovrebbe rendersi conto che stiamo attraversando una fase eccezionale. Abbiamo ormai l\u2019estate alle porte. Delle due l\u2019una: o si fa\u00a0 funzionare la citt\u00e0, rendendo\u00a0 il traffico\u00a0 meno caotico, ripulendo\u00a0 il territorio e, soprattutto, completando i lavori nei cantieri aperti, e allora l\u2019economia riprende a tirare, oppure assisteremo ad un\u2019altra brutta stagione, con ulteriore sofferenza\u00a0 per cittadini ed imprese.<\/p>\n<p><a href=\"https:\/\/www.ulisseland.com\/journal\/wp-content\/uploads\/2012\/05\/IMG_4661.jpg\"><img loading=\"lazy\" decoding=\"async\" class=\"alignright  wp-image-2404\" title=\"IMG_4661\" src=\"https:\/\/www.ulisseland.com\/journal\/wp-content\/uploads\/2012\/05\/IMG_4661-224x300.jpg\" alt=\"\" width=\"179\" height=\"240\" srcset=\"https:\/\/www.ulisseland.com\/journal\/wp-content\/uploads\/2012\/05\/IMG_4661-224x300.jpg 224w, https:\/\/www.ulisseland.com\/journal\/wp-content\/uploads\/2012\/05\/IMG_4661.jpg 766w\" sizes=\"auto, (max-width: 179px) 100vw, 179px\" \/><\/a>In questo momento\u00a0 nell\u2019area centrale della citt\u00e0 abbiamo lavori per\u00a0 poco pi\u00f9 di due milioni di euro che sarebbero gi\u00e0 dovuti finire. Nella darsena della \u201cQuercia\u201d i lavori (402 mila euro)\u00a0 dovevano terminare\u00a0 entro il 28 aprile 2012.\u00a0 La pineta di Vindicio (138 mila euro) doveva essere\u00a0 completata entro il 29 aprile 2012. Sul lungomare di Vindicio i lavori, per un importo di 1 milione e 80 mila euro,\u00a0 dovevano finire\u00a0 entro il 12 gennaio 2012. Nel piazzale del porticciolo Caposele\u00a0 i lavori per il serbatoio antincendio (425 mila euro),\u00a0 non appena iniziati sono gi\u00e0 fermi e da oltre un mese.<\/p>\n<p><a href=\"https:\/\/www.ulisseland.com\/journal\/wp-content\/uploads\/2012\/05\/IMG_4667.jpg\"><img loading=\"lazy\" decoding=\"async\" class=\"alignleft  wp-image-2405\" title=\"IMG_4667\" src=\"https:\/\/www.ulisseland.com\/journal\/wp-content\/uploads\/2012\/05\/IMG_4667-300x224.jpg\" alt=\"\" width=\"210\" height=\"157\" srcset=\"https:\/\/www.ulisseland.com\/journal\/wp-content\/uploads\/2012\/05\/IMG_4667-300x224.jpg 300w, https:\/\/www.ulisseland.com\/journal\/wp-content\/uploads\/2012\/05\/IMG_4667.jpg 1022w\" sizes=\"auto, (max-width: 210px) 100vw, 210px\" \/><\/a>Gli scavi hanno portato alla luce un conglomerato di cui probabilmente\u00a0 non si conosceva l\u2019esistenza. Non \u00e8 dato sapere cosa stia accadendo, resta il fatto che i lavori sono fermi\u00a0 e il termine indicato per il completamento dell\u2019opera \u00e8 il\u00a0 18 aprile 2012.<\/p>\n<p><a href=\"https:\/\/www.ulisseland.com\/journal\/wp-content\/uploads\/2012\/05\/IMG_4668.jpg\"><img loading=\"lazy\" decoding=\"async\" class=\"alignright  wp-image-2406\" title=\"IMG_4668\" src=\"https:\/\/www.ulisseland.com\/journal\/wp-content\/uploads\/2012\/05\/IMG_4668-300x224.jpg\" alt=\"\" width=\"240\" height=\"179\" srcset=\"https:\/\/www.ulisseland.com\/journal\/wp-content\/uploads\/2012\/05\/IMG_4668-300x224.jpg 300w, https:\/\/www.ulisseland.com\/journal\/wp-content\/uploads\/2012\/05\/IMG_4668.jpg 1022w\" sizes=\"auto, (max-width: 240px) 100vw, 240px\" \/><\/a>Il piazzale della stazione\u00a0 (1 milione e 80 mila euro) sar\u00e0 sottoposto a restauro\u00a0 senza alcun sostanziale\u00a0 miglioramento della viabilit\u00e0 in loco. I lavori iniziati il 2 maggio vanno a rilento. Le attivit\u00e0 commerciali, gi\u00e0 sofferenti per la crisi, si beccano un\u2019altra batosta. La prospettiva\u00a0 che trascorra l\u2019intera estate con la piazza transennata e i lavori in corso desta\u00a0 preoccupazione e sconcerto. Il piazzale \u00e8 \u201coff limits\u201d. Ci si mettono anche i vigili urbani i quali, senza alcun riguardo e armati di cesoie,\u00a0 tagliano catene e portano via motori e\u00a0motorini incautamente posteggiati nell\u2019area del cantiere.<\/p>\n<p><a href=\"https:\/\/www.ulisseland.com\/journal\/wp-content\/uploads\/2012\/05\/IMG_4679.jpg\"><img loading=\"lazy\" decoding=\"async\" class=\"alignleft  wp-image-2407\" title=\"IMG_4679\" src=\"https:\/\/www.ulisseland.com\/journal\/wp-content\/uploads\/2012\/05\/IMG_4679-300x221.jpg\" alt=\"\" width=\"240\" height=\"177\" srcset=\"https:\/\/www.ulisseland.com\/journal\/wp-content\/uploads\/2012\/05\/IMG_4679-300x221.jpg 300w, https:\/\/www.ulisseland.com\/journal\/wp-content\/uploads\/2012\/05\/IMG_4679.jpg 1008w\" sizes=\"auto, (max-width: 240px) 100vw, 240px\" \/><\/a>Dal momento che tali mezzi non ostacolavano i lavori si poteva anche lasciare il cosiddetto \u201cavviso di cortesia\u201d ed intervenire il giorno successivo. Ma si sa, il buon senso \u00e8 merce assai rara. Quel restauro non solo impegna soldi destinati alla viabilit\u00e0, che resta quel che \u00e8, ma, visto l\u2019andazzo degli altri cantieri, c\u2019\u00e8 il rischio che diventi\u00a0 un\u2019altra \u201cfabbrica del duomo\u201d. I lavori dovrebbero terminare\u00a0 il 29 ottobre 2012. Per rifare una piazza si rischia d\u2019ammazzare\u00a0 le imprese!<\/p>\n<p>&nbsp;<\/p>\n<p>Il Direttore<\/p>\n<p>Dott. Sergio Monforte<\/p>\n","protected":false},"excerpt":{"rendered":"<p>Per\u00a0 uscire dalla crisi \u00e8 indispensabile che tutti facciano la propria parte. Innanzitutto l\u2019amministrazione comunale dovrebbe rendersi conto che stiamo attraversando una fase eccezionale. Abbiamo ormai l\u2019estate alle porte. Delle due l\u2019una: o si fa\u00a0 funzionare la citt\u00e0, rendendo\u00a0 il traffico\u00a0 meno caotico, ripulendo\u00a0 il territorio e, soprattutto, completando i lavori nei cantieri aperti, e<\/p>\n","protected":false},"author":1,"featured_media":0,"comment_status":"open","ping_status":"open","sticky":false,"template":"","format":"standard","meta":{"footnotes":""},"categories":[14,11],"tags":[],"class_list":["post-2402","post","type-post","status-publish","format-standard","hentry","category-comune-di-formia","category-enti"],"_links":{"self":[{"href":"https:\/\/www.ulisseland.com\/journal\/wp-json\/wp\/v2\/posts\/2402","targetHints":{"allow":["GET"]}}],"collection":[{"href":"https:\/\/www.ulisseland.com\/journal\/wp-json\/wp\/v2\/posts"}],"about":[{"href":"https:\/\/www.ulisseland.com\/journal\/wp-json\/wp\/v2\/types\/post"}],"author":[{"embeddable":true,"href":"https:\/\/www.ulisseland.com\/journal\/wp-json\/wp\/v2\/users\/1"}],"replies":[{"embeddable":true,"href":"https:\/\/www.ulisseland.com\/journal\/wp-json\/wp\/v2\/comments?post=2402"}],"version-history":[{"count":3,"href":"https:\/\/www.ulisseland.com\/journal\/wp-json\/wp\/v2\/posts\/2402\/revisions"}],"predecessor-version":[{"id":2410,"href":"https:\/\/www.ulisseland.com\/journal\/wp-json\/wp\/v2\/posts\/2402\/revisions\/2410"}],"wp:attachment":[{"href":"https:\/\/www.ulisseland.com\/journal\/wp-json\/wp\/v2\/media?parent=2402"}],"wp:term":[{"taxonomy":"category","embeddable":true,"href":"https:\/\/www.ulisseland.com\/journal\/wp-json\/wp\/v2\/categories?post=2402"},{"taxonomy":"post_tag","embeddable":true,"href":"https:\/\/www.ulisseland.com\/journal\/wp-json\/wp\/v2\/tags?post=2402"}],"curies":[{"name":"wp","href":"https:\/\/api.w.org\/{rel}","templated":true}]}}