{"id":2390,"date":"2012-05-15T10:13:00","date_gmt":"2012-05-15T08:13:00","guid":{"rendered":"http:\/\/www.ulisseland.com\/journal\/?p=2390&#038;lang=it"},"modified":"2012-05-15T10:13:00","modified_gmt":"2012-05-15T08:13:00","slug":"melito-di-porto-salvo-territori-sostenibili-convegno-heliantide-su-risparmio-energetico-per-le-pp-aa","status":"publish","type":"post","link":"https:\/\/www.ulisseland.com\/journal\/melito-di-porto-salvo-territori-sostenibili-convegno-heliantide-su-risparmio-energetico-per-le-pp-aa\/","title":{"rendered":"MELITO DI PORTO SALVO: Territori sostenibili convegno Heliantide su risparmio energetico per le PP.AA."},"content":{"rendered":"<p>Il 12.5.2012 presso i locali Sala conferenze ex mercato coperto, alle ore 16.30 ha avuto luogo un interessante Convegno sugli Obiettivi di risparmio energetico, presenti Autorit\u00e0 Regionali e locali. Il convegno \u00e8 stato organizzato dalla Societ\u00e0 Heliantide Holding S.p.A., presieduta dall\u2019Avv. Giancarlo Liberati, Presidente C.d.A. della Heliantide.<br \/>\nE\u2019 stato un evento di divulgazione, sensibilizzazione e confronto sui temi dell\u2019energia alternativa e sulla sua interazione con le diverse realt\u00e0 territoriali.<\/p>\n<p>Il Sindaco di Melito, Dr. Gesualdo Costantino, ha fatto da aprilavori, portando i saluti del Comune di Melito P.S..<br \/>\nE\u2019 intervenuto anche il Sindaco di Motta San Giovanni Ing. Paolo Lagan\u00e0.<br \/>\nIl Convegno \u00e8 stato introdotto e moderato, mirabilmente, dalla Dr.ssa Anna Maria Reggio, giornalista ufficio stampa Heliantide Group.<\/p>\n<p>Dopo l\u2019intervento dei Sindaci ha preso la parola l\u2019On.le Antonio Caridi, Assessore alle Attivit\u00e0 Produttive della Regione Calabria, che \u00e8 intervenuto sulle politiche Regionali di incentivazione delle fonti rinnovabili di energia, mentre l\u2019Avv. Giancarlo Liberati ha trattato delle Opportunit\u00e0 del nuovo sistema incentivante (c:d. Quinto conto energia).<br \/>\nSono intervenuti Il Presidente del Kiwanis Malacrin\u00f2<br \/>\nl\u2019Ing. Francesco Maisano Resp.le dell\u2019ufficio Tecnico del Comune di Melito P.S. che ha parlato degli esempi virtuosi dei Comuni dell\u2019Area Grecanica, introducendo le \u201cEsperienze a confronto\u201d dei Comuni dell\u2019Area Grecanica,<br \/>\nIl Presidente degli ordini degli Architetti Arch. Paolo Malara<br \/>\nL\u2019arch. Guido Cimino, Resp.le del progetto efficientamento energetico della Sede del consiglio Regionale della Calabria<br \/>\ne subito dopo un interessantissimo intervento del Dr. Rosario Previtera, Covenant Manager del \u201cPatto dei Sindaci in Calabria\u201d, questo patto nasce tra gli indirizzi dati dalla Comunit\u00e0 Europea e i nostri Comuni ed ha al primo punto la limitazione di emissione di C02, quindi se questo \u00e8 l\u2019indirizzo della Comunit\u00e0 Europea \u00e8 inutile pensare a utilizzazioni che inquinano l\u2019ambiente in cui viviamo. Noi abbiamo il compito di lasciare ai nostri figli un ambiente che tenga conto dell\u2019aspetto energetico utilizzando il pi\u00f9 possibile energie pulite, quelle del sole; evitando inquinamenti disastrosi.<br \/>\nLa salvaguardia dell\u2019Ambiente non pu\u00f2 che tenere conto di una politica energetica responsabile attraverso le fonti rinnovabili, che sono il sole, il vento, le risorse idriche, le risorse geotermiche, le maree, la trasformazione dei rifiuti organici ed inorganici.<\/p>\n<p>Le conclusioni sono state fatte dall\u2019On.le Mario Pirilli, Deputato al parlamento Europeo, membro commissione per l\u2019Ambiente, l\u2019Industria La Ricerca e L\u2019Energia.<\/p>\n<p>daniele dattola<\/p>\n","protected":false},"excerpt":{"rendered":"<p>Il 12.5.2012 presso i locali Sala conferenze ex mercato coperto, alle ore 16.30 ha avuto luogo un interessante Convegno sugli Obiettivi di risparmio energetico, presenti Autorit\u00e0 Regionali e locali. Il convegno \u00e8 stato organizzato dalla Societ\u00e0 Heliantide Holding S.p.A., presieduta dall\u2019Avv. Giancarlo Liberati, Presidente C.d.A. della Heliantide. E\u2019 stato un evento di divulgazione, sensibilizzazione e<\/p>\n","protected":false},"author":1,"featured_media":0,"comment_status":"open","ping_status":"open","sticky":false,"template":"","format":"standard","meta":{"footnotes":""},"categories":[36,11],"tags":[],"class_list":["post-2390","post","type-post","status-publish","format-standard","hentry","category-comune-di-melito-di-porto-salvo","category-enti"],"_links":{"self":[{"href":"https:\/\/www.ulisseland.com\/journal\/wp-json\/wp\/v2\/posts\/2390","targetHints":{"allow":["GET"]}}],"collection":[{"href":"https:\/\/www.ulisseland.com\/journal\/wp-json\/wp\/v2\/posts"}],"about":[{"href":"https:\/\/www.ulisseland.com\/journal\/wp-json\/wp\/v2\/types\/post"}],"author":[{"embeddable":true,"href":"https:\/\/www.ulisseland.com\/journal\/wp-json\/wp\/v2\/users\/1"}],"replies":[{"embeddable":true,"href":"https:\/\/www.ulisseland.com\/journal\/wp-json\/wp\/v2\/comments?post=2390"}],"version-history":[{"count":2,"href":"https:\/\/www.ulisseland.com\/journal\/wp-json\/wp\/v2\/posts\/2390\/revisions"}],"predecessor-version":[{"id":2392,"href":"https:\/\/www.ulisseland.com\/journal\/wp-json\/wp\/v2\/posts\/2390\/revisions\/2392"}],"wp:attachment":[{"href":"https:\/\/www.ulisseland.com\/journal\/wp-json\/wp\/v2\/media?parent=2390"}],"wp:term":[{"taxonomy":"category","embeddable":true,"href":"https:\/\/www.ulisseland.com\/journal\/wp-json\/wp\/v2\/categories?post=2390"},{"taxonomy":"post_tag","embeddable":true,"href":"https:\/\/www.ulisseland.com\/journal\/wp-json\/wp\/v2\/tags?post=2390"}],"curies":[{"name":"wp","href":"https:\/\/api.w.org\/{rel}","templated":true}]}}