{"id":2371,"date":"2012-05-14T11:09:22","date_gmt":"2012-05-14T09:09:22","guid":{"rendered":"http:\/\/www.ulisseland.com\/journal\/?p=2371&#038;lang=it"},"modified":"2012-05-14T11:09:22","modified_gmt":"2012-05-14T09:09:22","slug":"gaeta-pinacoteca-comunale-darte-contemporanea-giovanni-da-gaeta","status":"publish","type":"post","link":"https:\/\/www.ulisseland.com\/journal\/gaeta-pinacoteca-comunale-darte-contemporanea-giovanni-da-gaeta\/","title":{"rendered":"GAETA: Pinacoteca Comunale d\u2019Arte Contemporanea \u201cGiovanni da Gaeta\u201d"},"content":{"rendered":"<p style=\"text-align: center;\" align=\"center\"><span style=\"color: #ff0000; font-size: large;\"><em>Alberto Magnelli<\/em><\/span><\/p>\n<p style=\"text-align: center;\" align=\"center\"><span style=\"font-size: medium;\"><em>opere 1910-1970<\/em>\u00a0<\/span><\/p>\n<p style=\"text-align: center;\" align=\"center\"><span style=\"font-size: medium;\">dal 9 giugno al 16 settembre 2012<em>\u00a0<\/em><\/span><\/p>\n<figure id=\"attachment_2374\" aria-describedby=\"caption-attachment-2374\" style=\"width: 300px\" class=\"wp-caption alignleft\"><a href=\"https:\/\/www.ulisseland.com\/journal\/wp-content\/uploads\/2012\/05\/scaldino.jpg\"><img loading=\"lazy\" decoding=\"async\" class=\"size-medium wp-image-2374\" title=\"scaldino\" src=\"https:\/\/www.ulisseland.com\/journal\/wp-content\/uploads\/2012\/05\/scaldino-300x229.jpg\" alt=\"\" width=\"300\" height=\"229\" srcset=\"https:\/\/www.ulisseland.com\/journal\/wp-content\/uploads\/2012\/05\/scaldino-300x229.jpg 300w, https:\/\/www.ulisseland.com\/journal\/wp-content\/uploads\/2012\/05\/scaldino.jpg 1006w\" sizes=\"auto, (max-width: 300px) 100vw, 300px\" \/><\/a><figcaption id=\"caption-attachment-2374\" class=\"wp-caption-text\">Scaldino e coppa Olio su tela\/huile sur toile Firenze \/ Florence, 1910 46,50 x 61,00 cm Firmato e datato in basso a destra\/Sign\u00e9 et dat\u00e9 en bas \u00e0 droite: Alb. Magnelli 1910<\/figcaption><\/figure>\n<p><em>Una mostra<\/em>-evento per <em>ripercorrere<\/em> la carriera di uno dei protagonisti dell\u2019astrattismo europeo, <strong>Alberto Magnelli<\/strong>, sar\u00e0 inaugurata il <strong>9 giugno<\/strong> 2012 a <strong>Gaeta<\/strong> (LT), nella Pinacoteca Comunale d\u2019Arte Contemporanea \u201cGiovanni da Gaeta\u201d.<strong><\/strong><\/p>\n<p>Si tratta di un grande e articolato progetto, curato da Giorgio Agnisola e promosso dal Comune di Gaeta e dall\u2019Associazione Culturale Novecento, <em>finalizzato a <\/em>mettere in luce il valore dell\u2019opera artistica di Alberto Magnelli (Firenze 1988, Meudon 1971), artista popolare in Francia e da noi ancora non adeguatamente conosciuto, e a offrire un itinerario completo della sua attivit\u00e0 &#8211; dalle opere giovanili innestate nella temperie matissiana e cubo-futurista, fino al grande capitolo dell\u2019astrazione &#8211; grazie al numero e alla variet\u00e0 dei lavori in mostra.<\/p>\n<figure id=\"attachment_2373\" aria-describedby=\"caption-attachment-2373\" style=\"width: 177px\" class=\"wp-caption alignright\"><a href=\"https:\/\/www.ulisseland.com\/journal\/wp-content\/uploads\/2012\/05\/doc.jpg\"><img loading=\"lazy\" decoding=\"async\" class=\"size-medium wp-image-2373 \" title=\"doc\" src=\"https:\/\/www.ulisseland.com\/journal\/wp-content\/uploads\/2012\/05\/doc-177x300.jpg\" alt=\"\" width=\"177\" height=\"300\" srcset=\"https:\/\/www.ulisseland.com\/journal\/wp-content\/uploads\/2012\/05\/doc-177x300.jpg 177w, https:\/\/www.ulisseland.com\/journal\/wp-content\/uploads\/2012\/05\/doc.jpg 606w\" sizes=\"auto, (max-width: 177px) 100vw, 177px\" \/><\/a><figcaption id=\"caption-attachment-2373\" class=\"wp-caption-text\">Sans titre \/ Senza titolo Collage su carta \/ collage sur papier 1949 40,00 x 24,00 cm Firmato e datato in alto a destra \/ Sign\u00e9, dat\u00e9 en haut \u00e0 droite: Magnelli 49<\/figcaption><\/figure>\n<p>Sono infatti ben <strong>centosessantadue le opere esposte<\/strong>, provenienti da collezioni private, tra oli, disegni, gouaches su carta, litografie, collages, linoleumgrafie, \u201cche ripercorrono le diverse fasi della produzione di Magnelli, apparentemente distanti tra loro perch\u00e9 caratterizzate da un dissimile registro stilistico, in realt\u00e0 contraddistinte da un\u2019estrema coerenza interna, segnata da un vigilato rigore formale e da un lirico equilibrio visivo, aperti ad un clima di metafisico e armonico silenzio\u201d, spiega Agnisola. L\u2019artista rivers\u00f2 in effetti nella sperimentazione, peraltro coltivata con grande autonomia, nonostante la frequentazione dei principali movimenti artistici dell\u2019avanguardia europea, la memoria della sua meditata lettura giovanile della maggiore pittura toscana del Trecento e Quattrocento, da Paolo Uccello a Masaccio a Piero della Francesca.<strong><\/strong><\/p>\n<p>In mostra &#8211; strutturata in <strong>sei sezioni<\/strong> &#8211; sono presenti opere degli esordi e del primo compiuto periodo di attivit\u00e0, \u201cGli esordi e i primi anni Dieci (1910-1917)\u201d; quello delle \u201cEsplosioni liriche\u201d (1918-1919); quindi del successivo \u201cRealismo Immaginario\u201d (1920-1930); fino a toccare quel fondamentale momento di svolta dell\u2019arte magnelliana (che coincise con il definitivo trasferimento del maestro a Parigi), quello delle \u201cPietre esplose\u201d dei primi anni Trenta, \u201cLes Pierres \u00e9clat\u00e9es (1931-1935)\u201d, che costituirono l\u2019anticamera della ricca e vasta produzione astratta (1935-1971). D\u2019altra parte gi\u00e0 nel 1915 Alberto Magnelli aveva realizzato alcune opere totalmente astratte che testimoniavano la precocit\u00e0 del suo grande talento innovativo. Una sezione \u00e8 dedicata poi ai \u201cCollages\u201d, di cui Magnelli fu finissimo esecutore. Una sezione a latere riguarda infine una serie di dieci litografie realizzate insieme da Jean Arp, Sonia Delaunay, Alberto Magnelli, Sophie Tauber-Arp (Aux Nourritures terrestres, 1950).<\/p>\n<p>\u00c8\u00a0 possibile visitare la mostra \u201c<strong>Alberto<\/strong> <strong>Magnelli, opere 1910-1970<\/strong>\u201d <strong>fino al 16 settembre<\/strong> 2012.<\/p>\n<figure id=\"attachment_2372\" aria-describedby=\"caption-attachment-2372\" style=\"width: 245px\" class=\"wp-caption alignleft\"><a href=\"https:\/\/www.ulisseland.com\/journal\/wp-content\/uploads\/2012\/05\/composition.jpg\"><img loading=\"lazy\" decoding=\"async\" class=\"size-medium wp-image-2372\" title=\"composition\" src=\"https:\/\/www.ulisseland.com\/journal\/wp-content\/uploads\/2012\/05\/composition-245x300.jpg\" alt=\"\" width=\"245\" height=\"300\" srcset=\"https:\/\/www.ulisseland.com\/journal\/wp-content\/uploads\/2012\/05\/composition-245x300.jpg 245w, https:\/\/www.ulisseland.com\/journal\/wp-content\/uploads\/2012\/05\/composition.jpg 768w\" sizes=\"auto, (max-width: 245px) 100vw, 245px\" \/><\/a><figcaption id=\"caption-attachment-2372\" class=\"wp-caption-text\">Composition Olio su tela \/ huile sur toile Parigi \/ Paris, 1934 57,00 x 46,80 xm Firmato e datato in basso a destra\/Sign\u00e9 et dat\u00e9 en bas \u00e0 droite: Magnelli 34<\/figcaption><\/figure>\n<figure id=\"attachment_2375\" aria-describedby=\"caption-attachment-2375\" style=\"width: 248px\" class=\"wp-caption alignright\"><a href=\"https:\/\/www.ulisseland.com\/journal\/wp-content\/uploads\/2012\/05\/\u00e8lan.jpg\"><img loading=\"lazy\" decoding=\"async\" class=\"size-medium wp-image-2375\" title=\"\u00e8lan\" src=\"https:\/\/www.ulisseland.com\/journal\/wp-content\/uploads\/2012\/05\/\u00e8lan-248x300.jpg\" alt=\"\" width=\"248\" height=\"300\" srcset=\"https:\/\/www.ulisseland.com\/journal\/wp-content\/uploads\/2012\/05\/\u00e8lan-248x300.jpg 248w, https:\/\/www.ulisseland.com\/journal\/wp-content\/uploads\/2012\/05\/\u00e8lan.jpg 768w\" sizes=\"auto, (max-width: 248px) 100vw, 248px\" \/><\/a><figcaption id=\"caption-attachment-2375\" class=\"wp-caption-text\">\u00c9lan, Olio su tela \/ huile sur toile 1969 46,00 x 38,00 cm Firmato e datato \/ Sign\u00e9 et dat\u00e9 en bas \u00e0 droite: Magnelli 69 Dedica sul dorso \/ D\u00e9dicac\u00e9 en dous: \u201cpour Paola en souvenir de Susi avec toute son affection\u201d<\/figcaption><\/figure>\n<p align=\"center\">\n\t<iframe loading=\"lazy\" frameborder=\"0\" height=\"840px\" scrolling=\"yes\" src=\"https:\/\/www.ulisseland.com\/journal\/wp-content\/uploads\/2012\/05\/scheda-tecnica.pdf\" width=\"600\">Contenuto alternativo per i browser che non leggono gli iframe.<\/iframe><\/p>\n<p>&nbsp;<\/p>\n<p>&#8212;&#8212;&#8212;&#8212;&#8212;&#8212;&#8212;&#8212;&#8212;&#8211;<\/p>\n<p align=\"center\">Pinacoteca Comunale d\u2019Arte Contemporanea \u201cGiovanni da Gaeta\u201d<\/p>\n<p align=\"center\">Palazzo San Giacomo, via De Lieto n. 2\/4, cap 04024 Gaeta (LT)<\/p>\n<p align=\"center\">0771.466346 <a href=\"mailto:info@pinacotecagiovannidagaeta.it\">info@pinacotecagiovannidagaeta.it<\/a><\/p>\n<p><em>Ufficio stampa<\/em><\/p>\n<p><strong>Mary Attento<\/strong> (responsabile), <a href=\"mailto:m.atten@tin.it\">m.atten@tin.it<\/a><\/p>\n<p><strong>Sandra Cervone<\/strong>, <a href=\"mailto:sandra.cervone@alice.it\">sandra.cervone@alice.it<\/a><\/p>\n<p><strong>Lisa Lieto<\/strong>, <a href=\"mailto:lisa_alena@yahoo.it\">lisa_alena@yahoo.it<\/a><\/p>\n<p><strong>Spaini &amp; Partners<\/strong>, <a href=\"mailto:matilde.meucci@spaini.it\">matilde.meucci@spaini.it<\/a><\/p>\n<p>&nbsp;<\/p>\n<p>La Redazione<\/p>\n","protected":false},"excerpt":{"rendered":"<p>Alberto Magnelli opere 1910-1970\u00a0 dal 9 giugno al 16 settembre 2012\u00a0 Una mostra-evento per ripercorrere la carriera di uno dei protagonisti dell\u2019astrattismo europeo, Alberto Magnelli, sar\u00e0 inaugurata il 9 giugno 2012 a Gaeta (LT), nella Pinacoteca Comunale d\u2019Arte Contemporanea \u201cGiovanni da Gaeta\u201d. Si tratta di un grande e articolato progetto, curato da Giorgio Agnisola e<\/p>\n","protected":false},"author":1,"featured_media":0,"comment_status":"open","ping_status":"open","sticky":false,"template":"","format":"standard","meta":{"footnotes":""},"categories":[32,12],"tags":[],"class_list":["post-2371","post","type-post","status-publish","format-standard","hentry","category-autori","category-cultura"],"_links":{"self":[{"href":"https:\/\/www.ulisseland.com\/journal\/wp-json\/wp\/v2\/posts\/2371","targetHints":{"allow":["GET"]}}],"collection":[{"href":"https:\/\/www.ulisseland.com\/journal\/wp-json\/wp\/v2\/posts"}],"about":[{"href":"https:\/\/www.ulisseland.com\/journal\/wp-json\/wp\/v2\/types\/post"}],"author":[{"embeddable":true,"href":"https:\/\/www.ulisseland.com\/journal\/wp-json\/wp\/v2\/users\/1"}],"replies":[{"embeddable":true,"href":"https:\/\/www.ulisseland.com\/journal\/wp-json\/wp\/v2\/comments?post=2371"}],"version-history":[{"count":12,"href":"https:\/\/www.ulisseland.com\/journal\/wp-json\/wp\/v2\/posts\/2371\/revisions"}],"predecessor-version":[{"id":2388,"href":"https:\/\/www.ulisseland.com\/journal\/wp-json\/wp\/v2\/posts\/2371\/revisions\/2388"}],"wp:attachment":[{"href":"https:\/\/www.ulisseland.com\/journal\/wp-json\/wp\/v2\/media?parent=2371"}],"wp:term":[{"taxonomy":"category","embeddable":true,"href":"https:\/\/www.ulisseland.com\/journal\/wp-json\/wp\/v2\/categories?post=2371"},{"taxonomy":"post_tag","embeddable":true,"href":"https:\/\/www.ulisseland.com\/journal\/wp-json\/wp\/v2\/tags?post=2371"}],"curies":[{"name":"wp","href":"https:\/\/api.w.org\/{rel}","templated":true}]}}