{"id":1865,"date":"2012-05-03T16:09:02","date_gmt":"2012-05-03T16:09:02","guid":{"rendered":"http:\/\/www.ulisseland.com\/journal\/?p=1865&#038;lang=it"},"modified":"2012-06-18T11:00:09","modified_gmt":"2012-06-18T09:00:09","slug":"formia-umano-troppo-umano-giuseppe-supino-e-carmen-moscariello","status":"publish","type":"post","link":"https:\/\/www.ulisseland.com\/journal\/formia-umano-troppo-umano-giuseppe-supino-e-carmen-moscariello\/","title":{"rendered":"Formia: \u201cUMANO, TROPPO UMANO\u201d Giuseppe Supino  e Carmen Moscariello"},"content":{"rendered":"<figure id=\"attachment_1868\" aria-describedby=\"caption-attachment-1868\" style=\"width: 120px\" class=\"wp-caption alignleft\"><a href=\"https:\/\/www.ulisseland.com\/journal\/wp-content\/uploads\/2012\/05\/Foto-vescovo-Mons.-DOnorio.jpg\"><img loading=\"lazy\" decoding=\"async\" class=\" wp-image-1868\" title=\"Foto vescovo Mons. D'Onorio\" src=\"https:\/\/www.ulisseland.com\/journal\/wp-content\/uploads\/2012\/05\/Foto-vescovo-Mons.-DOnorio.jpg\" alt=\"\" width=\"120\" height=\"150\" \/><\/a><figcaption id=\"caption-attachment-1868\" class=\"wp-caption-text\">Monsignor Fabio Bernardo D\u2019ONORIO<\/figcaption><\/figure>\n<p>Con la presenza e la Benedizione alla mostra-evento di\u00a0<em>Sua Ecc.za Rev.ma <\/em><strong>Monsignor Fabio Bernardo D\u2019ONORIO <\/strong><em>Arcivescovo di Gaeta &#8211; \u00a0\u00e8 iniziata la<\/em> serata-evento, organizzata nelle sale del Castello Miramare. Presente un folto pubblico di appassionati d\u2019arte e di poesia, la presentazione degli artisti \u00e8 stata effettuata dalla <strong>Ninnj Di Stefano Bus\u00e0<\/strong>, Giornalista, critico letterario, poetessa, venuta per l\u2019occasione dalla sua Milano.<\/p>\n<p>E\u2019 stata una straordinaria opportunit\u00e0 di vivere, in un\u2019unica esperienza sinestetica, gli ultimi approdi della ricerca artistica di Giuseppe Supino, in pittura, e di Carmen Moscariello, in poesia.<\/p>\n<p>Le loro opere sono state accomunate da una analoga spinta motivazionale, che muove dalla dimensione umana \u2013 fa anzi i conti con i suoi aspetti \u2018troppo umani\u2019 \u2013 per andare oltre, per dar vita, attraverso l\u2019arte, a una nuova umanit\u00e0, trasfigurando e sublimando, piuttosto che annullarla, ogni negativit\u00e0 dell\u2019esistenza.<\/p>\n<figure id=\"attachment_1869\" aria-describedby=\"caption-attachment-1869\" style=\"width: 186px\" class=\"wp-caption alignright\"><a href=\"https:\/\/www.ulisseland.com\/journal\/wp-content\/uploads\/2012\/05\/Giuseppe-Supino-e-Luigi-Cocomello-e1336060814584.jpg\"><img loading=\"lazy\" decoding=\"async\" class=\" wp-image-1869\" title=\"Giuseppe Supino e Luigi Cocomello\" src=\"https:\/\/www.ulisseland.com\/journal\/wp-content\/uploads\/2012\/05\/Giuseppe-Supino-e-Luigi-Cocomello-e1336060814584.jpg\" alt=\"\" width=\"186\" height=\"123\" \/><\/a><figcaption id=\"caption-attachment-1869\" class=\"wp-caption-text\">Giuseppe Supino e Luigi Cocomello<\/figcaption><\/figure>\n<p>La cifra distintiva del loro profilo intellettuale e artistico va individuata innanzitutto nella loro tensione all\u2019autodeterminazione, perch\u00e9, solo compiendo fino in fondo il percorso di emancipazione dai limiti materiali e dai condizionamenti culturali, essi si sentono spiriti liberi, si alleggeriscono dei fardelli e delle catene che imprigionano la loro creativit\u00e0, offrono nuove possibilit\u00e0 esistenziali, riconciliano con la vita e rendono desiderabile una realt\u00e0 altrimenti spregevole.<\/p>\n<div>\n<p>Lungi, per\u00f2, dall\u2019esaurirsi nei confini della condizione terrena, pur proiettata da entrambi verso una vertiginosa elevazione spirituale, Supino e Moscariello sentono profondamente l\u2019inquietudine e il malessere della nostalgia, non tanto nella forma del doloroso desiderio di ritorno ad una precedente dimensione idealizzata di felicit\u00e0, quanto piuttosto in quella di inesauribile spinta all\u2019autosuperamento, di vago anelito verso un orizzonte indefinito, di intensa ricerca volta ad attingere l\u2019assoluto nella vita e nell\u2019arte.<\/p>\n<p>Nella sua recente opera pittorica, selezionata per la serata, Giuseppe Supino rende viva e pulsante questa sua ricerca, aprendosi a sempre nuovi slanci creativi e facendo emergere la straordinaria sintonia della sua sensibilit\u00e0 con una natura e un\u2019umanit\u00e0, semplici ed insieme eleganti, caratterizzate dalla compostezza delle figure, dall\u2019equilibrio delle composizioni, dall\u2019armonia delle forme e dei colori, su cui domina potente e pura la luce, quale produttrice di senso e animatrice della vita quotidiana e universale.<\/p>\n<figure id=\"attachment_1867\" aria-describedby=\"caption-attachment-1867\" style=\"width: 177px\" class=\"wp-caption alignleft\"><a href=\"https:\/\/www.ulisseland.com\/journal\/wp-content\/uploads\/2012\/05\/Carmen-Moscariello-e1336060314436.jpg\"><img loading=\"lazy\" decoding=\"async\" class=\" wp-image-1867\" title=\"Carmen Moscariello\" src=\"https:\/\/www.ulisseland.com\/journal\/wp-content\/uploads\/2012\/05\/Carmen-Moscariello-e1336060314436.jpg\" alt=\"\" width=\"177\" height=\"118\" \/><\/a><figcaption id=\"caption-attachment-1867\" class=\"wp-caption-text\">Carmen Moscariello<\/figcaption><\/figure>\n<figure id=\"attachment_1870\" aria-describedby=\"caption-attachment-1870\" style=\"width: 174px\" class=\"wp-caption alignright\"><a href=\"https:\/\/www.ulisseland.com\/journal\/wp-content\/uploads\/2012\/05\/Ninnj-Di-Stefano-e1336061039787.jpg\"><img loading=\"lazy\" decoding=\"async\" class=\" wp-image-1870 \" title=\"Ninnj Di Stefano Bus\u00e0\" src=\"https:\/\/www.ulisseland.com\/journal\/wp-content\/uploads\/2012\/05\/Ninnj-Di-Stefano-e1336061039787.jpg\" alt=\"\" width=\"174\" height=\"116\" \/><\/a><figcaption id=\"caption-attachment-1870\" class=\"wp-caption-text\">Ninnj Di Stefano Bus\u00e0<\/figcaption><\/figure>\n<p>Carmen Moscariello presenta, a sua volta, una nuova sfida del suo itinerario esistenziale e artistico, scegliendo la forma teatrale, di cui i versi esaltano la potenza espressiva e animano la drammaticit\u00e0, per confrontarsi con il suo doppio bruniano, rivendicando per lui il riscatto sempre attuale dello spirito libero e per s\u00e9, anche a dispetto di certo misoginismo del nolano, la dignit\u00e0 di donna e di poeta, nell\u2019intento di proiettarsi, con coraggiosa passionalit\u00e0, oltre i limiti della miseria umana.<\/p>\n<p>Il Direttore<\/p>\n<p>Dott. Sergio Monforte<\/p>\n<\/div>\n<div align=\"center\"><object width=\"580\" height=\"394\" classid=\"clsid:d27cdb6e-ae6d-11cf-96b8-444553540000\" codebase=\"http:\/\/download.macromedia.com\/pub\/shockwave\/cabs\/flash\/swflash.cab#version=6,0,40,0\"><param name=\"allowfullscreen\" value=\"true\" \/><param name=\"allowscriptaccess\" value=\"always\" \/><param name=\"flashvars\" value=\"conf=http:\/\/www.umtvs.tv\/data\/intervistesupinomoscariello.xml&amp;guide=http:\/\/www.umtvs.tv\/data\/intervistesupinomoscarielloguide.xml&amp;banner=http:\/\/www.umtvs.tv\/data\/intervistesupinomoscariellobanner.xml&amp;commercial=http:\/\/www.umtvs.tv\/data\/intervistesupinomoscariellocommercial.xml\" \/><param name=\"src\" value=\"http:\/\/www.umtvs.tv\/misc\/flash\/VidiScript_player.swf\" \/><embed width=\"580\" height=\"394\" type=\"application\/x-shockwave-flash\" src=\"http:\/\/www.umtvs.tv\/misc\/flash\/VidiScript_player.swf\" allowfullscreen=\"true\" allowscriptaccess=\"always\" flashvars=\"conf=http:\/\/www.umtvs.tv\/data\/intervistesupinomoscariello.xml&amp;guide=http:\/\/www.umtvs.tv\/data\/intervistesupinomoscarielloguide.xml&amp;banner=http:\/\/www.umtvs.tv\/data\/intervistesupinomoscariellobanner.xml&amp;commercial=http:\/\/www.umtvs.tv\/data\/intervistesupinomoscariellocommercial.xml\" \/><\/object><\/div>\n<div align=\"center\">\n<div id='gallery-1' class='gallery galleryid-1865 gallery-columns-3 gallery-size-thumbnail'><figure class='gallery-item'>\n\t\t\t<div class='gallery-icon landscape'>\n\t\t\t\t<a href='https:\/\/www.ulisseland.com\/journal\/formia-umano-troppo-umano-giuseppe-supino-e-carmen-moscariello\/carmen-moscariello\/'><img loading=\"lazy\" decoding=\"async\" width=\"150\" height=\"150\" src=\"https:\/\/www.ulisseland.com\/journal\/wp-content\/uploads\/2012\/05\/Carmen-Moscariello-150x150.jpg\" class=\"attachment-thumbnail size-thumbnail\" alt=\"\" \/><\/a>\n\t\t\t<\/div><\/figure><figure class='gallery-item'>\n\t\t\t<div class='gallery-icon portrait'>\n\t\t\t\t<a href='https:\/\/www.ulisseland.com\/journal\/formia-umano-troppo-umano-giuseppe-supino-e-carmen-moscariello\/foto-vescovo-mons-donorio\/'><img loading=\"lazy\" decoding=\"async\" width=\"120\" height=\"150\" src=\"https:\/\/www.ulisseland.com\/journal\/wp-content\/uploads\/2012\/05\/Foto-vescovo-Mons.-DOnorio.jpg\" class=\"attachment-thumbnail size-thumbnail\" alt=\"\" aria-describedby=\"gallery-1-1868\" \/><\/a>\n\t\t\t<\/div>\n\t\t\t\t<figcaption class='wp-caption-text gallery-caption' id='gallery-1-1868'>\n\t\t\t\tL&#8217;Arcivescovo Mons. D&#8217;Onorio\n\t\t\t\t<\/figcaption><\/figure><figure class='gallery-item'>\n\t\t\t<div class='gallery-icon landscape'>\n\t\t\t\t<a href='https:\/\/www.ulisseland.com\/journal\/formia-umano-troppo-umano-giuseppe-supino-e-carmen-moscariello\/giuseppe-supino-e-luigi-cocomello\/'><img loading=\"lazy\" decoding=\"async\" width=\"150\" height=\"100\" src=\"https:\/\/www.ulisseland.com\/journal\/wp-content\/uploads\/2012\/05\/Giuseppe-Supino-e-Luigi-Cocomello-e1336060814584.jpg\" class=\"attachment-thumbnail size-thumbnail\" alt=\"\" \/><\/a>\n\t\t\t<\/div><\/figure><figure class='gallery-item'>\n\t\t\t<div class='gallery-icon landscape'>\n\t\t\t\t<a href='https:\/\/www.ulisseland.com\/journal\/formia-umano-troppo-umano-giuseppe-supino-e-carmen-moscariello\/ninnj-di-stefano\/'><img loading=\"lazy\" decoding=\"async\" width=\"150\" height=\"100\" src=\"https:\/\/www.ulisseland.com\/journal\/wp-content\/uploads\/2012\/05\/Ninnj-Di-Stefano-e1336061039787.jpg\" class=\"attachment-thumbnail size-thumbnail\" alt=\"\" aria-describedby=\"gallery-1-1870\" \/><\/a>\n\t\t\t<\/div>\n\t\t\t\t<figcaption class='wp-caption-text gallery-caption' id='gallery-1-1870'>\n\t\t\t\tLa Scrittirice Ninnj Di Stefano Bus\u00e0\n\t\t\t\t<\/figcaption><\/figure><figure class='gallery-item'>\n\t\t\t<div class='gallery-icon landscape'>\n\t\t\t\t<a href='https:\/\/www.ulisseland.com\/journal\/formia-umano-troppo-umano-giuseppe-supino-e-carmen-moscariello\/immagine-082\/'><img loading=\"lazy\" decoding=\"async\" width=\"150\" height=\"150\" src=\"https:\/\/www.ulisseland.com\/journal\/wp-content\/uploads\/2012\/05\/Immagine-082-150x150.jpg\" class=\"attachment-thumbnail size-thumbnail\" alt=\"\" \/><\/a>\n\t\t\t<\/div><\/figure><figure class='gallery-item'>\n\t\t\t<div class='gallery-icon portrait'>\n\t\t\t\t<a href='https:\/\/www.ulisseland.com\/journal\/formia-umano-troppo-umano-giuseppe-supino-e-carmen-moscariello\/immagine-004\/'><img loading=\"lazy\" decoding=\"async\" width=\"150\" height=\"150\" src=\"https:\/\/www.ulisseland.com\/journal\/wp-content\/uploads\/2012\/05\/Immagine-004-150x150.jpg\" class=\"attachment-thumbnail size-thumbnail\" alt=\"\" \/><\/a>\n\t\t\t<\/div><\/figure><figure class='gallery-item'>\n\t\t\t<div class='gallery-icon portrait'>\n\t\t\t\t<a href='https:\/\/www.ulisseland.com\/journal\/formia-umano-troppo-umano-giuseppe-supino-e-carmen-moscariello\/immagine-005\/'><img loading=\"lazy\" decoding=\"async\" width=\"150\" height=\"150\" src=\"https:\/\/www.ulisseland.com\/journal\/wp-content\/uploads\/2012\/05\/Immagine-005-150x150.jpg\" class=\"attachment-thumbnail size-thumbnail\" alt=\"\" \/><\/a>\n\t\t\t<\/div><\/figure><figure class='gallery-item'>\n\t\t\t<div class='gallery-icon landscape'>\n\t\t\t\t<a href='https:\/\/www.ulisseland.com\/journal\/formia-umano-troppo-umano-giuseppe-supino-e-carmen-moscariello\/immagine-006\/'><img loading=\"lazy\" decoding=\"async\" width=\"150\" height=\"150\" src=\"https:\/\/www.ulisseland.com\/journal\/wp-content\/uploads\/2012\/05\/Immagine-006-150x150.jpg\" class=\"attachment-thumbnail size-thumbnail\" alt=\"\" \/><\/a>\n\t\t\t<\/div><\/figure><figure class='gallery-item'>\n\t\t\t<div class='gallery-icon landscape'>\n\t\t\t\t<a href='https:\/\/www.ulisseland.com\/journal\/formia-umano-troppo-umano-giuseppe-supino-e-carmen-moscariello\/immagine-007\/'><img loading=\"lazy\" decoding=\"async\" width=\"150\" height=\"150\" src=\"https:\/\/www.ulisseland.com\/journal\/wp-content\/uploads\/2012\/05\/Immagine-007-150x150.jpg\" class=\"attachment-thumbnail size-thumbnail\" alt=\"\" \/><\/a>\n\t\t\t<\/div><\/figure><figure class='gallery-item'>\n\t\t\t<div class='gallery-icon landscape'>\n\t\t\t\t<a href='https:\/\/www.ulisseland.com\/journal\/formia-umano-troppo-umano-giuseppe-supino-e-carmen-moscariello\/immagine-008\/'><img loading=\"lazy\" decoding=\"async\" width=\"150\" height=\"150\" src=\"https:\/\/www.ulisseland.com\/journal\/wp-content\/uploads\/2012\/05\/Immagine-008-150x150.jpg\" class=\"attachment-thumbnail size-thumbnail\" alt=\"\" \/><\/a>\n\t\t\t<\/div><\/figure><figure class='gallery-item'>\n\t\t\t<div class='gallery-icon landscape'>\n\t\t\t\t<a href='https:\/\/www.ulisseland.com\/journal\/formia-umano-troppo-umano-giuseppe-supino-e-carmen-moscariello\/immagine-011\/'><img loading=\"lazy\" decoding=\"async\" width=\"150\" height=\"150\" src=\"https:\/\/www.ulisseland.com\/journal\/wp-content\/uploads\/2012\/05\/Immagine-011-150x150.jpg\" class=\"attachment-thumbnail size-thumbnail\" alt=\"\" \/><\/a>\n\t\t\t<\/div><\/figure><figure class='gallery-item'>\n\t\t\t<div class='gallery-icon portrait'>\n\t\t\t\t<a href='https:\/\/www.ulisseland.com\/journal\/formia-umano-troppo-umano-giuseppe-supino-e-carmen-moscariello\/immagine-013\/'><img loading=\"lazy\" decoding=\"async\" width=\"150\" height=\"150\" src=\"https:\/\/www.ulisseland.com\/journal\/wp-content\/uploads\/2012\/05\/Immagine-013-150x150.jpg\" class=\"attachment-thumbnail size-thumbnail\" alt=\"\" \/><\/a>\n\t\t\t<\/div><\/figure><figure class='gallery-item'>\n\t\t\t<div class='gallery-icon landscape'>\n\t\t\t\t<a href='https:\/\/www.ulisseland.com\/journal\/formia-umano-troppo-umano-giuseppe-supino-e-carmen-moscariello\/immagine-014\/'><img loading=\"lazy\" decoding=\"async\" width=\"150\" height=\"150\" src=\"https:\/\/www.ulisseland.com\/journal\/wp-content\/uploads\/2012\/05\/Immagine-014-150x150.jpg\" class=\"attachment-thumbnail size-thumbnail\" alt=\"\" \/><\/a>\n\t\t\t<\/div><\/figure><figure class='gallery-item'>\n\t\t\t<div class='gallery-icon landscape'>\n\t\t\t\t<a href='https:\/\/www.ulisseland.com\/journal\/formia-umano-troppo-umano-giuseppe-supino-e-carmen-moscariello\/immagine-015\/'><img loading=\"lazy\" decoding=\"async\" width=\"150\" height=\"150\" src=\"https:\/\/www.ulisseland.com\/journal\/wp-content\/uploads\/2012\/05\/Immagine-015-150x150.jpg\" class=\"attachment-thumbnail size-thumbnail\" alt=\"\" \/><\/a>\n\t\t\t<\/div><\/figure><figure class='gallery-item'>\n\t\t\t<div class='gallery-icon portrait'>\n\t\t\t\t<a href='https:\/\/www.ulisseland.com\/journal\/formia-umano-troppo-umano-giuseppe-supino-e-carmen-moscariello\/immagine-016\/'><img loading=\"lazy\" decoding=\"async\" width=\"150\" height=\"150\" src=\"https:\/\/www.ulisseland.com\/journal\/wp-content\/uploads\/2012\/05\/Immagine-016-150x150.jpg\" class=\"attachment-thumbnail size-thumbnail\" alt=\"\" \/><\/a>\n\t\t\t<\/div><\/figure><figure class='gallery-item'>\n\t\t\t<div class='gallery-icon landscape'>\n\t\t\t\t<a href='https:\/\/www.ulisseland.com\/journal\/formia-umano-troppo-umano-giuseppe-supino-e-carmen-moscariello\/immagine-019\/'><img loading=\"lazy\" decoding=\"async\" width=\"150\" height=\"150\" src=\"https:\/\/www.ulisseland.com\/journal\/wp-content\/uploads\/2012\/05\/Immagine-019-150x150.jpg\" class=\"attachment-thumbnail size-thumbnail\" alt=\"\" \/><\/a>\n\t\t\t<\/div><\/figure><figure class='gallery-item'>\n\t\t\t<div class='gallery-icon landscape'>\n\t\t\t\t<a href='https:\/\/www.ulisseland.com\/journal\/formia-umano-troppo-umano-giuseppe-supino-e-carmen-moscariello\/immagine-021\/'><img loading=\"lazy\" decoding=\"async\" width=\"150\" height=\"150\" src=\"https:\/\/www.ulisseland.com\/journal\/wp-content\/uploads\/2012\/05\/Immagine-021-150x150.jpg\" class=\"attachment-thumbnail size-thumbnail\" alt=\"\" \/><\/a>\n\t\t\t<\/div><\/figure><figure class='gallery-item'>\n\t\t\t<div class='gallery-icon landscape'>\n\t\t\t\t<a href='https:\/\/www.ulisseland.com\/journal\/formia-umano-troppo-umano-giuseppe-supino-e-carmen-moscariello\/immagine-023\/'><img loading=\"lazy\" decoding=\"async\" width=\"150\" height=\"150\" src=\"https:\/\/www.ulisseland.com\/journal\/wp-content\/uploads\/2012\/05\/Immagine-023-150x150.jpg\" class=\"attachment-thumbnail size-thumbnail\" alt=\"\" \/><\/a>\n\t\t\t<\/div><\/figure><figure class='gallery-item'>\n\t\t\t<div class='gallery-icon landscape'>\n\t\t\t\t<a href='https:\/\/www.ulisseland.com\/journal\/formia-umano-troppo-umano-giuseppe-supino-e-carmen-moscariello\/immagine-024\/'><img loading=\"lazy\" decoding=\"async\" width=\"150\" height=\"150\" src=\"https:\/\/www.ulisseland.com\/journal\/wp-content\/uploads\/2012\/05\/Immagine-024-150x150.jpg\" class=\"attachment-thumbnail size-thumbnail\" alt=\"\" \/><\/a>\n\t\t\t<\/div><\/figure><figure class='gallery-item'>\n\t\t\t<div class='gallery-icon landscape'>\n\t\t\t\t<a href='https:\/\/www.ulisseland.com\/journal\/formia-umano-troppo-umano-giuseppe-supino-e-carmen-moscariello\/immagine-025\/'><img loading=\"lazy\" decoding=\"async\" width=\"150\" height=\"150\" src=\"https:\/\/www.ulisseland.com\/journal\/wp-content\/uploads\/2012\/05\/Immagine-025-150x150.jpg\" class=\"attachment-thumbnail size-thumbnail\" alt=\"\" \/><\/a>\n\t\t\t<\/div><\/figure><figure class='gallery-item'>\n\t\t\t<div class='gallery-icon landscape'>\n\t\t\t\t<a href='https:\/\/www.ulisseland.com\/journal\/formia-umano-troppo-umano-giuseppe-supino-e-carmen-moscariello\/immagine-029\/'><img loading=\"lazy\" decoding=\"async\" width=\"150\" height=\"150\" src=\"https:\/\/www.ulisseland.com\/journal\/wp-content\/uploads\/2012\/05\/Immagine-029-150x150.jpg\" class=\"attachment-thumbnail size-thumbnail\" alt=\"\" \/><\/a>\n\t\t\t<\/div><\/figure><figure class='gallery-item'>\n\t\t\t<div class='gallery-icon landscape'>\n\t\t\t\t<a href='https:\/\/www.ulisseland.com\/journal\/formia-umano-troppo-umano-giuseppe-supino-e-carmen-moscariello\/immagine-034\/'><img loading=\"lazy\" decoding=\"async\" width=\"150\" height=\"150\" src=\"https:\/\/www.ulisseland.com\/journal\/wp-content\/uploads\/2012\/05\/Immagine-034-150x150.jpg\" class=\"attachment-thumbnail size-thumbnail\" alt=\"\" \/><\/a>\n\t\t\t<\/div><\/figure><figure class='gallery-item'>\n\t\t\t<div class='gallery-icon landscape'>\n\t\t\t\t<a href='https:\/\/www.ulisseland.com\/journal\/formia-umano-troppo-umano-giuseppe-supino-e-carmen-moscariello\/immagine-036\/'><img loading=\"lazy\" decoding=\"async\" width=\"150\" height=\"150\" src=\"https:\/\/www.ulisseland.com\/journal\/wp-content\/uploads\/2012\/05\/Immagine-036-150x150.jpg\" class=\"attachment-thumbnail size-thumbnail\" alt=\"\" \/><\/a>\n\t\t\t<\/div><\/figure><figure class='gallery-item'>\n\t\t\t<div class='gallery-icon landscape'>\n\t\t\t\t<a href='https:\/\/www.ulisseland.com\/journal\/formia-umano-troppo-umano-giuseppe-supino-e-carmen-moscariello\/immagine-038\/'><img loading=\"lazy\" decoding=\"async\" width=\"150\" height=\"150\" src=\"https:\/\/www.ulisseland.com\/journal\/wp-content\/uploads\/2012\/05\/Immagine-038-150x150.jpg\" class=\"attachment-thumbnail size-thumbnail\" alt=\"\" \/><\/a>\n\t\t\t<\/div><\/figure><figure class='gallery-item'>\n\t\t\t<div class='gallery-icon landscape'>\n\t\t\t\t<a href='https:\/\/www.ulisseland.com\/journal\/formia-umano-troppo-umano-giuseppe-supino-e-carmen-moscariello\/immagine-039\/'><img loading=\"lazy\" decoding=\"async\" width=\"150\" height=\"150\" src=\"https:\/\/www.ulisseland.com\/journal\/wp-content\/uploads\/2012\/05\/Immagine-039-150x150.jpg\" class=\"attachment-thumbnail size-thumbnail\" alt=\"\" \/><\/a>\n\t\t\t<\/div><\/figure><figure class='gallery-item'>\n\t\t\t<div class='gallery-icon landscape'>\n\t\t\t\t<a href='https:\/\/www.ulisseland.com\/journal\/formia-umano-troppo-umano-giuseppe-supino-e-carmen-moscariello\/immagine-040\/'><img loading=\"lazy\" decoding=\"async\" width=\"150\" height=\"150\" src=\"https:\/\/www.ulisseland.com\/journal\/wp-content\/uploads\/2012\/05\/Immagine-040-150x150.jpg\" class=\"attachment-thumbnail size-thumbnail\" alt=\"\" \/><\/a>\n\t\t\t<\/div><\/figure><figure class='gallery-item'>\n\t\t\t<div class='gallery-icon landscape'>\n\t\t\t\t<a href='https:\/\/www.ulisseland.com\/journal\/formia-umano-troppo-umano-giuseppe-supino-e-carmen-moscariello\/immagine-042\/'><img loading=\"lazy\" decoding=\"async\" width=\"150\" height=\"150\" src=\"https:\/\/www.ulisseland.com\/journal\/wp-content\/uploads\/2012\/05\/Immagine-042-150x150.jpg\" class=\"attachment-thumbnail size-thumbnail\" alt=\"\" \/><\/a>\n\t\t\t<\/div><\/figure><figure class='gallery-item'>\n\t\t\t<div class='gallery-icon landscape'>\n\t\t\t\t<a href='https:\/\/www.ulisseland.com\/journal\/formia-umano-troppo-umano-giuseppe-supino-e-carmen-moscariello\/immagine-043\/'><img loading=\"lazy\" decoding=\"async\" width=\"150\" height=\"150\" src=\"https:\/\/www.ulisseland.com\/journal\/wp-content\/uploads\/2012\/05\/Immagine-043-150x150.jpg\" class=\"attachment-thumbnail size-thumbnail\" alt=\"\" \/><\/a>\n\t\t\t<\/div><\/figure><figure class='gallery-item'>\n\t\t\t<div class='gallery-icon landscape'>\n\t\t\t\t<a href='https:\/\/www.ulisseland.com\/journal\/formia-umano-troppo-umano-giuseppe-supino-e-carmen-moscariello\/immagine-044\/'><img loading=\"lazy\" decoding=\"async\" width=\"150\" height=\"150\" src=\"https:\/\/www.ulisseland.com\/journal\/wp-content\/uploads\/2012\/05\/Immagine-044-150x150.jpg\" class=\"attachment-thumbnail size-thumbnail\" alt=\"\" \/><\/a>\n\t\t\t<\/div><\/figure><figure class='gallery-item'>\n\t\t\t<div class='gallery-icon portrait'>\n\t\t\t\t<a href='https:\/\/www.ulisseland.com\/journal\/formia-umano-troppo-umano-giuseppe-supino-e-carmen-moscariello\/immagine-045\/'><img loading=\"lazy\" decoding=\"async\" width=\"150\" height=\"150\" src=\"https:\/\/www.ulisseland.com\/journal\/wp-content\/uploads\/2012\/05\/Immagine-045-150x150.jpg\" class=\"attachment-thumbnail size-thumbnail\" alt=\"\" \/><\/a>\n\t\t\t<\/div><\/figure><figure class='gallery-item'>\n\t\t\t<div class='gallery-icon landscape'>\n\t\t\t\t<a href='https:\/\/www.ulisseland.com\/journal\/formia-umano-troppo-umano-giuseppe-supino-e-carmen-moscariello\/immagine-047\/'><img loading=\"lazy\" decoding=\"async\" width=\"150\" height=\"150\" src=\"https:\/\/www.ulisseland.com\/journal\/wp-content\/uploads\/2012\/05\/Immagine-047-150x150.jpg\" class=\"attachment-thumbnail size-thumbnail\" alt=\"\" \/><\/a>\n\t\t\t<\/div><\/figure><figure class='gallery-item'>\n\t\t\t<div class='gallery-icon landscape'>\n\t\t\t\t<a href='https:\/\/www.ulisseland.com\/journal\/formia-umano-troppo-umano-giuseppe-supino-e-carmen-moscariello\/immagine-048\/'><img loading=\"lazy\" decoding=\"async\" width=\"150\" height=\"150\" src=\"https:\/\/www.ulisseland.com\/journal\/wp-content\/uploads\/2012\/05\/Immagine-048-150x150.jpg\" class=\"attachment-thumbnail size-thumbnail\" alt=\"\" \/><\/a>\n\t\t\t<\/div><\/figure><figure class='gallery-item'>\n\t\t\t<div class='gallery-icon landscape'>\n\t\t\t\t<a href='https:\/\/www.ulisseland.com\/journal\/formia-umano-troppo-umano-giuseppe-supino-e-carmen-moscariello\/immagine-049\/'><img loading=\"lazy\" decoding=\"async\" width=\"150\" height=\"150\" src=\"https:\/\/www.ulisseland.com\/journal\/wp-content\/uploads\/2012\/05\/Immagine-049-150x150.jpg\" class=\"attachment-thumbnail size-thumbnail\" alt=\"\" \/><\/a>\n\t\t\t<\/div><\/figure><figure class='gallery-item'>\n\t\t\t<div class='gallery-icon landscape'>\n\t\t\t\t<a href='https:\/\/www.ulisseland.com\/journal\/formia-umano-troppo-umano-giuseppe-supino-e-carmen-moscariello\/immagine-050\/'><img loading=\"lazy\" decoding=\"async\" width=\"150\" height=\"150\" src=\"https:\/\/www.ulisseland.com\/journal\/wp-content\/uploads\/2012\/05\/Immagine-050-150x150.jpg\" class=\"attachment-thumbnail size-thumbnail\" alt=\"\" \/><\/a>\n\t\t\t<\/div><\/figure><figure class='gallery-item'>\n\t\t\t<div class='gallery-icon landscape'>\n\t\t\t\t<a href='https:\/\/www.ulisseland.com\/journal\/formia-umano-troppo-umano-giuseppe-supino-e-carmen-moscariello\/immagine-051\/'><img loading=\"lazy\" decoding=\"async\" width=\"150\" height=\"150\" src=\"https:\/\/www.ulisseland.com\/journal\/wp-content\/uploads\/2012\/05\/Immagine-051-150x150.jpg\" class=\"attachment-thumbnail size-thumbnail\" alt=\"\" \/><\/a>\n\t\t\t<\/div><\/figure><figure class='gallery-item'>\n\t\t\t<div class='gallery-icon landscape'>\n\t\t\t\t<a href='https:\/\/www.ulisseland.com\/journal\/formia-umano-troppo-umano-giuseppe-supino-e-carmen-moscariello\/immagine-053\/'><img loading=\"lazy\" decoding=\"async\" width=\"150\" height=\"150\" src=\"https:\/\/www.ulisseland.com\/journal\/wp-content\/uploads\/2012\/05\/Immagine-053-150x150.jpg\" class=\"attachment-thumbnail size-thumbnail\" alt=\"\" \/><\/a>\n\t\t\t<\/div><\/figure><figure class='gallery-item'>\n\t\t\t<div class='gallery-icon portrait'>\n\t\t\t\t<a href='https:\/\/www.ulisseland.com\/journal\/formia-umano-troppo-umano-giuseppe-supino-e-carmen-moscariello\/immagine-056\/'><img loading=\"lazy\" decoding=\"async\" width=\"150\" height=\"150\" src=\"https:\/\/www.ulisseland.com\/journal\/wp-content\/uploads\/2012\/05\/Immagine-056-150x150.jpg\" class=\"attachment-thumbnail size-thumbnail\" alt=\"\" \/><\/a>\n\t\t\t<\/div><\/figure><figure class='gallery-item'>\n\t\t\t<div class='gallery-icon landscape'>\n\t\t\t\t<a href='https:\/\/www.ulisseland.com\/journal\/formia-umano-troppo-umano-giuseppe-supino-e-carmen-moscariello\/immagine-059\/'><img loading=\"lazy\" decoding=\"async\" width=\"150\" height=\"150\" src=\"https:\/\/www.ulisseland.com\/journal\/wp-content\/uploads\/2012\/05\/Immagine-059-150x150.jpg\" class=\"attachment-thumbnail size-thumbnail\" alt=\"\" \/><\/a>\n\t\t\t<\/div><\/figure><figure class='gallery-item'>\n\t\t\t<div class='gallery-icon landscape'>\n\t\t\t\t<a href='https:\/\/www.ulisseland.com\/journal\/formia-umano-troppo-umano-giuseppe-supino-e-carmen-moscariello\/immagine-060\/'><img loading=\"lazy\" decoding=\"async\" width=\"150\" height=\"150\" src=\"https:\/\/www.ulisseland.com\/journal\/wp-content\/uploads\/2012\/05\/Immagine-060-150x150.jpg\" class=\"attachment-thumbnail size-thumbnail\" alt=\"\" \/><\/a>\n\t\t\t<\/div><\/figure><figure class='gallery-item'>\n\t\t\t<div class='gallery-icon landscape'>\n\t\t\t\t<a href='https:\/\/www.ulisseland.com\/journal\/formia-umano-troppo-umano-giuseppe-supino-e-carmen-moscariello\/immagine-061\/'><img loading=\"lazy\" decoding=\"async\" width=\"150\" height=\"150\" src=\"https:\/\/www.ulisseland.com\/journal\/wp-content\/uploads\/2012\/05\/Immagine-061-150x150.jpg\" class=\"attachment-thumbnail size-thumbnail\" alt=\"\" \/><\/a>\n\t\t\t<\/div><\/figure><figure class='gallery-item'>\n\t\t\t<div class='gallery-icon portrait'>\n\t\t\t\t<a href='https:\/\/www.ulisseland.com\/journal\/formia-umano-troppo-umano-giuseppe-supino-e-carmen-moscariello\/immagine-062\/'><img loading=\"lazy\" decoding=\"async\" width=\"150\" height=\"150\" src=\"https:\/\/www.ulisseland.com\/journal\/wp-content\/uploads\/2012\/05\/Immagine-062-150x150.jpg\" class=\"attachment-thumbnail size-thumbnail\" alt=\"\" \/><\/a>\n\t\t\t<\/div><\/figure><figure class='gallery-item'>\n\t\t\t<div class='gallery-icon landscape'>\n\t\t\t\t<a href='https:\/\/www.ulisseland.com\/journal\/formia-umano-troppo-umano-giuseppe-supino-e-carmen-moscariello\/immagine-066\/'><img loading=\"lazy\" decoding=\"async\" width=\"150\" height=\"150\" src=\"https:\/\/www.ulisseland.com\/journal\/wp-content\/uploads\/2012\/05\/Immagine-066-150x150.jpg\" class=\"attachment-thumbnail size-thumbnail\" alt=\"\" \/><\/a>\n\t\t\t<\/div><\/figure><figure class='gallery-item'>\n\t\t\t<div class='gallery-icon portrait'>\n\t\t\t\t<a href='https:\/\/www.ulisseland.com\/journal\/formia-umano-troppo-umano-giuseppe-supino-e-carmen-moscariello\/immagine-067\/'><img loading=\"lazy\" decoding=\"async\" width=\"150\" height=\"150\" src=\"https:\/\/www.ulisseland.com\/journal\/wp-content\/uploads\/2012\/05\/Immagine-067-150x150.jpg\" class=\"attachment-thumbnail size-thumbnail\" alt=\"\" \/><\/a>\n\t\t\t<\/div><\/figure><figure class='gallery-item'>\n\t\t\t<div class='gallery-icon portrait'>\n\t\t\t\t<a href='https:\/\/www.ulisseland.com\/journal\/formia-umano-troppo-umano-giuseppe-supino-e-carmen-moscariello\/immagine-069\/'><img loading=\"lazy\" decoding=\"async\" width=\"150\" height=\"150\" src=\"https:\/\/www.ulisseland.com\/journal\/wp-content\/uploads\/2012\/05\/Immagine-069-150x150.jpg\" class=\"attachment-thumbnail size-thumbnail\" alt=\"\" \/><\/a>\n\t\t\t<\/div><\/figure><figure class='gallery-item'>\n\t\t\t<div class='gallery-icon landscape'>\n\t\t\t\t<a href='https:\/\/www.ulisseland.com\/journal\/formia-umano-troppo-umano-giuseppe-supino-e-carmen-moscariello\/immagine-070\/'><img loading=\"lazy\" decoding=\"async\" width=\"150\" height=\"150\" src=\"https:\/\/www.ulisseland.com\/journal\/wp-content\/uploads\/2012\/05\/Immagine-070-150x150.jpg\" class=\"attachment-thumbnail size-thumbnail\" alt=\"\" \/><\/a>\n\t\t\t<\/div><\/figure><figure class='gallery-item'>\n\t\t\t<div class='gallery-icon landscape'>\n\t\t\t\t<a href='https:\/\/www.ulisseland.com\/journal\/formia-umano-troppo-umano-giuseppe-supino-e-carmen-moscariello\/immagine-071\/'><img loading=\"lazy\" decoding=\"async\" width=\"150\" height=\"150\" src=\"https:\/\/www.ulisseland.com\/journal\/wp-content\/uploads\/2012\/05\/Immagine-071-150x150.jpg\" class=\"attachment-thumbnail size-thumbnail\" alt=\"\" \/><\/a>\n\t\t\t<\/div><\/figure><figure class='gallery-item'>\n\t\t\t<div class='gallery-icon portrait'>\n\t\t\t\t<a href='https:\/\/www.ulisseland.com\/journal\/formia-umano-troppo-umano-giuseppe-supino-e-carmen-moscariello\/immagine-076\/'><img loading=\"lazy\" decoding=\"async\" width=\"150\" height=\"150\" src=\"https:\/\/www.ulisseland.com\/journal\/wp-content\/uploads\/2012\/05\/Immagine-076-150x150.jpg\" class=\"attachment-thumbnail size-thumbnail\" alt=\"\" \/><\/a>\n\t\t\t<\/div><\/figure><figure class='gallery-item'>\n\t\t\t<div class='gallery-icon portrait'>\n\t\t\t\t<a href='https:\/\/www.ulisseland.com\/journal\/formia-umano-troppo-umano-giuseppe-supino-e-carmen-moscariello\/immagine-077\/'><img loading=\"lazy\" decoding=\"async\" width=\"150\" height=\"150\" src=\"https:\/\/www.ulisseland.com\/journal\/wp-content\/uploads\/2012\/05\/Immagine-077-150x150.jpg\" class=\"attachment-thumbnail size-thumbnail\" alt=\"\" \/><\/a>\n\t\t\t<\/div><\/figure><figure class='gallery-item'>\n\t\t\t<div class='gallery-icon landscape'>\n\t\t\t\t<a href='https:\/\/www.ulisseland.com\/journal\/formia-umano-troppo-umano-giuseppe-supino-e-carmen-moscariello\/immagine-079\/'><img loading=\"lazy\" decoding=\"async\" width=\"150\" height=\"150\" src=\"https:\/\/www.ulisseland.com\/journal\/wp-content\/uploads\/2012\/05\/Immagine-079-150x150.jpg\" class=\"attachment-thumbnail size-thumbnail\" alt=\"\" \/><\/a>\n\t\t\t<\/div><\/figure><figure class='gallery-item'>\n\t\t\t<div class='gallery-icon landscape'>\n\t\t\t\t<a href='https:\/\/www.ulisseland.com\/journal\/formia-umano-troppo-umano-giuseppe-supino-e-carmen-moscariello\/immagine-080\/'><img loading=\"lazy\" decoding=\"async\" width=\"150\" height=\"150\" src=\"https:\/\/www.ulisseland.com\/journal\/wp-content\/uploads\/2012\/05\/Immagine-080-150x150.jpg\" class=\"attachment-thumbnail size-thumbnail\" alt=\"\" \/><\/a>\n\t\t\t<\/div><\/figure><figure class='gallery-item'>\n\t\t\t<div class='gallery-icon landscape'>\n\t\t\t\t<a href='https:\/\/www.ulisseland.com\/journal\/formia-umano-troppo-umano-giuseppe-supino-e-carmen-moscariello\/immagine-081\/'><img loading=\"lazy\" decoding=\"async\" width=\"150\" height=\"150\" src=\"https:\/\/www.ulisseland.com\/journal\/wp-content\/uploads\/2012\/05\/Immagine-081-150x150.jpg\" class=\"attachment-thumbnail size-thumbnail\" alt=\"\" \/><\/a>\n\t\t\t<\/div><\/figure>\n\t\t<\/div>\n\n<\/div>\n","protected":false},"excerpt":{"rendered":"<p>Con la presenza e la Benedizione alla mostra-evento di\u00a0Sua Ecc.za Rev.ma Monsignor Fabio Bernardo D\u2019ONORIO Arcivescovo di Gaeta &#8211; \u00a0\u00e8 iniziata la serata-evento, organizzata nelle sale del Castello Miramare. Presente un folto pubblico di appassionati d\u2019arte e di poesia, la presentazione degli artisti \u00e8 stata effettuata dalla Ninnj Di Stefano Bus\u00e0, Giornalista, critico letterario, poetessa,<\/p>\n","protected":false},"author":1,"featured_media":0,"comment_status":"open","ping_status":"open","sticky":false,"template":"","format":"standard","meta":{"footnotes":""},"categories":[32,14,12,10,11,35],"tags":[],"class_list":["post-1865","post","type-post","status-publish","format-standard","hentry","category-autori","category-comune-di-formia","category-cultura","category-editoriale","category-enti","category-musei"],"_links":{"self":[{"href":"https:\/\/www.ulisseland.com\/journal\/wp-json\/wp\/v2\/posts\/1865","targetHints":{"allow":["GET"]}}],"collection":[{"href":"https:\/\/www.ulisseland.com\/journal\/wp-json\/wp\/v2\/posts"}],"about":[{"href":"https:\/\/www.ulisseland.com\/journal\/wp-json\/wp\/v2\/types\/post"}],"author":[{"embeddable":true,"href":"https:\/\/www.ulisseland.com\/journal\/wp-json\/wp\/v2\/users\/1"}],"replies":[{"embeddable":true,"href":"https:\/\/www.ulisseland.com\/journal\/wp-json\/wp\/v2\/comments?post=1865"}],"version-history":[{"count":20,"href":"https:\/\/www.ulisseland.com\/journal\/wp-json\/wp\/v2\/posts\/1865\/revisions"}],"predecessor-version":[{"id":3360,"href":"https:\/\/www.ulisseland.com\/journal\/wp-json\/wp\/v2\/posts\/1865\/revisions\/3360"}],"wp:attachment":[{"href":"https:\/\/www.ulisseland.com\/journal\/wp-json\/wp\/v2\/media?parent=1865"}],"wp:term":[{"taxonomy":"category","embeddable":true,"href":"https:\/\/www.ulisseland.com\/journal\/wp-json\/wp\/v2\/categories?post=1865"},{"taxonomy":"post_tag","embeddable":true,"href":"https:\/\/www.ulisseland.com\/journal\/wp-json\/wp\/v2\/tags?post=1865"}],"curies":[{"name":"wp","href":"https:\/\/api.w.org\/{rel}","templated":true}]}}