{"id":1844,"date":"2012-05-03T14:11:38","date_gmt":"2012-05-03T14:11:38","guid":{"rendered":"http:\/\/www.ulisseland.com\/journal\/?p=1844&#038;lang=it"},"modified":"2014-02-18T15:50:54","modified_gmt":"2014-02-18T14:50:54","slug":"gaeta-mitrano-illumina-il-mausoleo-di-atratino","status":"publish","type":"post","link":"https:\/\/www.ulisseland.com\/journal\/gaeta-mitrano-illumina-il-mausoleo-di-atratino\/","title":{"rendered":"GAETA: Mitrano illumina il Mausoleo di Atratino"},"content":{"rendered":"<p><a href=\"https:\/\/www.ulisseland.com\/journal\/wp-content\/uploads\/2012\/05\/atratino_mitrano-e1336054149997.jpg\"><img loading=\"lazy\" decoding=\"async\" class=\"alignleft  wp-image-1842\" title=\"atratino_mitrano\" src=\"https:\/\/www.ulisseland.com\/journal\/wp-content\/uploads\/2012\/05\/atratino_mitrano-e1336054149997.jpg\" alt=\"\" width=\"211\" height=\"202\" \/><\/a>Dopo molti decenni di incuria e di abbandono, finalmente viene riportato alla luce il Mausoleo del console romano Lucio Sempronio Atratino, monumento funerario circolare costruito intorno al 20 a.C., contemporaneo quindi a quello di Lucio Munazio Planco, entrambi tra i primi di questo genere ad essere realizzati, su modello del Mausoleo di Augusto che risale al 29 a.C. Dal 1\u00b0 maggio la maestosa costruzione a pianta circolare \u00e8 visibile anche di notte grazie ad un accurato sistema di illuminazione che conferisce al monumento un particolare effetto cromatico.<br \/>\nNella serata del 1\u00b0 maggio, il commissario straordinario del Parco Regionale Riviera di Ulisse Cosmo Mitrano ha dato il via all\u2019accensione dei riflettori insieme a Sabina Mitrano, dottore di ricerca in Storia Antica dell\u2019Universit\u00e0 La Sapienza di Roma e allo storico Luigi Cardi, professore emerito di Geografia presso l\u2019Istituto Universitario Orientale di Napoli. Dopo i lusinghieri risultati conseguiti lo scorso anno con la riapertura al pubblico del Mausoleo di Lucio Munazio Planco, Il Parco ha avuto in affidamento anche quest\u2019importante monumento dalla Soprintendenza per i Beni archeologici del Lazio.<br \/>\n<a href=\"https:\/\/www.ulisseland.com\/journal\/wp-content\/uploads\/2012\/05\/atratino4-e1336054180923.jpg\"><img loading=\"lazy\" decoding=\"async\" class=\"alignright  wp-image-1843\" title=\"atratino4\" src=\"https:\/\/www.ulisseland.com\/journal\/wp-content\/uploads\/2012\/05\/atratino4-e1336054180923.jpg\" alt=\"\" width=\"264\" height=\"175\" \/><\/a>Dopo i necessari interventi di pulizia, Mitrano ha voluto dare risalto alla struttura monumentale dotandola di un \u00absistema di illuminazione che rende merito alla maestosit\u00e0 dell\u2019edificio, nonostante sia stato spoliato del suo rivestimento in et\u00e0 medievale per la costruzione di altri monumenti gaetani, primo fra tutti il campanile del duomo\u00bb. Tuttavia, Mitrano sottolinea che \u00abresta importante il suo legame con la citt\u00e0 e col quartiere che da esso prende il nome, poich\u00e9 la tomba ha partecipato alle varie vicende storiche di cui la citt\u00e0 \u00e8 stata protagonista nella storia, fino a divenire nel corso del 1900 ricovero per animali\u00bb. \u00abL\u2019edificio monumentale \u2013 conclude \u2013 dovr\u00e0 essere sottoposto ad una serie di interventi di manutenzione e messa in sicurezza prima che possa essere aperto al pubblico\u00bb.<\/p>\n<p>&nbsp;<\/p>\n<p>Il Direttore<\/p>\n<p>Dott. Sergio Monforte<\/p>\n","protected":false},"excerpt":{"rendered":"<p>Dopo molti decenni di incuria e di abbandono, finalmente viene riportato alla luce il Mausoleo del console romano Lucio Sempronio Atratino, monumento funerario circolare costruito intorno al 20 a.C., contemporaneo quindi a quello di Lucio Munazio Planco, entrambi tra i primi di questo genere ad essere realizzati, su modello del Mausoleo di Augusto che risale<\/p>\n","protected":false},"author":1,"featured_media":0,"comment_status":"open","ping_status":"open","sticky":false,"template":"","format":"standard","meta":{"footnotes":""},"categories":[20,11],"tags":[],"class_list":["post-1844","post","type-post","status-publish","format-standard","hentry","category-comune-di-gaeta","category-enti"],"_links":{"self":[{"href":"https:\/\/www.ulisseland.com\/journal\/wp-json\/wp\/v2\/posts\/1844","targetHints":{"allow":["GET"]}}],"collection":[{"href":"https:\/\/www.ulisseland.com\/journal\/wp-json\/wp\/v2\/posts"}],"about":[{"href":"https:\/\/www.ulisseland.com\/journal\/wp-json\/wp\/v2\/types\/post"}],"author":[{"embeddable":true,"href":"https:\/\/www.ulisseland.com\/journal\/wp-json\/wp\/v2\/users\/1"}],"replies":[{"embeddable":true,"href":"https:\/\/www.ulisseland.com\/journal\/wp-json\/wp\/v2\/comments?post=1844"}],"version-history":[{"count":4,"href":"https:\/\/www.ulisseland.com\/journal\/wp-json\/wp\/v2\/posts\/1844\/revisions"}],"predecessor-version":[{"id":1847,"href":"https:\/\/www.ulisseland.com\/journal\/wp-json\/wp\/v2\/posts\/1844\/revisions\/1847"}],"wp:attachment":[{"href":"https:\/\/www.ulisseland.com\/journal\/wp-json\/wp\/v2\/media?parent=1844"}],"wp:term":[{"taxonomy":"category","embeddable":true,"href":"https:\/\/www.ulisseland.com\/journal\/wp-json\/wp\/v2\/categories?post=1844"},{"taxonomy":"post_tag","embeddable":true,"href":"https:\/\/www.ulisseland.com\/journal\/wp-json\/wp\/v2\/tags?post=1844"}],"curies":[{"name":"wp","href":"https:\/\/api.w.org\/{rel}","templated":true}]}}