{"id":1839,"date":"2012-05-02T13:48:21","date_gmt":"2012-05-02T13:48:21","guid":{"rendered":"http:\/\/www.ulisseland.com\/journal\/?p=1839&#038;lang=it"},"modified":"2012-05-02T13:48:21","modified_gmt":"2012-05-02T13:48:21","slug":"roma-convegno-per-il-centenario-della-nascita-di-francesco-parrillo-call-for-papers","status":"publish","type":"post","link":"https:\/\/www.ulisseland.com\/journal\/roma-convegno-per-il-centenario-della-nascita-di-francesco-parrillo-call-for-papers\/","title":{"rendered":"ROMA &#8211; Convegno per il Centenario della nascita di Francesco Parrillo: Call for Papers"},"content":{"rendered":"<p>In occasione del centenario della nascita del prof. Francesco Parrillo (1912 \u2013 2012), l&#8217;Istituto di Cultura Bancaria e Rivista Bancaria \u2013 Minerva Bancaria organizzano un convegno, che si terr\u00e0 a Roma nel mese di giugno, dal titolo:<em><strong> L&#8217;eredit\u00e0 della crisi: stabilit\u00e0 ed efficienza come sfide per l&#8217;euro<\/strong><\/em>.<\/p>\n<p>Premiato da <strong>Ciampi per i 25 anni di Cavalierato, Francesco Parrillo Presidente \u00abBanca e Borsa\u00bb<\/strong>, aveva dedicato la sua vita all&#8217; impegno e agli studi nel settore bancario, con oltre 600 pubblicazioni: Francesco Parrillo, presidente dell&#8217; Istituto per l&#8217; Enciclopedia della banca e della Borsa, dell&#8217; istituto di Cultura bancaria e direttore della rivista bancaria Minerva, \u00e8 morto a Roma. Era nato a Fontegreca, in provincia di Caserta nel 1912 e nel corso della sua lunga carriera aveva ricoperto numerosi incarichi nel sistema del credito.<\/p>\n<p>Nel novembre del 2002 aveva ricevuto dal presidente della Repubblica Ciampi un riconoscimento per i 25 anni dalla nomina a Cavaliere del Lavoro, assieme a Giovanni Agnelli, Leopoldo Pirelli e Silvio Berlusconi. Parrillo era professore emerito del&#8217; Universit\u00e0 di Roma La Sapienza ed aveva a lungo guidato l&#8217; Associazione nazionale fra le Banche popolari.<\/p>\n<p>A cura del<\/p>\n<p>Dott. Lorenzo Paliotta<\/p>\n<p align=\"center\">\n\t<iframe loading=\"lazy\" frameborder=\"0\" height=\"830px\" scrolling=\"yes\" src=\"https:\/\/www.ulisseland.com\/journal\/wp-content\/uploads\/2012\/05\/Convegno-centenario-Francesco-Parrillo-locandina-v-3.pdf\" width=\"600\">Contenuto alternativo per i browser che non leggono gli iframe.<\/iframe><\/p>\n<p align=\"center\">\n\t<iframe loading=\"lazy\" frameborder=\"0\" height=\"830px\" scrolling=\"yes\" src=\"https:\/\/www.ulisseland.com\/journal\/wp-content\/uploads\/2012\/05\/Locandina-Minerva.pdf\" width=\"600\">Contenuto alternativo per i browser che non leggono gli iframe.<\/iframe><\/p>\n","protected":false},"excerpt":{"rendered":"<p>In occasione del centenario della nascita del prof. Francesco Parrillo (1912 \u2013 2012), l&#8217;Istituto di Cultura Bancaria e Rivista Bancaria \u2013 Minerva Bancaria organizzano un convegno, che si terr\u00e0 a Roma nel mese di giugno, dal titolo: L&#8217;eredit\u00e0 della crisi: stabilit\u00e0 ed efficienza come sfide per l&#8217;euro. Premiato da Ciampi per i 25 anni di<\/p>\n","protected":false},"author":1,"featured_media":0,"comment_status":"open","ping_status":"open","sticky":false,"template":"","format":"standard","meta":{"footnotes":""},"categories":[10],"tags":[],"class_list":["post-1839","post","type-post","status-publish","format-standard","hentry","category-editoriale"],"_links":{"self":[{"href":"https:\/\/www.ulisseland.com\/journal\/wp-json\/wp\/v2\/posts\/1839","targetHints":{"allow":["GET"]}}],"collection":[{"href":"https:\/\/www.ulisseland.com\/journal\/wp-json\/wp\/v2\/posts"}],"about":[{"href":"https:\/\/www.ulisseland.com\/journal\/wp-json\/wp\/v2\/types\/post"}],"author":[{"embeddable":true,"href":"https:\/\/www.ulisseland.com\/journal\/wp-json\/wp\/v2\/users\/1"}],"replies":[{"embeddable":true,"href":"https:\/\/www.ulisseland.com\/journal\/wp-json\/wp\/v2\/comments?post=1839"}],"version-history":[{"count":2,"href":"https:\/\/www.ulisseland.com\/journal\/wp-json\/wp\/v2\/posts\/1839\/revisions"}],"predecessor-version":[{"id":1841,"href":"https:\/\/www.ulisseland.com\/journal\/wp-json\/wp\/v2\/posts\/1839\/revisions\/1841"}],"wp:attachment":[{"href":"https:\/\/www.ulisseland.com\/journal\/wp-json\/wp\/v2\/media?parent=1839"}],"wp:term":[{"taxonomy":"category","embeddable":true,"href":"https:\/\/www.ulisseland.com\/journal\/wp-json\/wp\/v2\/categories?post=1839"},{"taxonomy":"post_tag","embeddable":true,"href":"https:\/\/www.ulisseland.com\/journal\/wp-json\/wp\/v2\/tags?post=1839"}],"curies":[{"name":"wp","href":"https:\/\/api.w.org\/{rel}","templated":true}]}}