{"id":1822,"date":"2012-05-02T11:39:03","date_gmt":"2012-05-02T11:39:03","guid":{"rendered":"http:\/\/www.ulisseland.com\/journal\/?p=1822&#038;lang=it"},"modified":"2012-05-02T11:39:03","modified_gmt":"2012-05-02T11:39:03","slug":"ss-cosma-e-damiano-nuova-struttura-sanitaria-del-distretto-5","status":"publish","type":"post","link":"https:\/\/www.ulisseland.com\/journal\/ss-cosma-e-damiano-nuova-struttura-sanitaria-del-distretto-5\/","title":{"rendered":"SS. COSMA e DAMIANO: NUOVA STRUTTURA SANITARIA DEL DISTRETTO 5"},"content":{"rendered":"<p><a href=\"https:\/\/www.ulisseland.com\/journal\/wp-content\/uploads\/2012\/05\/Foto-San-Cosma-e-Damiano.png\"><img loading=\"lazy\" decoding=\"async\" class=\"aligncenter size-full wp-image-1826\" title=\"Foto San Cosma e Damiano\" src=\"https:\/\/www.ulisseland.com\/journal\/wp-content\/uploads\/2012\/05\/Foto-San-Cosma-e-Damiano.png\" alt=\"\" width=\"512\" height=\"200\" \/><\/a>Continua l&#8217;attivit\u00e0 di potenziamento del Poliambulatorio distrettuale di SS Cosma e Damiano. Da oggi, 2 maggio, sar\u00e0 infatti attivato l&#8217;Ambulatorio Infermieristico del Distretto 5 presso la struttura sancosimese. Tale ambulatorio sar\u00e0 operativo tutti i giorni dal marted\u00ec al venerd\u00ec con orario di apertura dalle ore 07,30 alle ore 09,30.<\/p>\n<p>Per poter accedere all&#8217;ambulatorio \u00e8 necessaria la rescrizione del Medico di Famiglia, o del Pediatra di libera scelta.<\/p>\n<p>Le modalit\u00e0 di presentazione possono avvenire per accettazione diretta e gestione delle eventuali prestazioni successive al primo accesso da parte del personale dell&#8217;ambulatorio.<\/p>\n<figure id=\"attachment_1828\" aria-describedby=\"caption-attachment-1828\" style=\"width: 119px\" class=\"wp-caption alignright\"><img loading=\"lazy\" decoding=\"async\" class=\" wp-image-1828   \" title=\"Dr. Antonio Graziano\" src=\"https:\/\/www.ulisseland.com\/journal\/wp-content\/uploads\/2012\/05\/Dott.-Antonio-Graziano1-e1335958594943.jpg\" alt=\"\" width=\"119\" height=\"170\" \/><figcaption id=\"caption-attachment-1828\" class=\"wp-caption-text\">Dr. Antonio Graziano<\/figcaption><\/figure>\n<p>Nell&#8217;ambito della nuova disciplina saranno realizzate restazioni di terapia educazionale diabetico individuale, terapia educazionale diabetico collettiva, iniezione o infusione di altre sostanze, medicazioni, fasciature, irrigazione di catetere vascolare, bendaggio adesivo elastico,\u00a0 e prelievo di sangue venoso. Tale attivit\u00e0 persegue l&#8217;obiettivo di dare aiuto a quei settori della popolazione di ogni fascia di et\u00e0 che non abbisognano di cure legate alle strutture ospedaliere!<\/p>\n<p>Pertanto in questo modo oltre a fornire un servizio di grande importanza per un territorio privo di grandi strutture, si riesce a realizzare anche uno sgravio dei sovraffollamenti delle strutture ospedaliere stesse!<\/p>\n<p>Oltre il suddetto ambulatorio infermieristico, tra qualche settimana partir\u00e0 anche l&#8217;Ambulatorio della Medicina dello Sport, grazie all&#8217;acquisizione\u00a0 di uno spirometro donato dall&#8217;Amministrazione Comunale al Distretto 5.<\/p>\n<p>&nbsp;<\/p>\n<p>Il Direttore<\/p>\n<p>Dott. Sergio Monforte<\/p>\n","protected":false},"excerpt":{"rendered":"<p>Continua l&#8217;attivit\u00e0 di potenziamento del Poliambulatorio distrettuale di SS Cosma e Damiano. Da oggi, 2 maggio, sar\u00e0 infatti attivato l&#8217;Ambulatorio Infermieristico del Distretto 5 presso la struttura sancosimese. Tale ambulatorio sar\u00e0 operativo tutti i giorni dal marted\u00ec al venerd\u00ec con orario di apertura dalle ore 07,30 alle ore 09,30. Per poter accedere all&#8217;ambulatorio \u00e8 necessaria<\/p>\n","protected":false},"author":1,"featured_media":0,"comment_status":"open","ping_status":"open","sticky":false,"template":"","format":"standard","meta":{"footnotes":""},"categories":[37,11],"tags":[],"class_list":["post-1822","post","type-post","status-publish","format-standard","hentry","category-comune-di-ss-cosma-e-damiano","category-enti"],"_links":{"self":[{"href":"https:\/\/www.ulisseland.com\/journal\/wp-json\/wp\/v2\/posts\/1822","targetHints":{"allow":["GET"]}}],"collection":[{"href":"https:\/\/www.ulisseland.com\/journal\/wp-json\/wp\/v2\/posts"}],"about":[{"href":"https:\/\/www.ulisseland.com\/journal\/wp-json\/wp\/v2\/types\/post"}],"author":[{"embeddable":true,"href":"https:\/\/www.ulisseland.com\/journal\/wp-json\/wp\/v2\/users\/1"}],"replies":[{"embeddable":true,"href":"https:\/\/www.ulisseland.com\/journal\/wp-json\/wp\/v2\/comments?post=1822"}],"version-history":[{"count":6,"href":"https:\/\/www.ulisseland.com\/journal\/wp-json\/wp\/v2\/posts\/1822\/revisions"}],"predecessor-version":[{"id":1831,"href":"https:\/\/www.ulisseland.com\/journal\/wp-json\/wp\/v2\/posts\/1822\/revisions\/1831"}],"wp:attachment":[{"href":"https:\/\/www.ulisseland.com\/journal\/wp-json\/wp\/v2\/media?parent=1822"}],"wp:term":[{"taxonomy":"category","embeddable":true,"href":"https:\/\/www.ulisseland.com\/journal\/wp-json\/wp\/v2\/categories?post=1822"},{"taxonomy":"post_tag","embeddable":true,"href":"https:\/\/www.ulisseland.com\/journal\/wp-json\/wp\/v2\/tags?post=1822"}],"curies":[{"name":"wp","href":"https:\/\/api.w.org\/{rel}","templated":true}]}}