{"id":1818,"date":"2012-05-02T11:17:51","date_gmt":"2012-05-02T11:17:51","guid":{"rendered":"http:\/\/www.ulisseland.com\/journal\/?p=1818&#038;lang=it"},"modified":"2012-05-02T11:32:00","modified_gmt":"2012-05-02T11:32:00","slug":"formia-prende-il-via-il-progetto-regionale-med-esclusi-i-presidi-ospedalieri-del-sudpontino-un-intervento-del-dottor-francesco-carta","status":"publish","type":"post","link":"https:\/\/www.ulisseland.com\/journal\/formia-prende-il-via-il-progetto-regionale-med-esclusi-i-presidi-ospedalieri-del-sudpontino-un-intervento-del-dottor-francesco-carta\/","title":{"rendered":"FORMIA: Prende il via il progetto regionale \u201cMED\u201d. Esclusi i presidi ospedalieri del                     Sudpontino. Un intervento del dottor Francesco Carta."},"content":{"rendered":"<figure id=\"attachment_1817\" aria-describedby=\"caption-attachment-1817\" style=\"width: 180px\" class=\"wp-caption alignleft\"><img loading=\"lazy\" decoding=\"async\" class=\" wp-image-1817  \" title=\"Francesco Carta\" src=\"https:\/\/www.ulisseland.com\/journal\/wp-content\/uploads\/2012\/05\/Francesco-Carta-e1335957195390.jpg\" alt=\"\" width=\"180\" height=\"271\" \/><figcaption id=\"caption-attachment-1817\" class=\"wp-caption-text\">Francesco Carta<\/figcaption><\/figure>\n<p>La Regione Lazio ha promosso il progetto MED allo scopo di assistere, tramite i medici di famiglia, quei pazienti affetti da eventi morbosi lievi. Si tratta di un percorso alternativo al Pronto Soccorso per migliorare l\u2019appropriatezza delle prestazioni per i pazienti in codice bianco e verde, privi di urgenza clinica.<\/p>\n<p>Dalla giornata di oggi, 2 maggio, saranno pienamente operativi, presso i tredici Pronto Soccorso del territorio regionale, 13 Ambulatori MED \u201cPercorso Veloce Codici Bianchi e Verdi\u201d gestiti da medici di medicina generale e aperti dalle ore 8 alle ore 20, 7 giorni su 7. Sarebbe\u00a0 attiva inoltre, a partire dal 26 aprile, la centrale operativa che risponde allo 06.58.70.2464, dalle ore 8 alle ore 20, 7 giorni su 7, con medici di medicina generale che offrono \u201con call\u201d (su richiesta) assistenza al cittadino e rispondono a tutte le domande. La centrale operativa \u00e8 in grado anche di indicare al cittadino l\u2019Unit\u00e0 di Cure Primarie pi\u00f9 vicina alla sua posizione geografica.<\/p>\n<p>L&#8217;esperimento inizier\u00e0 il 2\u00a0 maggio 2012\u00a0 per concludersi nell&#8217;aprile del 2013. Questo progetto consentir\u00e0 alle strutture e ai medici ospedalieri di potersi dedicare ai pazienti affetti da patologie pi\u00f9 acute e gravi (codici rossi). Ebbene\u00a0 tra i\u00a0 centri indicati per la sperimentazione ci sono gli ospedali \u201cFabrizio Spaziani\u201d di Frosinone, \u201cSanta Scolastica\u201d di Cassino, \u201cSanta Maria Goretti\u201d di Latina ma non il Dono Svizzero di Formia.<\/p>\n<p>Ancora una volta Formia \u00e8 esclusa e non se ne comprende la ragione. Infatti ove si consideri la densit\u00e0 demografica del centro sud della nostra provincia che dai 200 mila\u00a0 residenti passa a 300-350 mila nei mesi estivi, l&#8217;esclusione del Dono Svizzero appare veramente eclatante. Insomma per dirla tutta si vorrebbe conoscere la ragione per la qualela Provinciadi Frosinone, oltre al capoluogo,\u00a0 ha il progetto MED anche a Cassino, mentre per Latina \u00e8 previsto solo al Goretti.<\/p>\n<p>Date la difficolt\u00e0 del \u201cDono Svizzero\u201d e gli impegni assunti il 6 marzo scorso (incontro con il Sindaco, l\u2019Assessore Regionale Aldo Forte) per un\u00a0 potenziamento del personale e delle apparecchiature, poteva essere questa un&#8217;occasione da non perdere. Infatti\u00a0 l&#8217;alleggerimento delle attivit\u00e0 del DEA di Formia, per i casi lievi e soprattutto nei mesi estivi, sarebbe stata una vera e propria boccata d&#8217;ossigeno.<\/p>\n<p>Si resta veramente sconcertati di fronte alle dichiarazioni dell&#8217;Assessore Regionale Aldo Forte che esprime soddisfazione perch\u00e8 \u201canche il territorio di Latina far\u00e0 parte del progetto regionale che verr\u00e0 attivato al \u201cGoretti\u201d\u00a0 in modo tale da garantire ai cittadini del capoluogo pontino una risposta pi\u00f9 appropriata, pi\u00f9 veloce e quindi pi\u00f9 efficace\u201d. Come al solito i cittadini del centro sud della Provincia restano\u00a0 di serie B.<\/p>\n<p>&nbsp;<\/p>\n<p>Il Direttore<\/p>\n<p>Dott. Sergio Monforte<\/p>\n<p><a href=\"http:\/\/www.virtualcity3d.it\/dettaglioluogo.aspx?id=74&amp;dbdd=1&amp;comune=formia.db&amp;sferic=6330011_20090722_154314_796875_15339\"><img loading=\"lazy\" decoding=\"async\" class=\"alignleft size-full wp-image-718\" title=\"Formia Virtual City 3D\" src=\"https:\/\/www.ulisseland.com\/journal\/wp-content\/uploads\/2012\/03\/Formia_86x86.png\" alt=\"\" width=\"86\" height=\"86\" srcset=\"https:\/\/www.ulisseland.com\/journal\/wp-content\/uploads\/2012\/03\/Formia_86x86.png 86w, https:\/\/www.ulisseland.com\/journal\/wp-content\/uploads\/2012\/03\/Formia_86x86-50x50.png 50w\" sizes=\"auto, (max-width: 86px) 100vw, 86px\" \/><\/a><\/p>\n","protected":false},"excerpt":{"rendered":"<p>La Regione Lazio ha promosso il progetto MED allo scopo di assistere, tramite i medici di famiglia, quei pazienti affetti da eventi morbosi lievi. Si tratta di un percorso alternativo al Pronto Soccorso per migliorare l\u2019appropriatezza delle prestazioni per i pazienti in codice bianco e verde, privi di urgenza clinica. Dalla giornata di oggi, 2<\/p>\n","protected":false},"author":1,"featured_media":0,"comment_status":"open","ping_status":"open","sticky":false,"template":"","format":"standard","meta":{"footnotes":""},"categories":[14,11],"tags":[],"class_list":["post-1818","post","type-post","status-publish","format-standard","hentry","category-comune-di-formia","category-enti"],"_links":{"self":[{"href":"https:\/\/www.ulisseland.com\/journal\/wp-json\/wp\/v2\/posts\/1818","targetHints":{"allow":["GET"]}}],"collection":[{"href":"https:\/\/www.ulisseland.com\/journal\/wp-json\/wp\/v2\/posts"}],"about":[{"href":"https:\/\/www.ulisseland.com\/journal\/wp-json\/wp\/v2\/types\/post"}],"author":[{"embeddable":true,"href":"https:\/\/www.ulisseland.com\/journal\/wp-json\/wp\/v2\/users\/1"}],"replies":[{"embeddable":true,"href":"https:\/\/www.ulisseland.com\/journal\/wp-json\/wp\/v2\/comments?post=1818"}],"version-history":[{"count":3,"href":"https:\/\/www.ulisseland.com\/journal\/wp-json\/wp\/v2\/posts\/1818\/revisions"}],"predecessor-version":[{"id":1820,"href":"https:\/\/www.ulisseland.com\/journal\/wp-json\/wp\/v2\/posts\/1818\/revisions\/1820"}],"wp:attachment":[{"href":"https:\/\/www.ulisseland.com\/journal\/wp-json\/wp\/v2\/media?parent=1818"}],"wp:term":[{"taxonomy":"category","embeddable":true,"href":"https:\/\/www.ulisseland.com\/journal\/wp-json\/wp\/v2\/categories?post=1818"},{"taxonomy":"post_tag","embeddable":true,"href":"https:\/\/www.ulisseland.com\/journal\/wp-json\/wp\/v2\/tags?post=1818"}],"curies":[{"name":"wp","href":"https:\/\/api.w.org\/{rel}","templated":true}]}}