{"id":1807,"date":"2012-05-02T10:42:46","date_gmt":"2012-05-02T10:42:46","guid":{"rendered":"http:\/\/www.ulisseland.com\/journal\/?p=1807&#038;lang=it"},"modified":"2012-05-02T10:57:21","modified_gmt":"2012-05-02T10:57:21","slug":"formia-bimbimbici-2012-ai-blocchi-di-partenza-world-bike-formia-in-sella-per-unallegra-pedalata","status":"publish","type":"post","link":"https:\/\/www.ulisseland.com\/journal\/formia-bimbimbici-2012-ai-blocchi-di-partenza-world-bike-formia-in-sella-per-unallegra-pedalata\/","title":{"rendered":"Formia: Bimbimbici 2012 ai blocchi di partenza. World Bike Formia in sella per un\u2019allegra pedalata"},"content":{"rendered":"<p style=\"text-align: center;\" align=\"center\"><strong>COMUNICATO STAMPA<\/strong><\/p>\n<p style=\"text-align: center;\" align=\"center\">1 maggio 2012<\/p>\n<p style=\"text-align: center;\" align=\"center\"><img loading=\"lazy\" decoding=\"async\" class=\"aligncenter  wp-image-1804\" title=\"Bimbimbici_2011\" src=\"https:\/\/www.ulisseland.com\/journal\/wp-content\/uploads\/2012\/05\/Bimbimbici_2011.jpg\" alt=\"\" width=\"576\" height=\"432\" \/><\/p>\n<p>Passeggiando su due ruote, alla scoperta di angoli di natura che caratterizzano da sempre il nostro territorio ma dei quali, prima di salire in sella ad una bicicletta, non conoscevamo l\u2019esistenza. Il paesaggio visitato dall\u2019alto delle due ruote, a un ritmo cadenzato, \u00e8 tutt\u2019altra cosa e non si fa in tempo a cogliere un profumo, soprattutto con l\u2019arrivo della primavera, che ci si ritrova immediatamente attratti da un nuovo scorcio. La bicicletta in fondo \u00e8 anche questo, un modo alternativo per vivere la nostra natura facendo sport in\u00a0 compagnia e all\u2019aria aperta. In Italia, Modena \u00e8 la citt\u00e0 con il maggior numero di piste ciclabili per un totale di 190 km. Un dato di poco conto se paragonato ad altri Paesi europei dove le percentuali di ciclisti nel traffico arrivano anche al 27% (Olanda) di contro a quella italiana (appena il 3,8%). C\u2019\u00e8 molto da recuperare ed \u00e8 forse per questo che soprattutto negli ultimi anni la passione per la bicicletta, nonostante difficolt\u00e0 logistiche e la mancanza di percorsi ad hoc e piste ciclabili, sta prendendo sempre pi\u00f9 piede.<\/p>\n<p>Da tre anni a questa parte, l\u2019<strong>Associazione \u2018Janus\u2019<\/strong> di cui \u00e8 presidente Giuseppe Rinaldi aderisce, in rappresentanza della citt\u00e0 di Formia, all\u2019evento nazionale <em>Bimbimbici<\/em> patrocinato dal Ministero dell\u2019Ambiente e della Tutela del Territorio e del Mare, una manifestazione sostenuta da FIAB (Federazione Italiana Amici della Bicicletta) tesa a promuovere la <strong>mobilit\u00e0 sostenibile<\/strong> e a diffondere l\u2019uso della bicicletta tra i giovani e giovanissimi e non solo. L\u2019associazione \u2018Janus\u2019 nata<em> <\/em>dieci anni fa, come lo stesso presidente ha voluto precisare, \u201c<em>quasi per scherzo sotto un ombrellone dalle idee di quelli che poi sarebbero diventati i soci\u201d <\/em>opera sul territorio e si occupa soprattutto di promozione e valorizzazione culturale oltre che sociale. La volont\u00e0 di aderire a <em>Bimbimbici <\/em>\u00e8 legata ad un solo obiettivo: unire sport ed ecologia favorendo tale connubio e incoraggiando qualsiasi attivit\u00e0 in grado di svilupparlo al fine di accrescere e potenziare l\u2019intero territorio. <em><\/em><\/p>\n<p>Un\u2019<strong>allegra pedalata in sicurezza<\/strong> lungo le vie della citt\u00e0 rimanendo nel territorio urbano che si svolge ogni anno nel mese di maggio ed \u00e8 rivolta principalmente a <strong>bambini e ragazzi<\/strong><strong>, <\/strong>ma \u00e8 aperta a tutti i cittadini<em>. Bimbimbici<\/em> diventa un momento di aggregazione nel corso del quale chi ama la bicicletta pu\u00f2 vivere la natura in una dimensione pi\u00f9 \u2018pulita\u2019 senza macchine e smog.<\/p>\n<p><img loading=\"lazy\" decoding=\"async\" class=\"alignleft  wp-image-1805\" title=\"worldbikeformia\" src=\"https:\/\/www.ulisseland.com\/journal\/wp-content\/uploads\/2012\/05\/worldbikeformia-e1335954896425.jpg\" alt=\"\" width=\"166\" height=\"117\" \/>Organizzato con il patrocinio del Comune di Formia\u00a0 &#8211; assessorato alle politiche sociali e del lavoro \u2013 che ha assicurato la sua presenza nella figura dell\u2019assessore Giuseppe Treglia e in collaborazione con il Centro Europeo di Studi Manageriali, <em>Bimbimbici<\/em> prevede la partecipazione, per il secondo anno consecutivo, della <strong>World Bike <\/strong>Formia aderente all\u2019A.CI. LA.M (Associazioni Ciclistiche Lazio Meridionale) i cui bikers si occuperanno di supportare l\u2019associazione nel corso della passeggiata ecologica insieme ai bambini e di altre associazioni che si occuperanno di animare la seconda parte della mattinata, quella successiva alla pedalata per le vie del centro, che si svolger\u00e0 nel Parco \u2018<em>Antonio De Curtis\u2019<\/em> a Gianola con stand e animazione ed esibizioni folkloristiche (Co.Vo.GE.SE. Formia \u2013 Gianolamare \u2013 Circolo anziani Gianola \u2013 Pino D\u2019Amato \u2013Spiringuacchio \u2013 Artisti di strada del Teatro Bertolt Brecht di Formia).<\/p>\n<p>Ma torniamo alla pedalata. Il programma prevede la partenza alle ore 9.30 di domenica 13 maggio da Piazza Vittoria dove i ciclisti del gruppo World bike scorteranno, formando un cordone di sicurezza, tutti i partecipanti. Punto di arrivo \u00e8 Parco De Curtis a Gianola dove, nel frattempo, saranno stati allestiti stand con degustazioni gastronomiche e animazione oltre al percorso \u2018Gimcana\u2019 dove i bambini potranno continuare a divertirsi in \u2018groppa alle due ruote\u2019. Non solo. Uno degli sponsor ufficiali della manifestazioni \u2013 CONAD \u2013 metter\u00e0 a disposizione di ogni partecipante una merenda da consumare dopo le fatiche della mattinata. La World bike, inoltre, allestir\u00e0 come gi\u00e0 \u00e8 stato per lo scorso anno, uno stand dove effettuer\u00e0, per chi volesse, piccole consulenze e riparazioni. Presso lo stand sar\u00e0 anche possibile reperire informazioni su escursioni e percorsi che il gruppo ciclistico organizza ogni settimana sia per professionisti che amatoriali.<\/p>\n<p>Ricordiamo che la partecipazione a <em>Bimbimbici <\/em>\u00e8 del tutto libera e senza necessit\u00e0 di prenotazione e limiti di et\u00e0. E\u2019 sufficiente presentarsi domenica 13 maggio a Piazza Vittoria, fare gruppo e avviarsi verso il mare dove la mattinata proseguir\u00e0 nel Parco \u2018<em>Antonio De Curtis\u2019<\/em> immersi nella natura. La partecipazione non \u00e8 limitata alla citt\u00e0 di Formia ma, anche in questo caso \u00e8 libera.<\/p>\n<p>Per ulteriori informazioni \u00e8 possibile comunque contattare l\u2019associazione \u2018Janus\u2019 (0771720065). In alternativa \u00e8 possibile chiamare la World Bike Formia al numero 3492488775.<\/p>\n<p>Il \u2018popolo\u2019 di <em>Bimbimbici<\/em> \u00e8 pronto a partire.<\/p>\n<p><a href=\"https:\/\/www.ulisseland.com\/journal\/wp-content\/uploads\/2012\/05\/volantino.pdf\">volantino<\/a><\/p>\n<p align=\"center\"><iframe loading=\"lazy\" src=\"https:\/\/www.ulisseland.com\/journal\/wp-content\/uploads\/2012\/05\/volantino.pdf\" frameborder=\"0\" scrolling=\"yes\" width=\"600\" height=\"830px\"><\/iframe><\/p>\n<p>Riceviamo e pubblichiamo<\/p>\n<p>Benedetta Castelli<\/p>\n<p><strong>STAFF &#8220;WORLD BIKE FORMIA&#8221;<\/strong><\/p>\n<p><a href=\"http:\/\/www.virtualcity3d.it\/dettaglioluogo.aspx?id=90&amp;dbdd=1&amp;comune=formia.db&amp;sferic=6330011_20090722_113117_187500_150946\"><img loading=\"lazy\" decoding=\"async\" class=\"alignleft size-full wp-image-718\" title=\"Formia Virtual City 3D\" src=\"https:\/\/www.ulisseland.com\/journal\/wp-content\/uploads\/2012\/03\/Formia_86x86.png\" alt=\"\" width=\"86\" height=\"86\" srcset=\"https:\/\/www.ulisseland.com\/journal\/wp-content\/uploads\/2012\/03\/Formia_86x86.png 86w, https:\/\/www.ulisseland.com\/journal\/wp-content\/uploads\/2012\/03\/Formia_86x86-50x50.png 50w\" sizes=\"auto, (max-width: 86px) 100vw, 86px\" \/><\/a><\/p>\n","protected":false},"excerpt":{"rendered":"<p>COMUNICATO STAMPA 1 maggio 2012 Passeggiando su due ruote, alla scoperta di angoli di natura che caratterizzano da sempre il nostro territorio ma dei quali, prima di salire in sella ad una bicicletta, non conoscevamo l\u2019esistenza. Il paesaggio visitato dall\u2019alto delle due ruote, a un ritmo cadenzato, \u00e8 tutt\u2019altra cosa e non si fa in<\/p>\n","protected":false},"author":1,"featured_media":0,"comment_status":"open","ping_status":"open","sticky":false,"template":"","format":"standard","meta":{"footnotes":""},"categories":[14,11],"tags":[],"class_list":["post-1807","post","type-post","status-publish","format-standard","hentry","category-comune-di-formia","category-enti"],"_links":{"self":[{"href":"https:\/\/www.ulisseland.com\/journal\/wp-json\/wp\/v2\/posts\/1807","targetHints":{"allow":["GET"]}}],"collection":[{"href":"https:\/\/www.ulisseland.com\/journal\/wp-json\/wp\/v2\/posts"}],"about":[{"href":"https:\/\/www.ulisseland.com\/journal\/wp-json\/wp\/v2\/types\/post"}],"author":[{"embeddable":true,"href":"https:\/\/www.ulisseland.com\/journal\/wp-json\/wp\/v2\/users\/1"}],"replies":[{"embeddable":true,"href":"https:\/\/www.ulisseland.com\/journal\/wp-json\/wp\/v2\/comments?post=1807"}],"version-history":[{"count":6,"href":"https:\/\/www.ulisseland.com\/journal\/wp-json\/wp\/v2\/posts\/1807\/revisions"}],"predecessor-version":[{"id":1810,"href":"https:\/\/www.ulisseland.com\/journal\/wp-json\/wp\/v2\/posts\/1807\/revisions\/1810"}],"wp:attachment":[{"href":"https:\/\/www.ulisseland.com\/journal\/wp-json\/wp\/v2\/media?parent=1807"}],"wp:term":[{"taxonomy":"category","embeddable":true,"href":"https:\/\/www.ulisseland.com\/journal\/wp-json\/wp\/v2\/categories?post=1807"},{"taxonomy":"post_tag","embeddable":true,"href":"https:\/\/www.ulisseland.com\/journal\/wp-json\/wp\/v2\/tags?post=1807"}],"curies":[{"name":"wp","href":"https:\/\/api.w.org\/{rel}","templated":true}]}}