{"id":1744,"date":"2012-04-26T11:22:01","date_gmt":"2012-04-26T11:22:01","guid":{"rendered":"http:\/\/www.ulisseland.com\/journal\/?p=1744&#038;lang=it"},"modified":"2012-04-26T11:22:01","modified_gmt":"2012-04-26T11:22:01","slug":"formia-ricorrenza-25-aprile-il-messaggio-del-sindaco-sen-michele-forte","status":"publish","type":"post","link":"https:\/\/www.ulisseland.com\/journal\/formia-ricorrenza-25-aprile-il-messaggio-del-sindaco-sen-michele-forte\/","title":{"rendered":"FORMIA: Ricorrenza 25 Aprile, il messaggio del sindaco sen. Michele Forte"},"content":{"rendered":"<p><a href=\"https:\/\/www.ulisseland.com\/journal\/wp-content\/uploads\/2012\/04\/FOTO_25aprile1.jpg\"><img loading=\"lazy\" decoding=\"async\" class=\"alignleft  wp-image-1746\" title=\"FOTO_25aprile1\" src=\"https:\/\/www.ulisseland.com\/journal\/wp-content\/uploads\/2012\/04\/FOTO_25aprile1.jpg\" alt=\"\" width=\"200\" height=\"141\" \/><\/a>La ricorrenza del 25 aprile deve configurarsi sempre di pi\u00f9 come momento di riconciliazione nazionale nel solco di una memoria condivisa da tutti. Ripartiamo, dunque, da questa data per non dimenticare gli orrori di una guerra che portarono alla soppressione della libert\u00e0. Il momento del ricordo si configura come atto di omaggio e di grande rispetto per tutti coloro che si sono battuti per il riscatto e la rinascita dell&#8217;Italia. La cerimonia del ricordo di quei tragici lunghi giorni deve far riflettere, in particolar modo, le nuove generazioni. Molti giovani 67 anni fa sacrificarono la loro vita per il bene della libert\u00e0. Non dobbiamo mai dimenticarlo. La gran parte degli italiani di oggi non conosce cosa significa la privazione della libert\u00e0, il bene pi\u00f9 prezioso dell&#8217;essere umano. Soltanto gli anziani conservano nella loro memoria il ricordo tragico di quei giorni che insanguinarono l&#8217;Italia. Per molti di noi \u00e8 un ricordo legato alle testimonianze dei nostri genitori, dei nostri nonni: molti di loro furono protagonisti o addirittura vittime, anche nella citt\u00e0 di Formia, di quei drammatici momenti. Il ricordo e la riflessione deve trasformarsi in monito per i giovani, perch\u00e9 il valore della libert\u00e0, ancora oggi, va difeso e salvaguardato.<\/p>\n<p><a href=\"https:\/\/www.ulisseland.com\/journal\/wp-content\/uploads\/2012\/04\/DSC02532-e1335438884888.jpg\"><img loading=\"lazy\" decoding=\"async\" class=\"alignright  wp-image-1748\" title=\"DSC02532\" src=\"https:\/\/www.ulisseland.com\/journal\/wp-content\/uploads\/2012\/04\/DSC02532-e1335438884888.jpg\" alt=\"\" width=\"217\" height=\"163\" \/><\/a>La ricorrenza del 25 aprile si configura, pertanto, sempre di pi\u00f9, come valore della democrazia contro ogni dittatura, contro l&#8217;integralismo fanatico, contro ogni intolleranza, contro ogni razzismo, contro ogni azione di soppressione della libert\u00e0. Oggi, 67 anni dopo il 25 aprile 1945, il nostro compito \u00e8 quello di rafforzare il sentimento nazionale unitario. Un compito quanto mai necessario ed urgente che investe l&#8217;intera classe politica, la quale deve recuperare quella credibilit\u00e0 necessaria ad assicurare il raggiungimento del bene comune. Tutti devono ripartire da questo momento per garantire anche in futuro una democrazia pacificata, sana e matura.<\/p>\n<p>&nbsp;<\/p>\n<p style=\"text-align: center;\"><a href=\"https:\/\/www.ulisseland.com\/journal\/wp-content\/uploads\/2012\/04\/Locandina25_aprile2012.jpg\"><img loading=\"lazy\" decoding=\"async\" class=\"aligncenter  wp-image-1747\" title=\"Locandina25_aprile2012\" src=\"https:\/\/www.ulisseland.com\/journal\/wp-content\/uploads\/2012\/04\/Locandina25_aprile2012.jpg\" alt=\"\" width=\"510\" height=\"714\" \/><\/a><\/p>\n<p>&nbsp;<\/p>\n<p>Comune di Formia<\/p>\n<p><a href=\"http:\/\/www.virtualcity3d.it\/dettaglioluogo.aspx?id=33&amp;ddvalue=6&amp;comune=Formia.db&amp;str=comune&amp;sferic=6330011_20090722_155301_093750_32565\"><img loading=\"lazy\" decoding=\"async\" class=\"alignleft size-full wp-image-718\" title=\"Formia Virtual City 3D\" src=\"https:\/\/www.ulisseland.com\/journal\/wp-content\/uploads\/2012\/03\/Formia_86x86.png\" alt=\"\" width=\"86\" height=\"86\" srcset=\"https:\/\/www.ulisseland.com\/journal\/wp-content\/uploads\/2012\/03\/Formia_86x86.png 86w, https:\/\/www.ulisseland.com\/journal\/wp-content\/uploads\/2012\/03\/Formia_86x86-50x50.png 50w\" sizes=\"auto, (max-width: 86px) 100vw, 86px\" \/><\/a><\/p>\n","protected":false},"excerpt":{"rendered":"<p>La ricorrenza del 25 aprile deve configurarsi sempre di pi\u00f9 come momento di riconciliazione nazionale nel solco di una memoria condivisa da tutti. Ripartiamo, dunque, da questa data per non dimenticare gli orrori di una guerra che portarono alla soppressione della libert\u00e0. Il momento del ricordo si configura come atto di omaggio e di grande<\/p>\n","protected":false},"author":1,"featured_media":0,"comment_status":"open","ping_status":"open","sticky":false,"template":"","format":"standard","meta":{"footnotes":""},"categories":[14,12,11],"tags":[],"class_list":["post-1744","post","type-post","status-publish","format-standard","hentry","category-comune-di-formia","category-cultura","category-enti"],"_links":{"self":[{"href":"https:\/\/www.ulisseland.com\/journal\/wp-json\/wp\/v2\/posts\/1744","targetHints":{"allow":["GET"]}}],"collection":[{"href":"https:\/\/www.ulisseland.com\/journal\/wp-json\/wp\/v2\/posts"}],"about":[{"href":"https:\/\/www.ulisseland.com\/journal\/wp-json\/wp\/v2\/types\/post"}],"author":[{"embeddable":true,"href":"https:\/\/www.ulisseland.com\/journal\/wp-json\/wp\/v2\/users\/1"}],"replies":[{"embeddable":true,"href":"https:\/\/www.ulisseland.com\/journal\/wp-json\/wp\/v2\/comments?post=1744"}],"version-history":[{"count":5,"href":"https:\/\/www.ulisseland.com\/journal\/wp-json\/wp\/v2\/posts\/1744\/revisions"}],"predecessor-version":[{"id":1752,"href":"https:\/\/www.ulisseland.com\/journal\/wp-json\/wp\/v2\/posts\/1744\/revisions\/1752"}],"wp:attachment":[{"href":"https:\/\/www.ulisseland.com\/journal\/wp-json\/wp\/v2\/media?parent=1744"}],"wp:term":[{"taxonomy":"category","embeddable":true,"href":"https:\/\/www.ulisseland.com\/journal\/wp-json\/wp\/v2\/categories?post=1744"},{"taxonomy":"post_tag","embeddable":true,"href":"https:\/\/www.ulisseland.com\/journal\/wp-json\/wp\/v2\/tags?post=1744"}],"curies":[{"name":"wp","href":"https:\/\/api.w.org\/{rel}","templated":true}]}}