{"id":17,"date":"2012-02-16T13:54:43","date_gmt":"2012-02-16T13:54:43","guid":{"rendered":"http:\/\/www.ulisseland.com\/journal\/?p=17"},"modified":"2012-03-01T10:09:37","modified_gmt":"2012-03-01T10:09:37","slug":"editoriale","status":"publish","type":"post","link":"https:\/\/www.ulisseland.com\/journal\/editoriale\/","title":{"rendered":"Editoriale"},"content":{"rendered":"<figure id=\"attachment_332\" aria-describedby=\"caption-attachment-332\" style=\"width: 169px\" class=\"wp-caption alignleft\"><a href=\"https:\/\/www.ulisseland.com\/journal\/wp-content\/uploads\/2012\/02\/Foto-Direttore-Ulisseland-e1330444989440.jpg\"><img loading=\"lazy\" decoding=\"async\" class=\"wp-image-332 \" title=\"Direttore Responsabile Ulisseland\" src=\"https:\/\/www.ulisseland.com\/journal\/wp-content\/uploads\/2012\/02\/Foto-Direttore-Ulisseland-e1330444989440.jpg\" alt=\"\" width=\"169\" height=\"226\" \/><\/a><figcaption id=\"caption-attachment-332\" class=\"wp-caption-text\">Direttore Responsabile Ulisseland Dott. Sergio Monforte<\/figcaption><\/figure>\n<p>Ulisseland (versione cartacea &#8220;Ulisse in Europa&#8221; nasce nel 1990), quando la COPI srl organizzava Fiere Campionarie nelle regioni Lazio, Campania e Molise. Da un&#8217;idea, gi\u00e0 allora condivisa con il nostro Direttore Dr. Sergio Monforte. Nel redazionale dell&#8217;epoca facemmo riferimento all&#8217;eroe omerico. Come Ulisse guard\u00f2 verso il nord, per confrontarsi con realt\u00e0 maggiormente emancipate, allo stesso modo noi rendevamo disponibile uno strumento di informazione per offrire alla miriade di piccole aziende opportunit\u00e0 di comunicazione. Eravamo consapevoli delle difficolt\u00e0 del sud, dei suoi ritardi, della sua emarginazione, e, purtroppo dobbiamo ammettere che, in tutti questi anni poco o nulla \u00e8 cambiato. Per certi aspetti assistiamo ad un lento ma inesorabile declino. Ma al contrario desideriamo fortemente infondere ottimismo. E&#8217; per questa ragione che rifuggiamo dal giornalismo d&#8217;assalto, dal politichese sterile per orientarci verso la promozione delle capacit\u00e0 professionali di quanti operano seriamente per offrire prodotti e servizi nel segno dell&#8217;innovazione, del progresso civile, sociale ed economico.<\/p>\n<figure id=\"attachment_368\" aria-describedby=\"caption-attachment-368\" style=\"width: 228px\" class=\"wp-caption alignright\"><a href=\"http:\/\/www.umtvs.tv\/copisrl\/\"><img loading=\"lazy\" decoding=\"async\" class=\" wp-image-368        \" title=\"Editore Ulisseland Prof. Luigi Cocomello - Copi Srl\" src=\"https:\/\/www.ulisseland.com\/journal\/wp-content\/uploads\/2012\/02\/formiaArchivio-266-e1330511731139.jpg\" alt=\"\" width=\"228\" height=\"152\" \/><\/a><figcaption id=\"caption-attachment-368\" class=\"wp-caption-text\">Editore Ulisseland Prof. Luigi Cocomello Copi Srl<\/figcaption><\/figure>\n<p>Ulisseland \u00e8 supportato da un sistema foto-video della piattaforma UMTVS.TV anche nella sua versione Gallery, che gi\u00e0 ora \u00e8 fonte di ricerca di immagini qualificate, anche storiche, del territorio della &#8220;terra di Ulisse&#8221;:<br \/>\nUlisseland \u00e8 anche il messaggero delle attivit\u00e0 e delle aspirazioni degli utenti della Piattaforma Abilitante Multiutente &#8220;TEKINMED&#8221; e, proprio ad essi per primi, intende offrire voce e immagine.<br \/>\nIl collegamento a &#8220;Virtual city 3D&#8221; rappresenta un riscontro puntuale del territorio da cui traggono origine le informazioni e le rilevazioni foto-video in esso contenute.<br \/>\nFacciamo gli auguri a questo webgiornale, nella sua veste rinnovata, e diamo il benvenuto a tutti i lettori e a quanti intendono offrire liberi contributi. In bocca al lupo ULISSELAND (c) 2012. Luigi Cocomello<\/p>\n<p>&nbsp;<\/p>\n<p style=\"text-align: center;\"><object width=\"480\" height=\"394\" classid=\"clsid:d27cdb6e-ae6d-11cf-96b8-444553540000\" codebase=\"http:\/\/download.macromedia.com\/pub\/shockwave\/cabs\/flash\/swflash.cab#version=6,0,40,0\"><param name=\"allowfullscreen\" value=\"true\" \/><param name=\"allowscriptaccess\" value=\"always\" \/><param name=\"flashvars\" value=\"conf=http:\/\/umtvs.tv\/data\/copisrl.xml&amp;guide=http:\/\/umtvs.tv\/data\/copisrlguide.xml&amp;banner=http:\/\/umtvs.tv\/data\/copisrlbanner.xml&amp;commercial=http:\/\/umtvs.tv\/data\/copisrlcommercial.xml\" \/><param name=\"src\" value=\"http:\/\/umtvs.tv\/misc\/flash\/VidiScript_player.swf\" \/><embed width=\"480\" height=\"394\" type=\"application\/x-shockwave-flash\" src=\"http:\/\/umtvs.tv\/misc\/flash\/VidiScript_player.swf\" allowfullscreen=\"true\" allowscriptaccess=\"always\" flashvars=\"conf=http:\/\/umtvs.tv\/data\/copisrl.xml&amp;guide=http:\/\/umtvs.tv\/data\/copisrlguide.xml&amp;banner=http:\/\/umtvs.tv\/data\/copisrlbanner.xml&amp;commercial=http:\/\/umtvs.tv\/data\/copisrlcommercial.xml\" \/><\/object><\/p>\n","protected":false},"excerpt":{"rendered":"<p>Ulisseland (versione cartacea &#8220;Ulisse in Europa&#8221; nasce nel 1990), quando la COPI srl organizzava Fiere Campionarie nelle regioni Lazio, Campania e Molise. Da un&#8217;idea, gi\u00e0 allora condivisa con il nostro Direttore Dr. Sergio Monforte. Nel redazionale dell&#8217;epoca facemmo riferimento all&#8217;eroe omerico. Come Ulisse guard\u00f2 verso il nord, per confrontarsi con realt\u00e0 maggiormente emancipate, allo stesso<\/p>\n","protected":false},"author":1,"featured_media":0,"comment_status":"open","ping_status":"open","sticky":false,"template":"","format":"standard","meta":{"footnotes":""},"categories":[10],"tags":[5],"class_list":["post-17","post","type-post","status-publish","format-standard","hentry","category-editoriale","tag-editoriale-collegato-al-rinnovo-di-ulisseland"],"_links":{"self":[{"href":"https:\/\/www.ulisseland.com\/journal\/wp-json\/wp\/v2\/posts\/17","targetHints":{"allow":["GET"]}}],"collection":[{"href":"https:\/\/www.ulisseland.com\/journal\/wp-json\/wp\/v2\/posts"}],"about":[{"href":"https:\/\/www.ulisseland.com\/journal\/wp-json\/wp\/v2\/types\/post"}],"author":[{"embeddable":true,"href":"https:\/\/www.ulisseland.com\/journal\/wp-json\/wp\/v2\/users\/1"}],"replies":[{"embeddable":true,"href":"https:\/\/www.ulisseland.com\/journal\/wp-json\/wp\/v2\/comments?post=17"}],"version-history":[{"count":19,"href":"https:\/\/www.ulisseland.com\/journal\/wp-json\/wp\/v2\/posts\/17\/revisions"}],"predecessor-version":[{"id":358,"href":"https:\/\/www.ulisseland.com\/journal\/wp-json\/wp\/v2\/posts\/17\/revisions\/358"}],"wp:attachment":[{"href":"https:\/\/www.ulisseland.com\/journal\/wp-json\/wp\/v2\/media?parent=17"}],"wp:term":[{"taxonomy":"category","embeddable":true,"href":"https:\/\/www.ulisseland.com\/journal\/wp-json\/wp\/v2\/categories?post=17"},{"taxonomy":"post_tag","embeddable":true,"href":"https:\/\/www.ulisseland.com\/journal\/wp-json\/wp\/v2\/tags?post=17"}],"curies":[{"name":"wp","href":"https:\/\/api.w.org\/{rel}","templated":true}]}}