{"id":1527,"date":"2012-04-18T07:57:59","date_gmt":"2012-04-18T07:57:59","guid":{"rendered":"http:\/\/www.ulisseland.com\/journal\/?p=1527&#038;lang=it"},"modified":"2012-04-18T09:02:42","modified_gmt":"2012-04-18T09:02:42","slug":"melito-di-porto-salvo-rc-invito-a-votare-giuseppe-latella","status":"publish","type":"post","link":"https:\/\/www.ulisseland.com\/journal\/melito-di-porto-salvo-rc-invito-a-votare-giuseppe-latella\/","title":{"rendered":"MELITO DI PORTO SALVO (RC): Invito a Votare Giuseppe LATELLA"},"content":{"rendered":"<p style=\"text-align: justify;\">Giuseppe Latella \u00e8 un mio carissimo amico, ho potuto conoscere ed apprezzare tutti i suoi familiari:<br \/>\n&#8211; il Pap\u00e0,<br \/>\n&#8211; la Moglie,<br \/>\n&#8211; il Fratello Roberto<br \/>\n&#8211; tutti i suoi collaboratori, e i loro amici,<\/p>\n<p>per qualche giorno \u00e8 stato mio ospite insieme al Sindaco Giuseppe IARIA;<br \/>\nin questa circostanza ho potuto apprezzare l&#8217;impegno per la loro terra.<\/p>\n<p>Ma ci\u00f2 che resta scolpito nella mente mia e di mia Moglie Giuditta \u00e8 il &#8220;Personaggio della Natura&#8221; di Melito di Porto Salvo: il compianto Suocero Prof. ANTONIO FAMILIARI, per la Sua affabilit\u00e0, la Sua competenza nelle colture variegate e tipiche della sua amata Terra Calabra e per l&#8217;apporto culturale universalmente riconosciuto per il bergamotto. I semi delle sue zucche continuano a germogliare nel mio orto.<br \/>\nCi sono tante ragioni, quindi, che mi inducono a considerare Giuseppe Latella, non solo erede di tutto questo, ma anche attento ed instancabile amministratore della sua Citt\u00e0.<br \/>\nGrazie a tutti Voi e saluti affettuosi.<\/p>\n<p>Luigi Cocomello<\/p>\n<figure id=\"attachment_1531\" aria-describedby=\"caption-attachment-1531\" style=\"width: 128px\" class=\"wp-caption alignleft\"><a href=\"http:\/\/www.peppelatella.com\/\"><img loading=\"lazy\" decoding=\"async\" class=\"size-full wp-image-1531 \" title=\"2\" src=\"https:\/\/www.ulisseland.com\/journal\/wp-content\/uploads\/2012\/04\/21-e1334734703741.jpg\" alt=\"\" width=\"128\" height=\"111\" \/><\/a><figcaption id=\"caption-attachment-1531\" class=\"wp-caption-text\">Geom. Giuseppe Latella<\/figcaption><\/figure>\n<p><figure id=\"attachment_1532\" aria-describedby=\"caption-attachment-1532\" style=\"width: 163px\" class=\"wp-caption alignright\"><a href=\"http:\/\/www.comune.melitodiportosalvo.rc.it\"><img loading=\"lazy\" decoding=\"async\" class=\" wp-image-1532     \" title=\"3\" src=\"https:\/\/www.ulisseland.com\/journal\/wp-content\/uploads\/2012\/04\/31-e1334734763994.jpg\" alt=\"\" width=\"163\" height=\"118\" \/><\/a><figcaption id=\"caption-attachment-1532\" class=\"wp-caption-text\">Giuseppe Iaria, Sindaco uscente di Melito di Porto Salvo<\/figcaption><\/figure><br \/>\n<\/ br><\/p>\n<p style=\"text-align: center;\"><strong style=\"font-size: large;\">LATELLA GIUSEPPE<\/strong><\/p>\n<p style=\"text-align: center;\">Nato il 11\/04\/1957 a Melito P.S. (RC)<\/p>\n<p style=\"text-align: center;\">ivi residente in Via XXV Aprile,12.<\/p>\n<p><\/ br><br \/>\n<\/ br><br \/>\n<\/ br><\/p>\n<p style=\"text-align: justify;\"><strong>TITOLI DI STUDIO<\/strong><br \/>\ndiploma di: \u201d GEOMETRA\u201d<br \/>\nconseguito presso: Istituto Tecnico per Geometri \u201cAugusto Righi\u201d \u2013 RC nell\u2019anno scolastico 1976\/77<br \/>\nvotazione: 40\/60<\/p>\n<p style=\"text-align: justify;\"><strong>ALTRI TITOLI<\/strong><\/p>\n<p style=\"text-align: justify;\">&#8211;\u00a0Attestato di frequenza al corso di \u201cPROGRAMMATORE ELETTRONICO\u201d riportando la votazione di 30\/30 nell\u2019anno 1982;<br \/>\n&#8211;\u00a0Attestato di\u00a0 specializzazione di \u201cPrevenzione Incendi\u201d per i professionisti \u201cGeometri\u201d nell\u2019anno 1987;<\/p>\n<p style=\"text-align: justify;\">&#8211;\u00a0Attestato\u00a0 di qualifica professionale di \u201cAGENTE E RAPPRESENTANTE DI COMMERCIO\u201driportando il giudizio di soddisfacente nell\u2019anno 1992;<\/p>\n<p style=\"text-align: justify;\">&#8211;\u00a0Attestato di partecipazione al corso \u201cGESTIONE SMALTIMENTO RECUPERO DEI RIFIUTI\u201dnell\u2019anno 1996;<\/p>\n<p style=\"text-align: justify;\">&#8211; Attestato di frequenza al corso di formazione professionale per \u201cRESPONSABILE DEL SERVIZIO DI PREVENZIONE E PROTEZIONE\u201d legge 626\/94\u00a0 nell\u2019anno 1996;<br \/>\n&#8211;\u00a0Attestato di partecipazione al corso di \u201cINNOVARE NELLA TRADIZIONE: RESPONSABILE DELLA SICUREZZA \u201d nel 1998;<\/p>\n<p style=\"text-align: justify;\">&#8211; Iscritto all\u2019Albo Provinciale dei\u00a0 Geometri di reggio Calabria al N\u00b0 1534 dal 26\/07\/1983.<br \/>\n&#8211; Iscritto alla L.A.P.E.T. \u201cLibera Associazione periti ed esperti tributari\u201d al n\u00b0 0092080 dal 1994;<\/p>\n<p style=\"text-align: justify;\">&#8211; Iscritto all\u2019Albo Regionale per aspiranti docenti di Formazione Professionale.<\/p>\n<p style=\"text-align: justify;\">\u00a0<strong>ESPERIENZE LAVORATIVE PROFESSIONALI<\/strong><\/p>\n<p style=\"text-align: justify;\"><strong><\/strong>&#8211; In AZIENDA DI SERVIZI: sin dal 1997 \u201cResponsabile tecnico\u201ddella Compagnia Euroclean con sede in Via Anna\u2019 141 89063 Melito P.Salvo \u2013 R.C. che esercita attivit\u00e0 di servizi ambientali;<\/p>\n<p style=\"text-align: justify;\">&#8211; Responsabile corso di formazione professionale Regionale per \u201cDirigente d\u2019Azienda\u201d Ente gestore la COOP SERVICE Arl con sede in Melito Porto Salvo, nell\u2019anno 1990.<\/p>\n<p style=\"text-align: justify;\">&#8211; Dal 1999\u2033 Responsabile della Certificazione di qualit\u00e0\u201d della ditta Compagnia Euroclean.<\/p>\n<p style=\"text-align: justify;\">&#8211; Direttore corso di formazione professionale n\u00b02309 per Estetista Ente gestore la CONFARTIGIANSERVIZI RCUNO con sede in Melito P.S. nell\u2019anno 1996\/1997, 1999\/2000,2000\/2001.<\/p>\n<p style=\"text-align: justify;\">&#8211; Docente corso di formazione professionale per \u201cAddetto agli impianti di depurazione\u201d gestore la COMPAGNIA EUROCLEAN con sede in Melito P.S. nell\u2019anno 1999\/2000.<\/p>\n<p style=\"text-align: justify;\"><strong>ESPERIENZE POLITICO-AMMINISTRATIVE<\/strong><\/p>\n<p style=\"text-align: justify;\">&#8211;\u00a0Dal 1993 Consigliere Al Comune di Melito Porto Salvo.<\/p>\n<p style=\"text-align: justify;\">&#8211;\u00a0Dal 2002 Assessore alle Finanze \u2013 Tributi -Attivit\u00e0 Produttive al Comune di Melito Porto Salvo.<\/p>\n<p style=\"text-align: justify;\">&#8211;\u00a0Dal 2004 Presidente del Consiglio d\u2019Istituto presso la scuola media Corrado Alvaro di Melito Porto salvo.<br \/>\n&#8211;\u00a0Dal 2006 Presidente del Consiglio d\u2019Istituto presso l\u2019Istituto d\u2019istruzione superiore \u201cTEN. COL. G. FAMILIARI \u201c Liceo Classico \u2013 Istituto Tecnico Commerciale .\u00a0 di Melito Porto Salvo.<br \/>\n&#8211;\u00a0Dal 1990 Direttore Amministrativo zonale della Confartigianservizi RC UNO \u2013 aderente alla Confartigianato di Reggio Calabria.<\/p>\n<p style=\"text-align: justify;\">&#8211; Dal 2000 Vice Presidente Provinciale e Consigliere Regionale della L.A.P.E.T. \u201cLibera Associazione periti ed esperti tributari\u201d con sede in Reggio Calabria;<\/p>\n<p style=\"text-align: justify;\" align=\"center\"><a href=\"https:\/\/www.ulisseland.com\/journal\/wp-content\/uploads\/2012\/04\/4-e1334734806369.jpg\"><img loading=\"lazy\" decoding=\"async\" class=\"aligncenter size-full wp-image-1533\" title=\"4\" src=\"https:\/\/www.ulisseland.com\/journal\/wp-content\/uploads\/2012\/04\/4-e1334734806369.jpg\" alt=\"\" width=\"215\" height=\"221\" \/><\/a><\/p>\n<p style=\"text-align: center;\" align=\"center\">La Redazione di Ulisseland invita a Votare<\/p>\n<p style=\"text-align: center;\" align=\"center\">Il N. <strong>7<\/strong> della Lista<\/p>\n<p style=\"text-align: center;\"><strong>Geom. Giuseppe LATELLA<\/strong><\/p>\n<p style=\"text-align: justify;\"><a href=\"https:\/\/www.ulisseland.com\/journal\/wp-content\/uploads\/2012\/04\/5-e1334734857275.jpg\"><img loading=\"lazy\" decoding=\"async\" class=\"aligncenter size-full wp-image-1534\" title=\"5\" src=\"https:\/\/www.ulisseland.com\/journal\/wp-content\/uploads\/2012\/04\/5-e1334734857275.jpg\" alt=\"\" width=\"344\" height=\"228\" \/><\/a><\/p>\n<p style=\"text-align: center;\"><a href=\"http:\/\/www.peppelatella.com\/\"><img loading=\"lazy\" decoding=\"async\" class=\"aligncenter size-full wp-image-1535\" title=\"Biglietto Elettorale Latella\" src=\"https:\/\/www.ulisseland.com\/journal\/wp-content\/uploads\/2012\/04\/Biglietto-Elettorale-Latella.jpg\" alt=\"\" width=\"572\" height=\"760\" \/><\/a><\/p>\n<p>La Redazione<\/p>\n","protected":false},"excerpt":{"rendered":"<p>Giuseppe Latella \u00e8 un mio carissimo amico, ho potuto conoscere ed apprezzare tutti i suoi familiari: &#8211; il Pap\u00e0, &#8211; la Moglie, &#8211; il Fratello Roberto &#8211; tutti i suoi collaboratori, e i loro amici, per qualche giorno \u00e8 stato mio ospite insieme al Sindaco Giuseppe IARIA; in questa circostanza ho potuto apprezzare l&#8217;impegno per<\/p>\n","protected":false},"author":1,"featured_media":0,"comment_status":"open","ping_status":"open","sticky":false,"template":"","format":"standard","meta":{"footnotes":""},"categories":[36,11],"tags":[],"class_list":["post-1527","post","type-post","status-publish","format-standard","hentry","category-comune-di-melito-di-porto-salvo","category-enti"],"_links":{"self":[{"href":"https:\/\/www.ulisseland.com\/journal\/wp-json\/wp\/v2\/posts\/1527","targetHints":{"allow":["GET"]}}],"collection":[{"href":"https:\/\/www.ulisseland.com\/journal\/wp-json\/wp\/v2\/posts"}],"about":[{"href":"https:\/\/www.ulisseland.com\/journal\/wp-json\/wp\/v2\/types\/post"}],"author":[{"embeddable":true,"href":"https:\/\/www.ulisseland.com\/journal\/wp-json\/wp\/v2\/users\/1"}],"replies":[{"embeddable":true,"href":"https:\/\/www.ulisseland.com\/journal\/wp-json\/wp\/v2\/comments?post=1527"}],"version-history":[{"count":39,"href":"https:\/\/www.ulisseland.com\/journal\/wp-json\/wp\/v2\/posts\/1527\/revisions"}],"predecessor-version":[{"id":1567,"href":"https:\/\/www.ulisseland.com\/journal\/wp-json\/wp\/v2\/posts\/1527\/revisions\/1567"}],"wp:attachment":[{"href":"https:\/\/www.ulisseland.com\/journal\/wp-json\/wp\/v2\/media?parent=1527"}],"wp:term":[{"taxonomy":"category","embeddable":true,"href":"https:\/\/www.ulisseland.com\/journal\/wp-json\/wp\/v2\/categories?post=1527"},{"taxonomy":"post_tag","embeddable":true,"href":"https:\/\/www.ulisseland.com\/journal\/wp-json\/wp\/v2\/tags?post=1527"}],"curies":[{"name":"wp","href":"https:\/\/api.w.org\/{rel}","templated":true}]}}