{"id":1313,"date":"2012-04-12T08:37:41","date_gmt":"2012-04-12T08:37:41","guid":{"rendered":"http:\/\/www.ulisseland.com\/journal\/?p=1313&#038;lang=it"},"modified":"2012-04-12T08:40:36","modified_gmt":"2012-04-12T08:40:36","slug":"gaeta-mitrano-inaugura-lapertura-al-pubblico-della-batteria-di-monte-orlando-superiore","status":"publish","type":"post","link":"https:\/\/www.ulisseland.com\/journal\/gaeta-mitrano-inaugura-lapertura-al-pubblico-della-batteria-di-monte-orlando-superiore\/","title":{"rendered":"GAETA: Mitrano inaugura l&#8217;apertura al pubblico della batteria di Monte Orlando superiore"},"content":{"rendered":"<p><a href=\"https:\/\/www.ulisseland.com\/journal\/wp-content\/uploads\/2012\/04\/Parco1-e1334219186435.jpg\"><img loading=\"lazy\" decoding=\"async\" class=\"alignleft size-full wp-image-1315\" title=\"Parco1\" src=\"https:\/\/www.ulisseland.com\/journal\/wp-content\/uploads\/2012\/04\/Parco1-e1334219186435.jpg\" alt=\"\" width=\"240\" height=\"180\" \/><\/a>Il primo tratto della Batteria Monte Orlando Superiore diventer\u00e0 area espositiva e sar\u00e0 aperta al pubblico (ingresso gratuito per le prime due settimane) subito dopo la cerimonia inaugurale che avr\u00e0 luogo sabato 14 aprile alle ore 10:30 alla quale hanno assicurato la presenza l\u2019arcivescovo di Gaeta Fabio Bernardo D\u2019Onorio, l\u2019assessore regionale all\u2019Ambiente Marco Mattei, il presidente della Provincia di Latina Armando Cusani ed il presidente dell\u2019Ater di Latina Gianfranco Sciscione. \u00c8 quanto annuncia Cosmo Mitrano, commissario straordinario del Parco Regionale Riviera di Ulisse, nel corso della presentazione del \u00abPercorso nella storia\u00bb, dove sottolinea che \u00abquesto percorso museale di 100 metri va ad aggiungersi ai tanti punti di interesse presenti nelle aree del Parco\u00bb.<\/p>\n<p>Si tratta di un\u2019opera unica di ingegneria militare realizzata a Monte Orlando tra il 1882 ed il 1890. \u00abPer la prima volta nella storia \u2013 precisa Mitrano \u2013 i cittadini gaetani ed i turisti potranno entrare in questo ambiente sotterraneo suggestivo per ammirare reperti bellici originali (collezioni di Salvatore Gonzalez) e per rivivere attraverso una ricostruzione scenica le vicende risalenti al periodo a cavallo delle due guerre mondiali\u00bb. In linea con le finalit\u00e0 di tutela del territorio, Mitrano ha voluto che Salvatore Magliozzi, progettista e direttore dei lavori, coadiuvato dal funzionario del Parco Forgetta, dotasse la struttura anche di bagni alimentati da pannelli solari. \u00abMonte Orlando \u2013 sostiene \u2013 \u00e8 un volano dell\u2019economia del nostro territorio: il connubio fra ambiente, storia (ultimo baluardo della dinastia borbonica in Italia), archeologia (Mausoleo di Planco, cisterne romane) e religione (Montagna Spaccata) rappresenta una risorsa fondamentale da valorizzare ulteriormente\u00bb.<\/p>\n<p>Durante la seconda guerra mondiale questo tunnel \u00e8 stato utilizzato come dormitorio dai tedeschi che vi installarono anche alcune postazioni. Nell&#8217;allestimento c\u2019\u00e8 anche un riferimento ai sacerdoti di Gaeta Don Paolo Capobianco e Don Salvatore Buonomo, che nel corso della seconda guerra si sono adoperati a fornire assistenza spirituale e anche materiale in favore della popolazione di Gaeta. I testi e gli allestimenti scenografici sono a cura di Lino Sorabella, la revisione di Sabina Mitrano. \u00abL\u2019opera\u00a0&#8211; conclude il commissario Mitrano\u00a0&#8211; \u00e8 stata realizzata a seguito di appalto concorso per un totale di 100mila euro ottenendo cos\u00ec grandi risultati con poche risorse economiche\u00bb. E questo risultato \u00e8 stato possibile \u00abgrazie alla sinergia fra l\u2019apparato politico che ha dato l\u2019indirizzo e quello burocratico-amministrativo diretto da Matilde Scalesse\u00bb.<\/p>\n<p>Il Direttore<\/p>\n<p>Dott. Sergio Monforte<\/p>\n<p><a href=\"https:\/\/www.ulisseland.com\/journal\/wp-content\/uploads\/2012\/04\/Batteria-Anulare.pdf\">Batteria Anulare<\/a><\/p>\n<p><iframe loading=\"lazy\" src=\"https:\/\/www.ulisseland.com\/journal\/wp-content\/uploads\/2012\/04\/Batteria-Anulare.pdf\" frameborder=\"0\" width=\"580\" height=\"560\"><\/iframe><\/p>\n","protected":false},"excerpt":{"rendered":"<p>Il primo tratto della Batteria Monte Orlando Superiore diventer\u00e0 area espositiva e sar\u00e0 aperta al pubblico (ingresso gratuito per le prime due settimane) subito dopo la cerimonia inaugurale che avr\u00e0 luogo sabato 14 aprile alle ore 10:30 alla quale hanno assicurato la presenza l\u2019arcivescovo di Gaeta Fabio Bernardo D\u2019Onorio, l\u2019assessore regionale all\u2019Ambiente Marco Mattei, il<\/p>\n","protected":false},"author":1,"featured_media":0,"comment_status":"open","ping_status":"open","sticky":false,"template":"","format":"standard","meta":{"footnotes":""},"categories":[20,11],"tags":[],"class_list":["post-1313","post","type-post","status-publish","format-standard","hentry","category-comune-di-gaeta","category-enti"],"_links":{"self":[{"href":"https:\/\/www.ulisseland.com\/journal\/wp-json\/wp\/v2\/posts\/1313","targetHints":{"allow":["GET"]}}],"collection":[{"href":"https:\/\/www.ulisseland.com\/journal\/wp-json\/wp\/v2\/posts"}],"about":[{"href":"https:\/\/www.ulisseland.com\/journal\/wp-json\/wp\/v2\/types\/post"}],"author":[{"embeddable":true,"href":"https:\/\/www.ulisseland.com\/journal\/wp-json\/wp\/v2\/users\/1"}],"replies":[{"embeddable":true,"href":"https:\/\/www.ulisseland.com\/journal\/wp-json\/wp\/v2\/comments?post=1313"}],"version-history":[{"count":7,"href":"https:\/\/www.ulisseland.com\/journal\/wp-json\/wp\/v2\/posts\/1313\/revisions"}],"predecessor-version":[{"id":1321,"href":"https:\/\/www.ulisseland.com\/journal\/wp-json\/wp\/v2\/posts\/1313\/revisions\/1321"}],"wp:attachment":[{"href":"https:\/\/www.ulisseland.com\/journal\/wp-json\/wp\/v2\/media?parent=1313"}],"wp:term":[{"taxonomy":"category","embeddable":true,"href":"https:\/\/www.ulisseland.com\/journal\/wp-json\/wp\/v2\/categories?post=1313"},{"taxonomy":"post_tag","embeddable":true,"href":"https:\/\/www.ulisseland.com\/journal\/wp-json\/wp\/v2\/tags?post=1313"}],"curies":[{"name":"wp","href":"https:\/\/api.w.org\/{rel}","templated":true}]}}