{"id":1304,"date":"2012-04-12T08:17:03","date_gmt":"2012-04-12T08:17:03","guid":{"rendered":"http:\/\/www.ulisseland.com\/journal\/?p=1304&#038;lang=it"},"modified":"2012-04-12T08:19:02","modified_gmt":"2012-04-12T08:19:02","slug":"gaeta-la-riorganizzazione-del-presidio-ospedaliero-mons-di-liegro","status":"publish","type":"post","link":"https:\/\/www.ulisseland.com\/journal\/gaeta-la-riorganizzazione-del-presidio-ospedaliero-mons-di-liegro\/","title":{"rendered":"GAETA: LA RIORGANIZZAZIONE DEL PRESIDIO OSPEDALIERO &#8220;Mons. DI LIEGRO\u201d"},"content":{"rendered":"<figure id=\"attachment_665\" aria-describedby=\"caption-attachment-665\" style=\"width: 98px\" class=\"wp-caption alignleft\"><a href=\"https:\/\/www.ulisseland.com\/journal\/wp-content\/uploads\/2012\/03\/Dottor-Antonio-Graziano-e1332428853375.jpg\"><img loading=\"lazy\" decoding=\"async\" class=\" wp-image-665\" title=\"Dottor Antonio Graziano\" src=\"https:\/\/www.ulisseland.com\/journal\/wp-content\/uploads\/2012\/03\/Dottor-Antonio-Graziano-e1332428853375.jpg\" alt=\"\" width=\"98\" height=\"166\" \/><\/a><figcaption id=\"caption-attachment-665\" class=\"wp-caption-text\">Dr. Antonio Graziano<\/figcaption><\/figure>\n<p>Gli ultimi mesi del 2011 per il Distretto 5 sono stati mesi in cui \u00e8 stato definito e in gran parte concluso il processo di\u00a0\u00a0 trasformazione\u00a0 dell\u2019ospedale di Gaeta \u201c<em>Luigi Di Liegro<\/em>\u201d\u00a0 in ospedale distrettuale .<\/p>\n<p>Dalla scorsa estate, ovvero in un periodo di vacanza per la stragrande maggioranza degli italiani ed in un periodo in cui vi \u00e8 un\u00a0 minor accesso di utenti alle strutture sanitarie territoriali, il Direttore del Distretto 5, Dott. Antonio Graziano,\u00a0 ha avviato la fase di trasferimento di tutte le attivit\u00e0 distrettuali dalla sede centrale di Formia, sita in via Porto Caposele presso l\u2019ex Albergo \u201c<em>Caposele<\/em>\u201d, alla sede dell\u2019ospedale di Gaeta, conclusasi dopo circa venti giorni lavorativi, con un risparmio\u00a0 pari a\u00a0 circa 270.000 euro l\u2019anno per l\u2019Azienda USL relativamente al canone di affitto.<\/p>\n<p>Successivamente al trasferimento delle attivit\u00e0 del Distretto 5 presso l\u2019ospedale di Gaeta, che\u00a0 ha rappresentato il primo momento di trasformazione e di crescita di detta macrostruttura aziendale, la Direzione Aziendaleha attribuito al Direttore del Distretto 5\u00a0\u00a0 la responsabilit\u00e0 organizzativa e gestionale generale dell\u2019ospedale Distrettuale \u201c<em>Luigi Di Liegro<\/em>\u201d di Gaeta ed ha avviato il processo di riconversione, riqualificazione e rimodulazione\u00a0 dello stesso in ospedale distrettuale di\u00a0 II\u00a0 livello\u00a0 ( tipo A ), ovvero una struttura in grado di garantire, oltre alle funzioni di base\u00a0 un punto di primo intervento e la degenza infermieristica per 10 -15 posti letto.<\/p>\n<p>L\u2019ospedale Distrettuale \u00e8 una struttura a vocazione multifunzionale ed a gestione multiprofessionale \/ multidisciplinare, orientata in particolare alla presa in carico delle condizioni di fragilit\u00e0 e di complessit\u00e0 assistenziale collegate alla cronicit\u00e0 e alla risoluzione di problematiche acute che non necessitano di degenza ospedaliera in acuzie.<\/p>\n<p>All\u2019interno di tale struttura\u00a0 l\u2019attivit\u00e0 sar\u00e0 svolta, in forma integrata, anche dal Medico di Medicina Generale .<\/p>\n<p>L\u2019ospedale distrettuale si pone come una struttura ben identificabile dalla popolazione di riferimento, ove insistono i diversi servizi afferenti sia all\u2019ambito sanitario che a quello socio-sanitario, non solo fisicamente contigui ma integrati dal punto di vista funzionale ed in grado di erogare interventi ( anche a \u201c bassa soglia\u201d ) flessibili e dinamici; la struttura si configura inoltre come sede privilegiata dell\u2019integrazione ospedale-territorio, con particolare riferimento alla gestione delle condizioni di fragilit\u00e0 e di non autosufficienza.<\/p>\n<p>La tipologia assistenziale rappresentata dall\u2019ospedale distrettuale di II livello ( tipo A ) \u201c <em>Luigi Di Liegro<\/em> \u201c di Gaeta\u00a0 prevede al suo interno diverse funzioni, ovvero <strong>funzioni <\/strong>\u201c<strong><em>core\u201d, <\/em><\/strong>irrinunciabili ed identificative della struttura,\u00a0<strong>moduli funzionali<\/strong> <strong>aggiuntivi<\/strong><em>, <\/em>la cui presenza implementa l\u2019offerta territoriale rispetto alle funzioni \u201ccore \u201d, <strong>moduli<\/strong> <strong>funzionali<\/strong> <strong>caratterizzanti, <\/strong>la cui presenza aumenta il livello di complessit\u00e0 della struttura e <strong>moduli<\/strong> <strong>funzionali residenziali e sociali, <\/strong>non obbligatori ma attivabili in funzione di valutazioni locali in sintonia con il fabbisogno e la programmazione regionale.<strong><\/strong><\/p>\n<p>Le <strong>funzioni \u201c<em>core\u201d<\/em><\/strong><em> <\/em>dell\u2019ospedale distrettuale \u201c<em>Luigi Di Liegro<\/em>\u201d\u00a0 di Gaeta sono gi\u00e0 garantite e\u00a0 di seguito specificate:<\/p>\n<p>&#8211;\u00a0<strong>Punto Unico di Accesso <\/strong>( <strong>PUA <\/strong>) integrato con i servizi sociali dei comuni del comprensorio territoriale di competenza distrettuale;<\/p>\n<p>&#8211;\u00a0<strong>Medicina Specialistica Ambulatoriale<\/strong>,\u00a0 organizzata sia con medici a contratto a tempo indeterminato in regime di convenzionamento interno sia\u00a0 con medici dipendenti; entrambi le tipologie di figure professionali\u00a0 garantiscono specifiche prestazioni ambulatoriali relative a\u00a0 n\u00b0 15 branche specialistiche. Detta attivit\u00e0 gi\u00e0 garantisce in parte ed, in seguito,\u00a0\u00a0 garantir\u00e0 ancor pi\u00f9 gli\u00a0 specifici percorsi assistenziali\u00a0 dedicati alla prevenzione, diagnosi, cura e gestione delle principali patologie croniche \u2013 con il coinvolgimento di tutti i professionisti interessati &#8211; in forma integrata conla Medicina Generale, anche per gli ambiti dell\u2019assistenza domiciliare;<\/p>\n<p>&#8211;\u00a0<strong>Ambulatorio Infermieristico<\/strong>, si tratta di funzioni gestite da personale infermieristico che, nell\u2019ambito delle proprie competenze professionali, assume un ruolo non solo prestazionale ma, soprattutto, in forte integrazione con gli altri professionisti della salute, di care management e di case management, dalla gestione di un singolo processo di cura fino alla piena presa in carico di situazioni pi\u00f9 complesse;<\/p>\n<p>&#8211;\u00a0<strong>Diagnostica di base <\/strong>( radiologia e laboratorio analisi \/ punto prelievi );<\/p>\n<p>&#8211;\u00a0<strong>Continuit\u00e0 Assistenziale <\/strong>ex Guardia Medica, ( a copertura delle 12h notturne e 24h festive );<\/p>\n<p>&#8211;\u00a0<strong>Assistenza Domiciliare Integrata <\/strong>( <strong>ADI <\/strong>) in contiguit\u00e0\u00a0 con il PUA, con l\u2019obiettivo di facilitare la tempestivit\u00e0 della presa in carico.<\/p>\n<p>I <strong>moduli funzionali aggiuntivi, <\/strong>gi\u00e0 esistenti<strong> <\/strong>\u00a0presso il Distretto 5, sono di seguito specificati :<\/p>\n<p>&#8211;\u00a0<strong>Forme di aggregazione dei MMG e PLS<\/strong>, ovvero aggregazioni funzionali territoriali gi\u00e0 esistenti nel territorio del Distretto 5, quali Unit\u00e0\u00a0 di Cure Primarie ;<\/p>\n<p>&#8211;\u00a0<strong>Distribuzione di farmaci ed erogazione di Presidi ed Ausili<\/strong>, a servizio dell\u2019ADI, dei moduli residenziali o di degenza presenti nella struttura, collegata al servizio farmaceutico aziendale, alle Farmacie del territorio ed ai servizi di medicina legale;<\/p>\n<p>&#8211;\u00a0<strong>Punto Prelievi<\/strong>, attivit\u00e0\u00a0 garantita da personale dipendente\u00a0 in carico al Presidio Ospedaliero Sud;<\/p>\n<p>&#8211; I<strong> moduli funzionali caratterizzanti<\/strong> , in parte gi\u00e0 operativi presso l\u2019ospedale distrettuale \u201c<em>Luigi Di Liegro<\/em>\u201d di Gaeta, sono:<\/p>\n<p>&#8211;\u00a0<strong>l\u2019Unit\u00e0 di Degenza Infermieristica<\/strong> \u00e8\u00a0 in fase di organizzazione e sar\u00e0 situata al 3\u00b0 Piano dell\u2019ospedale di Gaeta. Detta Unit\u00e0 \u00e8 dedicata ai pazienti affetti da patologie cronico-degenerative in fase post-acuta e in progressiva stabilizzazione o in fase di parziale riacutizzazione, caratterizzati da relativa stabilit\u00e0 clinica, comportanti il monitoraggio permanente in regime residenziale ( ad esempio modificazione della terapia, fasi di scompenso non grave, fase post-dimissione in assenza di possibilit\u00e0 temporanea di adeguato supporto domiciliare). Il ricovero \u00e8\u00a0 garantito per un periodo di tempo massimo di 15 &#8211; 20 giorni con presenza h 24 di personale di assistenza infermieristica e assistenza medica prestata dai Medici di Medicina Generale.<\/p>\n<p>&#8211;\u00a0<strong>Modulo Emergenza di tipo \u201cB\u201d, <\/strong>con un <strong>Punto di Primo Intervento <\/strong>( <strong>PPI <\/strong>), gi\u00e0 operativo presso l\u2019ospedale distrettuale \u201c<em>Luigi Di Liegro<\/em>\u201d di Gaeta, ed \u00e8 organizzato a copertura delle 24 H con assistenza prestata da medici ospedalieri; il Modulo prevede la presenza di una <strong>Postazione<\/strong> <strong>118, <\/strong>gi\u00e0 esistente<strong>.<\/strong><\/p>\n<p>I <strong>Moduli funzionali\u00a0 residenziali e sociali<\/strong> risultano gi\u00e0 operativi presso l\u2019ospedale di Gaeta e sono a gestione diretta dell\u2019Unit\u00e0 Operativa Complessa del Presidio Ospedaliero Sud ed in collegamento funzionale con il \u201cDono Svizzero\u201d di Formia:<\/p>\n<p><strong>&#8211; Day Surgery Polispecialistico <\/strong><\/p>\n<p><strong>&#8211; Odontostomatologia<\/strong><\/p>\n<p><strong>&#8211; Day Service Oncologico<\/strong><\/p>\n<p>&#8211;\u00a0<strong>Riabilitazione Post-acuzie<\/strong><\/p>\n<p>&nbsp;<\/p>\n<p>Il Direttore<\/p>\n<p>Dott. Sergio Monforte<\/p>\n<p><a href=\"http:\/\/www.virtualcity3d.it\/dettaglioluogo.aspx?id=78&amp;ddvalue=6&amp;comune=Formia.db&amp;str=&amp;sferic=6330011_20090722_083011_625000_100158 \"><img loading=\"lazy\" decoding=\"async\" class=\"alignleft size-full wp-image-898\" title=\"Virtual_3D_86x86\" src=\"https:\/\/www.ulisseland.com\/journal\/wp-content\/uploads\/2012\/03\/Virtual_3D_86x86.png\" alt=\"\" width=\"86\" height=\"86\" srcset=\"https:\/\/www.ulisseland.com\/journal\/wp-content\/uploads\/2012\/03\/Virtual_3D_86x86.png 86w, https:\/\/www.ulisseland.com\/journal\/wp-content\/uploads\/2012\/03\/Virtual_3D_86x86-50x50.png 50w\" sizes=\"auto, (max-width: 86px) 100vw, 86px\" \/><\/a><\/p>\n","protected":false},"excerpt":{"rendered":"<p>Gli ultimi mesi del 2011 per il Distretto 5 sono stati mesi in cui \u00e8 stato definito e in gran parte concluso il processo di\u00a0\u00a0 trasformazione\u00a0 dell\u2019ospedale di Gaeta \u201cLuigi Di Liegro\u201d\u00a0 in ospedale distrettuale . Dalla scorsa estate, ovvero in un periodo di vacanza per la stragrande maggioranza degli italiani ed in un periodo<\/p>\n","protected":false},"author":1,"featured_media":0,"comment_status":"open","ping_status":"open","sticky":false,"template":"","format":"standard","meta":{"footnotes":""},"categories":[20,11],"tags":[],"class_list":["post-1304","post","type-post","status-publish","format-standard","hentry","category-comune-di-gaeta","category-enti"],"_links":{"self":[{"href":"https:\/\/www.ulisseland.com\/journal\/wp-json\/wp\/v2\/posts\/1304","targetHints":{"allow":["GET"]}}],"collection":[{"href":"https:\/\/www.ulisseland.com\/journal\/wp-json\/wp\/v2\/posts"}],"about":[{"href":"https:\/\/www.ulisseland.com\/journal\/wp-json\/wp\/v2\/types\/post"}],"author":[{"embeddable":true,"href":"https:\/\/www.ulisseland.com\/journal\/wp-json\/wp\/v2\/users\/1"}],"replies":[{"embeddable":true,"href":"https:\/\/www.ulisseland.com\/journal\/wp-json\/wp\/v2\/comments?post=1304"}],"version-history":[{"count":4,"href":"https:\/\/www.ulisseland.com\/journal\/wp-json\/wp\/v2\/posts\/1304\/revisions"}],"predecessor-version":[{"id":1309,"href":"https:\/\/www.ulisseland.com\/journal\/wp-json\/wp\/v2\/posts\/1304\/revisions\/1309"}],"wp:attachment":[{"href":"https:\/\/www.ulisseland.com\/journal\/wp-json\/wp\/v2\/media?parent=1304"}],"wp:term":[{"taxonomy":"category","embeddable":true,"href":"https:\/\/www.ulisseland.com\/journal\/wp-json\/wp\/v2\/categories?post=1304"},{"taxonomy":"post_tag","embeddable":true,"href":"https:\/\/www.ulisseland.com\/journal\/wp-json\/wp\/v2\/tags?post=1304"}],"curies":[{"name":"wp","href":"https:\/\/api.w.org\/{rel}","templated":true}]}}