{"id":1290,"date":"2012-04-12T07:38:11","date_gmt":"2012-04-12T07:38:11","guid":{"rendered":"http:\/\/www.ulisseland.com\/journal\/?p=1290&#038;lang=it"},"modified":"2012-04-12T07:40:30","modified_gmt":"2012-04-12T07:40:30","slug":"formia-il-sindaco-forte-parla-della-vicenda-dellex-pastificio-paone-e-dellintervento-di-riqualificazione-in-piazza-paone","status":"publish","type":"post","link":"https:\/\/www.ulisseland.com\/journal\/formia-il-sindaco-forte-parla-della-vicenda-dellex-pastificio-paone-e-dellintervento-di-riqualificazione-in-piazza-paone\/","title":{"rendered":"Formia: il Sindaco Forte parla della vicenda dell\u2019ex pastificio Paone e dell\u2019intervento di riqualificazione in piazza Paone."},"content":{"rendered":"<p>Il sindaco di Formia, Michele Forte, \u00e8 intervenuto sul recente dissequestro dell\u2019ex pastificio Paone, deciso dal Tribunale del Riesame di Latina.<\/p>\n<p>&#8220;Prendo atto con soddisfazione che il Tribunale del Riesame ha deciso il dissequestro dell\u2019ex pastificio. Un atto che consente ad un\u2019azienda storica di Formia di riprendere la sua attivit\u00e0 e garantire la continuit\u00e0 di lavoro a tanti dipendenti che svolgono la propria attivit\u00e0 all\u2019interno di quella struttura produttiva. Il sequestro rischiava di mettere in crisi un marchio conosciuto nel mondo con pesanti ricadute economiche sull\u2019intero sistema commerciale e produttivo. Quel progetto di riqualificazione era stato avviato con un\u2019istruttoria dalla precedente amministrazione di centrosinistra. Sulla vicenda ho avuto il massimo rispetto per l\u2019operato della magistratura, ritenendo di non intervenire e interferire. Stiamo parlando di un\u2019azienda che ha fatto la storia di questa citt\u00e0 e che soprattutto ha dato lavoro a tante famiglie. La politica in questo caso non deve entrare, bisogna solo guardare all\u2019interesse e all\u2019economia di una delle poche industrie che produce e fattura sul territorio. A me interessa l\u2019imprenditore Stefano Paone non il politico, l\u2019inizio del suo progetto era stato accompagnato anche dalla sua candidatura nella coalizione dell\u2019ex sindaco Bartolomeo. Questi aspetti non mi interessano, in questa storia conta solo il lavoro e l\u2019economia di un\u2019impresa in momenti di forte crisi di mercato e di competitivit\u00e0. Un sindaco deve guardare e difendere lo sviluppo e la capacit\u00e0 di fare impresa evitando perdita di posti di lavoro, cancellazione di aziende e danni economici ad un patrimonio che rappresenta una risorsa per questo territorio&#8221;.<\/p>\n<p>Altro tema affrontato dal sindaco ha riguardato i lavori in via di completamento su piazza Paone: \u201cabbiamo saputo attrezzare e riqualificare un ambiente \u2013 ha detto Michele Forte &#8211; riuscendo a valorizzare le parti storiche dei luoghi, l\u2019arredo, la fruibilit\u00e0, i percorsi, le aree di intrattenimento, la pavimentazione, le luci, i servizi. Un insieme di miglioramenti nel cuore antico della citt\u00e0. Il riferimento alla nuova piazza Paone costituisce un modello di\u00a0 progresso ed arricchimento sociale e culturale su cui dobbiamo tutti riflettere\u201d.<\/p>\n<p>E\u2019 la migliore risposta in termine di sviluppo e di economia di un territorio che dal punto di vista urbano realizza una sua crescita, qualifica le attivit\u00e0 produttive e commerciali, eleva gli standard di vivibilit\u00e0, coniuga il passato al futuro, distribuisce opportunit\u00e0 e risorse con il fine di potenziare l\u2019offerta turistica e dei servizi.<\/p>\n<p>&nbsp;<\/p>\n<p>Il Direttore<\/p>\n<p>Dott. Sergio Monforte<\/p>\n<p><a href=\"http:\/\/www.virtualcity3d.it\/dettaglioluogo.aspx?id=33&amp;ddvalue=6&amp;comune=Formia.db&amp;str=comune&amp;sferic=6330011_20090722_155301_093750_32565\"><img loading=\"lazy\" decoding=\"async\" class=\"alignleft size-full wp-image-718\" title=\"Formia Virtual City 3D\" src=\"https:\/\/www.ulisseland.com\/journal\/wp-content\/uploads\/2012\/03\/Formia_86x86.png\" alt=\"\" width=\"86\" height=\"86\" srcset=\"https:\/\/www.ulisseland.com\/journal\/wp-content\/uploads\/2012\/03\/Formia_86x86.png 86w, https:\/\/www.ulisseland.com\/journal\/wp-content\/uploads\/2012\/03\/Formia_86x86-50x50.png 50w\" sizes=\"auto, (max-width: 86px) 100vw, 86px\" \/><\/a><\/p>\n","protected":false},"excerpt":{"rendered":"<p>Il sindaco di Formia, Michele Forte, \u00e8 intervenuto sul recente dissequestro dell\u2019ex pastificio Paone, deciso dal Tribunale del Riesame di Latina. &#8220;Prendo atto con soddisfazione che il Tribunale del Riesame ha deciso il dissequestro dell\u2019ex pastificio. Un atto che consente ad un\u2019azienda storica di Formia di riprendere la sua attivit\u00e0 e garantire la continuit\u00e0 di<\/p>\n","protected":false},"author":1,"featured_media":0,"comment_status":"open","ping_status":"open","sticky":false,"template":"","format":"standard","meta":{"footnotes":""},"categories":[14,11],"tags":[],"class_list":["post-1290","post","type-post","status-publish","format-standard","hentry","category-comune-di-formia","category-enti"],"_links":{"self":[{"href":"https:\/\/www.ulisseland.com\/journal\/wp-json\/wp\/v2\/posts\/1290","targetHints":{"allow":["GET"]}}],"collection":[{"href":"https:\/\/www.ulisseland.com\/journal\/wp-json\/wp\/v2\/posts"}],"about":[{"href":"https:\/\/www.ulisseland.com\/journal\/wp-json\/wp\/v2\/types\/post"}],"author":[{"embeddable":true,"href":"https:\/\/www.ulisseland.com\/journal\/wp-json\/wp\/v2\/users\/1"}],"replies":[{"embeddable":true,"href":"https:\/\/www.ulisseland.com\/journal\/wp-json\/wp\/v2\/comments?post=1290"}],"version-history":[{"count":4,"href":"https:\/\/www.ulisseland.com\/journal\/wp-json\/wp\/v2\/posts\/1290\/revisions"}],"predecessor-version":[{"id":1292,"href":"https:\/\/www.ulisseland.com\/journal\/wp-json\/wp\/v2\/posts\/1290\/revisions\/1292"}],"wp:attachment":[{"href":"https:\/\/www.ulisseland.com\/journal\/wp-json\/wp\/v2\/media?parent=1290"}],"wp:term":[{"taxonomy":"category","embeddable":true,"href":"https:\/\/www.ulisseland.com\/journal\/wp-json\/wp\/v2\/categories?post=1290"},{"taxonomy":"post_tag","embeddable":true,"href":"https:\/\/www.ulisseland.com\/journal\/wp-json\/wp\/v2\/tags?post=1290"}],"curies":[{"name":"wp","href":"https:\/\/api.w.org\/{rel}","templated":true}]}}