{"id":1203,"date":"2012-04-05T09:33:59","date_gmt":"2012-04-05T09:33:59","guid":{"rendered":"http:\/\/www.ulisseland.com\/journal\/?p=1203&#038;lang=it"},"modified":"2012-04-05T10:19:56","modified_gmt":"2012-04-05T10:19:56","slug":"formia-costituito-il-comitato-archi-farano-per-la-tutela-ambientale","status":"publish","type":"post","link":"https:\/\/www.ulisseland.com\/journal\/formia-costituito-il-comitato-archi-farano-per-la-tutela-ambientale\/","title":{"rendered":"FORMIA: COSTITUITO IL COMITATO \u201cARCHI &#8211; FARANO\u201d PER LA TUTELA AMBIENTALE."},"content":{"rendered":"<p><a href=\"https:\/\/www.ulisseland.com\/journal\/wp-content\/uploads\/2012\/04\/COMITATO-ARCHI-FARANO.jpg\"><img loading=\"lazy\" decoding=\"async\" class=\"alignleft  wp-image-1211\" title=\"COMITATO-ARCHI-FARANO\" src=\"https:\/\/www.ulisseland.com\/journal\/wp-content\/uploads\/2012\/04\/COMITATO-ARCHI-FARANO.jpg\" alt=\"\" width=\"144\" height=\"106\" \/><\/a>Il giorno 31 marzo 2012 a Formia, presso l\u2019hotel Kora Park, si \u00e8 costituito il <strong>Comitato Archi &#8211; Farano<\/strong>, con lo scopo di prendere tutte le iniziative necessarie ad evitare la localizzazione di un nuovo cimitero monumentale in localit\u00e0 Archi e del nuovo Policlinico del Golfo in localit\u00e0 Farano &#8211; Mamurrano.<\/p>\n<p>Come soci fondatori, hanno aderito al Comitato numerosi agricoltori che coltivano gli uliveti nelle due zone, ai quali si sono aggiunti cittadini sensibili al danno paesaggistico, ambientale e produttivo che deriver\u00e0 dalle due scelte.<\/p>\n<p><a href=\"https:\/\/www.ulisseland.com\/journal\/wp-content\/uploads\/2012\/04\/COMITATO-ARCHI-FARANO02-e1333617854641.jpg\"><img loading=\"lazy\" decoding=\"async\" class=\"alignright  wp-image-1212\" title=\"COMITATO-ARCHI-FARANO02\" src=\"https:\/\/www.ulisseland.com\/journal\/wp-content\/uploads\/2012\/04\/COMITATO-ARCHI-FARANO02-e1333617854641.jpg\" alt=\"\" width=\"158\" height=\"114\" \/><\/a>Le due opere sono gi\u00e0 state inserite nella proposta di variante generale al Piano Regolatore del Comune di Formia in corso di redazione da parte del Prof. Arch. Franco Purini, ma destano perplessit\u00e0 enormi e la loro localizzazione non rappresenta una soluzione efficiente alla carenza di loculi a Formia o di servizi ospedalieri\u00a0 per il Golfo di Gaeta ed il suo entroterra.<\/p>\n<p>Il Comitato ritiene che la localizzazione delle due opere non corrisponde ad una seria ed efficiente programmazione fatta nell\u2019interesse della popolazione.<\/p>\n<p>La realizzazione di nuovi spazi sepolcrali e di un nuovo Policlinico \u00e8 comunque urgente per la nostra comunit\u00e0, ma esistono soluzioni di gran lunga migliori, sotto ogni profilo.<\/p>\n<p>Per il nuovo Policlinico del Golfo c\u2019\u00e8 l\u2019area ex Enaoli:<\/p>\n<ul>\n<li>gi\u00e0 assegnata alla Regione Lazio per tale scopo;<\/li>\n<li>gi\u00e0 oggetto di importanti valutazioni progettuali conseguenti ad uno specifico concorso internazionale di idee (costato 300.000 euro) sulla base del quale sono stati scelti e premiati quattro progetti (<em>come quelli delle figure che seguono<\/em>);<\/li>\n<\/ul>\n<table border=\"0\" cellspacing=\"0\" cellpadding=\"0\" align=\"center\">\n<tbody>\n<tr>\n<td style=\"text-align: center;\" valign=\"top\" width=\"326\">\u00a0<a href=\"https:\/\/www.ulisseland.com\/journal\/wp-content\/uploads\/2012\/04\/formia4.jpg\"><img loading=\"lazy\" decoding=\"async\" class=\"aligncenter  wp-image-1206\" title=\"formia4\" src=\"https:\/\/www.ulisseland.com\/journal\/wp-content\/uploads\/2012\/04\/formia4.jpg\" alt=\"\" width=\"212\" height=\"145\" \/><\/a><\/td>\n<td style=\"text-align: center;\" valign=\"top\" width=\"326\">\u00a0<a href=\"https:\/\/www.ulisseland.com\/journal\/wp-content\/uploads\/2012\/04\/formia3.jpg\"><img loading=\"lazy\" decoding=\"async\" class=\"aligncenter  wp-image-1207\" title=\"formia3\" src=\"https:\/\/www.ulisseland.com\/journal\/wp-content\/uploads\/2012\/04\/formia3.jpg\" alt=\"\" width=\"221\" height=\"145\" \/><\/a><\/td>\n<\/tr>\n<\/tbody>\n<\/table>\n<ul>\n<li>gi\u00e0 urbanizzata, con adeguata viabilit\u00e0 intorno a tutto il suo perimetro, inoltre confinante con la linea ferroviaria Roma-Napoli a sud (possibilit\u00e0 di scalo ferroviario) e con la variante Appia a nord.<\/li>\n<\/ul>\n<div><span style=\"color: #333333; font-family: 'Helvetica Neue', Helvetica, Arial, 'Nimbus Sans L', sans-serif;\"><span style=\"font-size: 12px; line-height: 20px;\"><br \/>\n<\/span><\/span><\/div>\n<p>Il sindaco Michele Forte invece ha giudicato il sito non idoneo adducendo motivazioni inesistenti o inconsistenti come una presunta umidit\u00e0 dell\u2019area e la vicinanza del depuratore. Stranamente per\u00f2 lo stesso sindaco non ha considerato tali presunti limiti quando ha promosso lo stesso sito per la realizzazione di un villaggio olimpico della vela, nell\u2019ambito della candidatura di Roma alle olimpiadi del 2020 poi ritirata dal governo Monti. Il quell\u2019occasione il sindaco ha invece addotto a sostegno della scelta tutte le motivazioni che rendono il sito ideale per il Policlinico.<\/p>\n<p>Quanto alla realizzazione di nuovi spazi sepolcrali, c\u2019\u00e8 gi\u00e0 un aggiornamento al Piano Regolatore Cimiteriale redatto dallo studio dell\u2019ing. Chiota su incarico dello stesso Comune, per coprire il fabbisogno fino al 2041 con l\u2019ampliamento dei tre cimiteri esistenti (Castagneto, Maranola, Castellonorato) e, in una prima versione approvata dalla commissione congiunta OOPP\/Urbanistica, con un piccolo nuovo cimitero in area incolta e inutilizzata a Penitro. Questo piano confermava la tradizionale propensione ad una localizzazione cimiteriale policentrica che soddisfaceva la richiesta di nuovi spazi sepolcrali.<\/p>\n<p>Ignorando lo studio dell\u2019Ing. Chiota (e le spese affrontate), il sindaco Michele Forte ha voluto imporre il nuovo cimitero monumentale agli Archi, al posto degli uliveti e di una pineta sulle pendici della collina di Campese. Un cambio di direzione, che sta ritardando l\u2019approvazione definitiva dell\u2019ampliamento dei cimiteri esistenti, motivato con argomentazioni sterili ed inconsistenti tipo \u201c<em>gli ampliamenti vengono molto male<\/em>\u201d oppure \u201c<em>gli ampliamenti tolgono valore alla memoria<\/em>\u201d.<\/p>\n<p style=\"text-align: center;\"><em><a href=\"https:\/\/www.ulisseland.com\/journal\/wp-content\/uploads\/2012\/04\/formia2.jpg\"><img loading=\"lazy\" decoding=\"async\" class=\"aligncenter  wp-image-1208\" title=\"formia2\" src=\"https:\/\/www.ulisseland.com\/journal\/wp-content\/uploads\/2012\/04\/formia2.jpg\" alt=\"\" width=\"405\" height=\"304\" \/><\/a>(il progetto del nuovo cimitero monumentale e gli uliveti che ne sarebbero devastati)<\/em><\/p>\n<p>La realizzazione del cimitero monumentale agli Archi devasterebbe, compromettendola per sempre, un\u2019area a vocazione agricola tra le pi\u00f9 belle di Formia, gi\u00e0 inserita in un programma di sviluppo economico agricolo da integrare eventualmente con molteplici attivit\u00e0 compatibili con le produzioni olivicole di qualit\u00e0 che la caratterizzano.<\/p>\n<p style=\"text-align: center;\"><a href=\"https:\/\/www.ulisseland.com\/journal\/wp-content\/uploads\/2012\/04\/formia-e1333617714658.jpg\"><img loading=\"lazy\" decoding=\"async\" class=\"aligncenter  wp-image-1209\" title=\"formia\" src=\"https:\/\/www.ulisseland.com\/journal\/wp-content\/uploads\/2012\/04\/formia-e1333617714658.jpg\" alt=\"\" width=\"406\" height=\"271\" \/><\/a><\/p>\n<p>Il Comitato quindi intende proseguire con rinnovato slancio la lotta gi\u00e0 intrapresa dai singoli agricoltori che si sentono vessati da scelte assurde, inopportune e dannose per il territorio. Rappresentando questi agricoltori, e tutti i cittadini sensibili al problema, il Comitato Archi &#8211; Farano si porr\u00e0 come organismo interlocutore col Comune di Formia per promuovere alternative pi\u00f9 valide.<\/p>\n<p>Il Direttore<\/p>\n<p>Dott. Sergio Monforte<\/p>\n","protected":false},"excerpt":{"rendered":"<p>Il giorno 31 marzo 2012 a Formia, presso l\u2019hotel Kora Park, si \u00e8 costituito il Comitato Archi &#8211; Farano, con lo scopo di prendere tutte le iniziative necessarie ad evitare la localizzazione di un nuovo cimitero monumentale in localit\u00e0 Archi e del nuovo Policlinico del Golfo in localit\u00e0 Farano &#8211; Mamurrano. Come soci fondatori, hanno<\/p>\n","protected":false},"author":1,"featured_media":0,"comment_status":"open","ping_status":"open","sticky":false,"template":"","format":"standard","meta":{"footnotes":""},"categories":[14,11],"tags":[],"class_list":["post-1203","post","type-post","status-publish","format-standard","hentry","category-comune-di-formia","category-enti"],"_links":{"self":[{"href":"https:\/\/www.ulisseland.com\/journal\/wp-json\/wp\/v2\/posts\/1203","targetHints":{"allow":["GET"]}}],"collection":[{"href":"https:\/\/www.ulisseland.com\/journal\/wp-json\/wp\/v2\/posts"}],"about":[{"href":"https:\/\/www.ulisseland.com\/journal\/wp-json\/wp\/v2\/types\/post"}],"author":[{"embeddable":true,"href":"https:\/\/www.ulisseland.com\/journal\/wp-json\/wp\/v2\/users\/1"}],"replies":[{"embeddable":true,"href":"https:\/\/www.ulisseland.com\/journal\/wp-json\/wp\/v2\/comments?post=1203"}],"version-history":[{"count":18,"href":"https:\/\/www.ulisseland.com\/journal\/wp-json\/wp\/v2\/posts\/1203\/revisions"}],"predecessor-version":[{"id":1224,"href":"https:\/\/www.ulisseland.com\/journal\/wp-json\/wp\/v2\/posts\/1203\/revisions\/1224"}],"wp:attachment":[{"href":"https:\/\/www.ulisseland.com\/journal\/wp-json\/wp\/v2\/media?parent=1203"}],"wp:term":[{"taxonomy":"category","embeddable":true,"href":"https:\/\/www.ulisseland.com\/journal\/wp-json\/wp\/v2\/categories?post=1203"},{"taxonomy":"post_tag","embeddable":true,"href":"https:\/\/www.ulisseland.com\/journal\/wp-json\/wp\/v2\/tags?post=1203"}],"curies":[{"name":"wp","href":"https:\/\/api.w.org\/{rel}","templated":true}]}}