{"id":1148,"date":"2012-04-02T13:11:10","date_gmt":"2012-04-02T13:11:10","guid":{"rendered":"http:\/\/www.ulisseland.com\/journal\/?p=1148&#038;lang=it"},"modified":"2012-04-12T08:54:22","modified_gmt":"2012-04-12T08:54:22","slug":"formia-sequestrata-megavilla-nel-porticciolo-di-caposele-per-abusi-edilizi-sullarea-archeologica-intervenuti-carabinieri-e-guardia-di-finanza-di-formia","status":"publish","type":"post","link":"https:\/\/www.ulisseland.com\/journal\/formia-sequestrata-megavilla-nel-porticciolo-di-caposele-per-abusi-edilizi-sullarea-archeologica-intervenuti-carabinieri-e-guardia-di-finanza-di-formia\/","title":{"rendered":"FORMIA: Sequestrata megavilla nel porticciolo di Caposele, per abusi edilizi sull\u2019area archeologica. Intervenuti Carabinieri e Guardia di Finanza di Formia."},"content":{"rendered":"<p><a href=\"https:\/\/www.ulisseland.com\/journal\/wp-content\/uploads\/2012\/04\/Villa-sequestrata2-e1333370329213.jpg\"><img loading=\"lazy\" decoding=\"async\" class=\"alignleft size-full wp-image-1147\" title=\"Villa sequestrata2\" src=\"https:\/\/www.ulisseland.com\/journal\/wp-content\/uploads\/2012\/04\/Villa-sequestrata2-e1333370329213.jpg\" alt=\"\" width=\"224\" height=\"168\" \/><\/a>Da qualche settimana gli uomini del Gruppo della Guardia di Finanza di Formia, unitamente ai Carabinieri della locale Stazione, avevano puntato l&#8217;attenzione sullo strano andirivieni di persone che entravano ed uscivano da una villa ubicata nei pressi del caratteristico porticciolo di Caposele, presa in affitto dalla compagna di un quarantenne di Minturno che stava scontando gli arresti domiciliari su disposizione del Tribunale di Roma.<\/p>\n<p>La coppia per\u00f2 aveva deciso di trasformare la dimora in un resort di lusso: mobili high-tech e finiture di pregio, televisori ultrapiatti, un sofisticato sistema di videosorveglianza nonch\u00e9 una piscina interrata sono solo alcuni degli elementi che hanno colpito i Finanzieri e i Carabinieri della stazione di Formia che si sono presentati alla porta della villetta per verificare la presenza dell&#8217;uomo e dare una risposta ai sospetti emersi nel corso dei servizi di osservazione.<\/p>\n<figure id=\"attachment_1155\" aria-describedby=\"caption-attachment-1155\" style=\"width: 85px\" class=\"wp-caption alignleft\"><a href=\"http:\/\/www.carabinieri.it\/Internet\/\"><img loading=\"lazy\" decoding=\"async\" class=\" wp-image-1155   \" title=\"saccone-pasquale\" src=\"https:\/\/www.ulisseland.com\/journal\/wp-content\/uploads\/2012\/04\/saccone-pasquale-e1333372153299.jpg\" alt=\"\" width=\"85\" height=\"158\" \/><\/a><figcaption id=\"caption-attachment-1155\" class=\"wp-caption-text\">Maggiore Pasquale Saccone<\/figcaption><\/figure>\n<figure id=\"attachment_1154\" aria-describedby=\"caption-attachment-1154\" style=\"width: 85px\" class=\"wp-caption alignright\"><a href=\"http:\/\/www.gdf.it\/reparti\/reparto.asp?idreparto=LT129&amp;idcomune=&amp;provincia=&amp;denominazione=&amp;catastale=\"><img loading=\"lazy\" decoding=\"async\" class=\" wp-image-1154 \" title=\"brioschi-luca\" src=\"https:\/\/www.ulisseland.com\/journal\/wp-content\/uploads\/2012\/04\/brioschi-luca-e1333372112880.jpg\" alt=\"\" width=\"85\" height=\"158\" \/><\/a><figcaption id=\"caption-attachment-1154\" class=\"wp-caption-text\">Maggiore Luca Brioschi<\/figcaption><\/figure>\n<p>Sin qui nulla di strano, se non che l&#8217;abitazione sorge proprio sopra un sistema di grotte risalenti all&#8217;epoca romana, con tanto di affreschi, che la coppia aveva deciso di &#8220;attrezzare&#8221; a magazzino per i materiali edili e trasformare in vere e proprie suite super lusso, grazie all&#8217;opera di una squadra di muratori senza scrupoli che,\u00a0 rigorosamente in nero e senza alcuna autorizzazione, hanno scavato, deturpato e violentato irrimediabilmente quegli ambienti antichi.<\/p>\n<p>Sul posto sono stati fatti intervenire funzionari del Comune di Formia che, dopo un primo sopralluogo dell&#8217;area, hanno constatato una serie di abusi edilizi ed hanno avviato approfonditi controlli per verificare la storia della propriet\u00e0 e dei lavori di ampliamento eseguiti nel tempo.<\/p>\n<p>Inoltre grazie all&#8217;apporto del Nucleo Tutela Ambientale dell&#8217;Arma dei Carabinieri \u00e8 stato possibile accertare la presenza di alcuni frammenti di anfore antiche che, insieme a materiale di risulta erano stati gettati in alcuni sacchi pronti per essere smaltiti senza alcun riguardo.<\/p>\n<p>Ora i reperti, custoditi presso gli uffici del Gruppo della Guardia di Finanza di Formia, saranno sottoposti ad approfonditi accertamenti a cura della Soprintendenza ai beni archeologici di Roma che, nei prossimi giorni, effettuer\u00e0 anche un sopralluogo del complesso sistema di grotte.<\/p>\n<p>Alla fine della giornata, la coppia di fidanzati \u00e8 stata denunciata alla Procura della Repubblica di Latina per abusivismo edilizio, nonch\u00e9 per danneggiamento e sottrazione di reperti archeologici.<\/p>\n<p>Inoltre la posizione dell&#8217;uomo \u00e8 stata segnalata al Tribunale di sorveglianza per le valutazioni di competenza. La posizione dei lavoratori ed eventuali ulteriori responsabilit\u00e0 saranno vagliate nei prossimi giorni. Il sito \u00e8 stato pertanto posto sotto sequestro e messo a disposizione dell&#8217;Autorit\u00e0 Giudiziaria pontina.<\/p>\n<p><span style=\"font-size: medium;\"><strong>Dichiarazione dell\u2019assessore all\u2019Urbanistica Benedetto Assaiante sull\u2019abuso edilizio a Caposele.<\/strong><\/span><\/p>\n<p><a href=\"https:\/\/www.ulisseland.com\/journal\/wp-content\/uploads\/2012\/04\/Villa-sequestrata1-e1333370278951.jpg\"><img loading=\"lazy\" decoding=\"async\" class=\"alignright  wp-image-1146\" title=\"Villa sequestrata1\" src=\"https:\/\/www.ulisseland.com\/journal\/wp-content\/uploads\/2012\/04\/Villa-sequestrata1-e1333370278951.jpg\" alt=\"\" width=\"161\" height=\"106\" \/><\/a>Sulla brillante operazione della Guardia di Finanza di Formia che ha portato alla luce un impressionate abuso edilizio in un\u2019area di rilevante interesse archeologico e pertanto sottoposta a specifici vincoli paesaggistici e ambientali, l\u2019assessore all\u2019urbanistica Benedetto Assaiante esprime piena soddisfazione e si complimenta con il gruppo operativo delle fiamme gialle ed il nucleo di tutela ambientale dell\u2019Arma dei Carabinieri.<\/p>\n<p><a href=\"https:\/\/www.ulisseland.com\/journal\/wp-content\/uploads\/2012\/04\/Villa-sequestrata-e1333370229724.jpg\"><img loading=\"lazy\" decoding=\"async\" class=\"alignleft size-full wp-image-1145\" title=\"Villa sequestrata\" src=\"https:\/\/www.ulisseland.com\/journal\/wp-content\/uploads\/2012\/04\/Villa-sequestrata-e1333370229724.jpg\" alt=\"\" width=\"224\" height=\"148\" \/><\/a>\u201cSi tratta di un sito collocato all\u2019interno della vasta area archeologica del porticciolo Caposele,\u00a0 confinante con i criptoportici acquisiti di\u00a0 recente al patrimonio comunale. Un consistente investimento da parte dell\u2019Ente all\u2019interno di in un prestigioso progetto\u00a0 di sviluppo e valorizzazione turistica dell\u2019intera zona di Caposele. Un disegno di recupero culturale ed ambientale sul filone storico e archeologico della marina di Caposele. L\u2019abuso sventato nella villetta situata sopra le grotte romane\u00a0 ha portato all\u2019immediato sequestro delle opere in corso e scongiurato un gravissimo danno al patrimonio artistico e paesaggistico\u00a0 di questa citt\u00e0\u201d.<\/p>\n<p>In quell\u2019ambito di territorio &#8211; aggiunge l\u2019assessore &#8211; stanno per partire anche i lavori per realizzare il Centro Federale Velico, una struttura sportiva nazionale concordata con il CONI per qualificare a valorizzare lo sport velico dell\u2019intero Golfo. I nostri progetti ed investimenti\u00a0 sull\u2019area hanno una valenza culturale, turistica e sportiva in un quadro di modernizzazione e tutela ambientale che prevede la nascita di un anfiteatro a mare e la ristrutturazione e messa in sicurezza del porticciolo di Caposele. Ben vengano quindi queste brillanti operazioni di contrasto all\u2019abusivismo a salvaguardia del valore paesaggistico dei luoghi e della ricchezza storica dei beni\u201d.<\/p>\n<p>Il Direttore<\/p>\n<p>Dott. Sergio Monforte<\/p>\n<p><a href=\"http:\/\/www.virtualcity3d.it\/dettaglioluogo.aspx?id=84&amp;dbdd=1&amp;comune=formia.db&amp;sferic=6330011_20090722_080437_531250_55086\"><img loading=\"lazy\" decoding=\"async\" class=\"alignleft size-full wp-image-718\" title=\"Formia Virtual City 3D\" src=\"https:\/\/www.ulisseland.com\/journal\/wp-content\/uploads\/2012\/03\/Formia_86x86.png\" alt=\"\" width=\"86\" height=\"86\" srcset=\"https:\/\/www.ulisseland.com\/journal\/wp-content\/uploads\/2012\/03\/Formia_86x86.png 86w, https:\/\/www.ulisseland.com\/journal\/wp-content\/uploads\/2012\/03\/Formia_86x86-50x50.png 50w\" sizes=\"auto, (max-width: 86px) 100vw, 86px\" \/><\/a><\/p>\n","protected":false},"excerpt":{"rendered":"<p>Da qualche settimana gli uomini del Gruppo della Guardia di Finanza di Formia, unitamente ai Carabinieri della locale Stazione, avevano puntato l&#8217;attenzione sullo strano andirivieni di persone che entravano ed uscivano da una villa ubicata nei pressi del caratteristico porticciolo di Caposele, presa in affitto dalla compagna di un quarantenne di Minturno che stava scontando<\/p>\n","protected":false},"author":1,"featured_media":0,"comment_status":"open","ping_status":"open","sticky":false,"template":"","format":"standard","meta":{"footnotes":""},"categories":[14,11],"tags":[],"class_list":["post-1148","post","type-post","status-publish","format-standard","hentry","category-comune-di-formia","category-enti"],"_links":{"self":[{"href":"https:\/\/www.ulisseland.com\/journal\/wp-json\/wp\/v2\/posts\/1148","targetHints":{"allow":["GET"]}}],"collection":[{"href":"https:\/\/www.ulisseland.com\/journal\/wp-json\/wp\/v2\/posts"}],"about":[{"href":"https:\/\/www.ulisseland.com\/journal\/wp-json\/wp\/v2\/types\/post"}],"author":[{"embeddable":true,"href":"https:\/\/www.ulisseland.com\/journal\/wp-json\/wp\/v2\/users\/1"}],"replies":[{"embeddable":true,"href":"https:\/\/www.ulisseland.com\/journal\/wp-json\/wp\/v2\/comments?post=1148"}],"version-history":[{"count":16,"href":"https:\/\/www.ulisseland.com\/journal\/wp-json\/wp\/v2\/posts\/1148\/revisions"}],"predecessor-version":[{"id":1158,"href":"https:\/\/www.ulisseland.com\/journal\/wp-json\/wp\/v2\/posts\/1148\/revisions\/1158"}],"wp:attachment":[{"href":"https:\/\/www.ulisseland.com\/journal\/wp-json\/wp\/v2\/media?parent=1148"}],"wp:term":[{"taxonomy":"category","embeddable":true,"href":"https:\/\/www.ulisseland.com\/journal\/wp-json\/wp\/v2\/categories?post=1148"},{"taxonomy":"post_tag","embeddable":true,"href":"https:\/\/www.ulisseland.com\/journal\/wp-json\/wp\/v2\/tags?post=1148"}],"curies":[{"name":"wp","href":"https:\/\/api.w.org\/{rel}","templated":true}]}}